{"id":362961,"date":"2025-08-08T16:00:00","date_gmt":"2025-08-08T19:00:00","guid":{"rendered":"https:\/\/jundiai.sp.gov.br\/noticias\/?p=362961"},"modified":"2025-08-08T12:34:20","modified_gmt":"2025-08-08T15:34:20","slug":"sabores-da-gente-garante-neste-sabado-09-mais-uma-edicao-cheia-de-delicias-aromas-sabores-e-producao-artesanal","status":"publish","type":"post","link":"https:\/\/jundiai.sp.gov.br\/noticias\/2025\/08\/08\/sabores-da-gente-garante-neste-sabado-09-mais-uma-edicao-cheia-de-delicias-aromas-sabores-e-producao-artesanal\/","title":{"rendered":"\u2018Sabores da Gente\u2019 garante neste s\u00e1bado (09) mais uma edi\u00e7\u00e3o cheia de del\u00edcias, aromas, sabores e produ\u00e7\u00e3o artesanal"},"content":{"rendered":"\n<p>Para a 3\u00aa edi\u00e7\u00e3o do \u201cSabores da Gente\u201d, programado para este s\u00e1bado (09), das 13h \u00e0s 19h, no Espa\u00e7o Expressa, os visitantes poder\u00e3o prestigiar, experimentar e levar para casa o melhor da produ\u00e7\u00e3o local em diversos segmentos, representados por cerca de 65 expositores j\u00e1 confirmados.<\/p>\n\n\n\n<p>Lan\u00e7ado este ano pela Unidade de Gest\u00e3o de Agroneg\u00f3cio, Abastecimento e Turismo (UGAAT) da Prefeitura, o \u201cSabores da Gente\u201d re\u00fane \u00e0 disposi\u00e7\u00e3o dos consumidores diretos as diversas frentes da Unidade, como produtores rurais de frutas, verduras, legumes e hort\u00edcolas variadas; permission\u00e1rios das feiras livres e varej\u00f5es municipais; food trucks de gastronomia artesanal, com salgados, doces e bebidas; al\u00e9m dos artes\u00e3os do programa Jundia\u00ed feito \u00e0 M\u00e3o e dos empreendedores das <a href=\"https:\/\/rotasturisticas.jundiai.sp.gov.br\/\" target=\"_blank\" rel=\"noreferrer noopener\">Rotas Tur\u00edsticas municipais<\/a> \u2013 nesta edi\u00e7\u00e3o, as Rotas Afro, do Castanho, da Cerveja Artesanal, do Centro Hist\u00f3rico, dos Sabores, da Uva e do Vinho.<\/p>\n\n\n\n<p>Al\u00e9m das frutas, verduras e legumes diretamente dos produtores da regi\u00e3o, tamb\u00e9m poder\u00e3o ser encontrados outros produtos naturais e derivados, como mel, queijos artesanais, mandioca, iogurtes e doce de leite.<\/p>\n\n\n\n<figure class=\"wp-block-gallery has-nested-images columns-default is-cropped wp-block-gallery-1 is-layout-flex wp-block-gallery-is-layout-flex\">\n<figure class=\"wp-block-image size-large\"><img loading=\"lazy\" decoding=\"async\" width=\"1280\" height=\"854\" data-id=\"362971\" src=\"https:\/\/jundiai.sp.gov.br\/noticias\/wp-content\/uploads\/sites\/32\/2025\/08\/2_edicao_sabores_da_gente_v-84-1280x854.jpg\" alt=\"\" class=\"wp-image-362971\" srcset=\"https:\/\/jundiai.sp.gov.br\/noticias\/wp-content\/uploads\/sites\/32\/2025\/08\/2_edicao_sabores_da_gente_v-84-1280x854.jpg 1280w, https:\/\/jundiai.sp.gov.br\/noticias\/wp-content\/uploads\/sites\/32\/2025\/08\/2_edicao_sabores_da_gente_v-84-300x200.jpg 300w, https:\/\/jundiai.sp.gov.br\/noticias\/wp-content\/uploads\/sites\/32\/2025\/08\/2_edicao_sabores_da_gente_v-84-768x512.jpg 768w, https:\/\/jundiai.sp.gov.br\/noticias\/wp-content\/uploads\/sites\/32\/2025\/08\/2_edicao_sabores_da_gente_v-84-1536x1024.jpg 1536w, https:\/\/jundiai.sp.gov.br\/noticias\/wp-content\/uploads\/sites\/32\/2025\/08\/2_edicao_sabores_da_gente_v-84-450x300.jpg 450w, https:\/\/jundiai.sp.gov.br\/noticias\/wp-content\/uploads\/sites\/32\/2025\/08\/2_edicao_sabores_da_gente_v-84.jpg 1900w\" sizes=\"auto, (max-width: 1280px) 100vw, 1280px\" \/><\/figure>\n\n\n\n<figure class=\"wp-block-image size-large\"><img loading=\"lazy\" decoding=\"async\" width=\"1280\" height=\"854\" data-id=\"362970\" src=\"https:\/\/jundiai.sp.gov.br\/noticias\/wp-content\/uploads\/sites\/32\/2025\/08\/2_edicao_sabores_da_gente_v-76-1280x854.jpg\" alt=\"\" class=\"wp-image-362970\" srcset=\"https:\/\/jundiai.sp.gov.br\/noticias\/wp-content\/uploads\/sites\/32\/2025\/08\/2_edicao_sabores_da_gente_v-76-1280x854.jpg 1280w, https:\/\/jundiai.sp.gov.br\/noticias\/wp-content\/uploads\/sites\/32\/2025\/08\/2_edicao_sabores_da_gente_v-76-300x200.jpg 300w, https:\/\/jundiai.sp.gov.br\/noticias\/wp-content\/uploads\/sites\/32\/2025\/08\/2_edicao_sabores_da_gente_v-76-768x512.jpg 768w, https:\/\/jundiai.sp.gov.br\/noticias\/wp-content\/uploads\/sites\/32\/2025\/08\/2_edicao_sabores_da_gente_v-76-1536x1024.jpg 1536w, https:\/\/jundiai.sp.gov.br\/noticias\/wp-content\/uploads\/sites\/32\/2025\/08\/2_edicao_sabores_da_gente_v-76-450x300.jpg 450w, https:\/\/jundiai.sp.gov.br\/noticias\/wp-content\/uploads\/sites\/32\/2025\/08\/2_edicao_sabores_da_gente_v-76.jpg 1900w\" sizes=\"auto, (max-width: 1280px) 100vw, 1280px\" \/><\/figure>\n<figcaption class=\"blocks-gallery-caption wp-element-caption\">Frutas, verduras e legumes ser\u00e3o garantidos pelos produtores participantes <\/figcaption><\/figure>\n\n\n\n<p>J\u00e1 na se\u00e7\u00e3o da gastronomia, o visitante poder\u00e1 se deliciar com hamb\u00fargueres artesanais, batata frita e outras por\u00e7\u00f5es diversas, caldos quentes, foga\u00e7as, espetos e lanches de pernil e lingui\u00e7a, lanches texanos, pasteis, pizzas, quiches, crepes, acaraj\u00e9s e vatap\u00e1s.<\/p>\n\n\n\n<p>Outros produtos artesanais que marcar\u00e3o presen\u00e7a ser\u00e3o p\u00e3es de fermenta\u00e7\u00e3o natural e caseiros; p\u00e3es de uva, vinho e morango; rosca doce; crustoli tradicional e com canela; tortas; bolachas; al\u00e9m de geleias, conservas e antepastos.<\/p>\n\n\n\n<p>Entre as sobremesas que marcar\u00e3o presen\u00e7a estar\u00e3o os churros e churvetes, sorvetes, sorvete americano e \u201cgelato\u201d, a\u00e7a\u00ed, geladinho de a\u00e7a\u00ed, fondue, salada de frutas, raspadinha, palha italiana, chocolate, balas, ma\u00e7\u00e3 do amor gourmet, cocada e quebra queixo.<\/p>\n\n\n\n<figure class=\"wp-block-gallery has-nested-images columns-3 is-cropped wp-block-gallery-2 is-layout-flex wp-block-gallery-is-layout-flex\">\n<figure class=\"wp-block-image size-large\"><img loading=\"lazy\" decoding=\"async\" width=\"1280\" height=\"854\" data-id=\"362973\" src=\"https:\/\/jundiai.sp.gov.br\/noticias\/wp-content\/uploads\/sites\/32\/2025\/08\/2_edicao_sabores_da_gente_v-46-1280x854.jpg\" alt=\"\" class=\"wp-image-362973\" srcset=\"https:\/\/jundiai.sp.gov.br\/noticias\/wp-content\/uploads\/sites\/32\/2025\/08\/2_edicao_sabores_da_gente_v-46-1280x854.jpg 1280w, https:\/\/jundiai.sp.gov.br\/noticias\/wp-content\/uploads\/sites\/32\/2025\/08\/2_edicao_sabores_da_gente_v-46-300x200.jpg 300w, https:\/\/jundiai.sp.gov.br\/noticias\/wp-content\/uploads\/sites\/32\/2025\/08\/2_edicao_sabores_da_gente_v-46-768x512.jpg 768w, https:\/\/jundiai.sp.gov.br\/noticias\/wp-content\/uploads\/sites\/32\/2025\/08\/2_edicao_sabores_da_gente_v-46-1536x1024.jpg 1536w, https:\/\/jundiai.sp.gov.br\/noticias\/wp-content\/uploads\/sites\/32\/2025\/08\/2_edicao_sabores_da_gente_v-46-450x300.jpg 450w, https:\/\/jundiai.sp.gov.br\/noticias\/wp-content\/uploads\/sites\/32\/2025\/08\/2_edicao_sabores_da_gente_v-46.jpg 1900w\" sizes=\"auto, (max-width: 1280px) 100vw, 1280px\" \/><\/figure>\n\n\n\n<figure class=\"wp-block-image size-large\"><img loading=\"lazy\" decoding=\"async\" width=\"1280\" height=\"854\" data-id=\"362975\" src=\"https:\/\/jundiai.sp.gov.br\/noticias\/wp-content\/uploads\/sites\/32\/2025\/08\/2_edicao_sabores_da_gente_v-111-1280x854.jpg\" alt=\"\" class=\"wp-image-362975\" srcset=\"https:\/\/jundiai.sp.gov.br\/noticias\/wp-content\/uploads\/sites\/32\/2025\/08\/2_edicao_sabores_da_gente_v-111-1280x854.jpg 1280w, https:\/\/jundiai.sp.gov.br\/noticias\/wp-content\/uploads\/sites\/32\/2025\/08\/2_edicao_sabores_da_gente_v-111-300x200.jpg 300w, https:\/\/jundiai.sp.gov.br\/noticias\/wp-content\/uploads\/sites\/32\/2025\/08\/2_edicao_sabores_da_gente_v-111-768x512.jpg 768w, https:\/\/jundiai.sp.gov.br\/noticias\/wp-content\/uploads\/sites\/32\/2025\/08\/2_edicao_sabores_da_gente_v-111-1536x1024.jpg 1536w, https:\/\/jundiai.sp.gov.br\/noticias\/wp-content\/uploads\/sites\/32\/2025\/08\/2_edicao_sabores_da_gente_v-111-450x300.jpg 450w, https:\/\/jundiai.sp.gov.br\/noticias\/wp-content\/uploads\/sites\/32\/2025\/08\/2_edicao_sabores_da_gente_v-111.jpg 1900w\" sizes=\"auto, (max-width: 1280px) 100vw, 1280px\" \/><\/figure>\n\n\n\n<figure class=\"wp-block-image size-large\"><img loading=\"lazy\" decoding=\"async\" width=\"1280\" height=\"854\" data-id=\"362974\" src=\"https:\/\/jundiai.sp.gov.br\/noticias\/wp-content\/uploads\/sites\/32\/2025\/08\/2_edicao_sabores_da_gente_v-114-1280x854.jpg\" alt=\"\" class=\"wp-image-362974\" srcset=\"https:\/\/jundiai.sp.gov.br\/noticias\/wp-content\/uploads\/sites\/32\/2025\/08\/2_edicao_sabores_da_gente_v-114-1280x854.jpg 1280w, https:\/\/jundiai.sp.gov.br\/noticias\/wp-content\/uploads\/sites\/32\/2025\/08\/2_edicao_sabores_da_gente_v-114-300x200.jpg 300w, https:\/\/jundiai.sp.gov.br\/noticias\/wp-content\/uploads\/sites\/32\/2025\/08\/2_edicao_sabores_da_gente_v-114-768x512.jpg 768w, https:\/\/jundiai.sp.gov.br\/noticias\/wp-content\/uploads\/sites\/32\/2025\/08\/2_edicao_sabores_da_gente_v-114-1536x1024.jpg 1536w, https:\/\/jundiai.sp.gov.br\/noticias\/wp-content\/uploads\/sites\/32\/2025\/08\/2_edicao_sabores_da_gente_v-114-450x300.jpg 450w, https:\/\/jundiai.sp.gov.br\/noticias\/wp-content\/uploads\/sites\/32\/2025\/08\/2_edicao_sabores_da_gente_v-114.jpg 1900w\" sizes=\"auto, (max-width: 1280px) 100vw, 1280px\" \/><\/figure>\n<figcaption class=\"blocks-gallery-caption wp-element-caption\">Produtos artesanais e derivados tamb\u00e9m est\u00e3o garantidos <\/figcaption><\/figure>\n\n\n\n<p>J\u00e1 entre as bebidas, os expositores ir\u00e3o garantir refrigerantes, sucos naturais, \u00e1gua, caldo de cana, \u00e1gua de coco, caf\u00e9 e bebidas em geral, al\u00e9m de vinhos, cervejas, chopes e sidra artesanais, quent\u00e3o e vinho quente.<\/p>\n\n\n\n<p>No segmento dos itens para presentes, os visitantes poder\u00e3o comprar pe\u00e7as artesanais, como roupas em geral, bolsas, cachec\u00f3is, brincos, acess\u00f3rios Afro em geral, mandalas, pe\u00e7as de croch\u00ea e de macram\u00ea, naninhas, bichos de pel\u00facia e bonecas de pano, al\u00e9m de arranjos de flores artificiais realistas, decora\u00e7\u00f5es, vasinhos e plaquinhas, souvenirs em feltro, guirlanda, chaveiros e bichinhos.<\/p>\n\n\n\n<figure class=\"wp-block-gallery has-nested-images columns-default is-cropped wp-block-gallery-3 is-layout-flex wp-block-gallery-is-layout-flex\">\n<figure class=\"wp-block-image size-large\"><img loading=\"lazy\" decoding=\"async\" width=\"1280\" height=\"854\" data-id=\"362978\" src=\"https:\/\/jundiai.sp.gov.br\/noticias\/wp-content\/uploads\/sites\/32\/2025\/08\/2_edicao_sabores_da_gente_v-49-1280x854.jpg\" alt=\"\" class=\"wp-image-362978\" srcset=\"https:\/\/jundiai.sp.gov.br\/noticias\/wp-content\/uploads\/sites\/32\/2025\/08\/2_edicao_sabores_da_gente_v-49-1280x854.jpg 1280w, https:\/\/jundiai.sp.gov.br\/noticias\/wp-content\/uploads\/sites\/32\/2025\/08\/2_edicao_sabores_da_gente_v-49-300x200.jpg 300w, https:\/\/jundiai.sp.gov.br\/noticias\/wp-content\/uploads\/sites\/32\/2025\/08\/2_edicao_sabores_da_gente_v-49-768x512.jpg 768w, https:\/\/jundiai.sp.gov.br\/noticias\/wp-content\/uploads\/sites\/32\/2025\/08\/2_edicao_sabores_da_gente_v-49-1536x1024.jpg 1536w, https:\/\/jundiai.sp.gov.br\/noticias\/wp-content\/uploads\/sites\/32\/2025\/08\/2_edicao_sabores_da_gente_v-49-450x300.jpg 450w, https:\/\/jundiai.sp.gov.br\/noticias\/wp-content\/uploads\/sites\/32\/2025\/08\/2_edicao_sabores_da_gente_v-49.jpg 1900w\" sizes=\"auto, (max-width: 1280px) 100vw, 1280px\" \/><\/figure>\n\n\n\n<figure class=\"wp-block-image size-large\"><img loading=\"lazy\" decoding=\"async\" width=\"1280\" height=\"854\" data-id=\"362979\" src=\"https:\/\/jundiai.sp.gov.br\/noticias\/wp-content\/uploads\/sites\/32\/2025\/08\/2_edicao_sabores_da_gente_v-50-1280x854.jpg\" alt=\"\" class=\"wp-image-362979\" srcset=\"https:\/\/jundiai.sp.gov.br\/noticias\/wp-content\/uploads\/sites\/32\/2025\/08\/2_edicao_sabores_da_gente_v-50-1280x854.jpg 1280w, https:\/\/jundiai.sp.gov.br\/noticias\/wp-content\/uploads\/sites\/32\/2025\/08\/2_edicao_sabores_da_gente_v-50-300x200.jpg 300w, https:\/\/jundiai.sp.gov.br\/noticias\/wp-content\/uploads\/sites\/32\/2025\/08\/2_edicao_sabores_da_gente_v-50-768x512.jpg 768w, https:\/\/jundiai.sp.gov.br\/noticias\/wp-content\/uploads\/sites\/32\/2025\/08\/2_edicao_sabores_da_gente_v-50-1536x1024.jpg 1536w, https:\/\/jundiai.sp.gov.br\/noticias\/wp-content\/uploads\/sites\/32\/2025\/08\/2_edicao_sabores_da_gente_v-50-450x300.jpg 450w, https:\/\/jundiai.sp.gov.br\/noticias\/wp-content\/uploads\/sites\/32\/2025\/08\/2_edicao_sabores_da_gente_v-50.jpg 1900w\" sizes=\"auto, (max-width: 1280px) 100vw, 1280px\" \/><\/figure>\n\n\n\n<figure class=\"wp-block-image size-large\"><img loading=\"lazy\" decoding=\"async\" width=\"1280\" height=\"854\" data-id=\"362977\" src=\"https:\/\/jundiai.sp.gov.br\/noticias\/wp-content\/uploads\/sites\/32\/2025\/08\/2_edicao_sabores_da_gente_v-15-1280x854.jpg\" alt=\"\" class=\"wp-image-362977\" srcset=\"https:\/\/jundiai.sp.gov.br\/noticias\/wp-content\/uploads\/sites\/32\/2025\/08\/2_edicao_sabores_da_gente_v-15-1280x854.jpg 1280w, https:\/\/jundiai.sp.gov.br\/noticias\/wp-content\/uploads\/sites\/32\/2025\/08\/2_edicao_sabores_da_gente_v-15-300x200.jpg 300w, https:\/\/jundiai.sp.gov.br\/noticias\/wp-content\/uploads\/sites\/32\/2025\/08\/2_edicao_sabores_da_gente_v-15-768x512.jpg 768w, https:\/\/jundiai.sp.gov.br\/noticias\/wp-content\/uploads\/sites\/32\/2025\/08\/2_edicao_sabores_da_gente_v-15-1536x1024.jpg 1536w, https:\/\/jundiai.sp.gov.br\/noticias\/wp-content\/uploads\/sites\/32\/2025\/08\/2_edicao_sabores_da_gente_v-15-450x300.jpg 450w, https:\/\/jundiai.sp.gov.br\/noticias\/wp-content\/uploads\/sites\/32\/2025\/08\/2_edicao_sabores_da_gente_v-15.jpg 1900w\" sizes=\"auto, (max-width: 1280px) 100vw, 1280px\" \/><\/figure>\n<figcaption class=\"blocks-gallery-caption wp-element-caption\">Visitante poder\u00e1 apreciar no local del\u00edcias gastron\u00f4micas, bebidas e sobremesas <\/figcaption><\/figure>\n\n\n\n<p>S\u00f3 entre os itens de aromaterapia e autocuidado, as op\u00e7\u00f5es diversas ser\u00e3o escalda p\u00e9s, banhos de ervas, sabonetes, sabonetes artesanais em formato de frutas em barra, kits e geleias de banho, velas arom\u00e1ticas e decorativas, incensos e defumadores naturais, incens\u00e1rios, colares e pingentes difusores, compressa de gr\u00e3os e ervas.<\/p>\n\n\n\n<p>O Espa\u00e7o Expressa recebe neste s\u00e1bado (09) a terceira edi\u00e7\u00e3o do \u201cSabores da Gente\u201d, iniciativa da Unidade de Gest\u00e3o de Agroneg\u00f3cio, Abastecimento e Turismo (UGAAT) da Prefeitura que ir\u00e1 reunir dezenas de produtores envolvidos nas e muito mais.<\/p>\n\n\n\n<p>Com entrada gratuita, a programa\u00e7\u00e3o para visita\u00e7\u00e3o e compras estar\u00e1 concentrada junto \u00e0 Sala Santos-Jundia\u00ed de espet\u00e1culos. O Espa\u00e7o Expressa fica na avenida Uni\u00e3o dos Ferrovi\u00e1rios, 1760 \u2013 antigo Complexo Fepasa.<\/p>\n\n\n\n<figure class=\"wp-block-image size-large\"><img loading=\"lazy\" decoding=\"async\" width=\"1280\" height=\"854\" src=\"https:\/\/jundiai.sp.gov.br\/noticias\/wp-content\/uploads\/sites\/32\/2025\/08\/1_edicao_sabores_da_gente_espaco_expressa-2-1280x854.jpg\" alt=\"\" class=\"wp-image-362981\" srcset=\"https:\/\/jundiai.sp.gov.br\/noticias\/wp-content\/uploads\/sites\/32\/2025\/08\/1_edicao_sabores_da_gente_espaco_expressa-2-1280x854.jpg 1280w, https:\/\/jundiai.sp.gov.br\/noticias\/wp-content\/uploads\/sites\/32\/2025\/08\/1_edicao_sabores_da_gente_espaco_expressa-2-300x200.jpg 300w, https:\/\/jundiai.sp.gov.br\/noticias\/wp-content\/uploads\/sites\/32\/2025\/08\/1_edicao_sabores_da_gente_espaco_expressa-2-768x512.jpg 768w, https:\/\/jundiai.sp.gov.br\/noticias\/wp-content\/uploads\/sites\/32\/2025\/08\/1_edicao_sabores_da_gente_espaco_expressa-2-1536x1024.jpg 1536w, https:\/\/jundiai.sp.gov.br\/noticias\/wp-content\/uploads\/sites\/32\/2025\/08\/1_edicao_sabores_da_gente_espaco_expressa-2-450x300.jpg 450w, https:\/\/jundiai.sp.gov.br\/noticias\/wp-content\/uploads\/sites\/32\/2025\/08\/1_edicao_sabores_da_gente_espaco_expressa-2.jpg 1900w\" sizes=\"auto, (max-width: 1280px) 100vw, 1280px\" \/><figcaption class=\"wp-element-caption\">Artesanato e produ\u00e7\u00e3o criativa tamb\u00e9m marcar\u00e3o presen\u00e7a na programa\u00e7\u00e3o <\/figcaption><\/figure>\n\n\n\n<p><strong>Assessoria de Imprensa<br>Fotos: Fot\u00f3grafos PMJ<\/strong><\/p>\n","protected":false},"excerpt":{"rendered":"<p>Para a 3\u00aa edi\u00e7\u00e3o do \u201cSabores da Gente\u201d, programado para este s\u00e1bado (09), das 13h \u00e0s 19h, no Espa\u00e7o Expressa, os visitantes poder\u00e3o prestigiar, experimentar e levar para casa o melhor da produ\u00e7\u00e3o local em diversos segmentos, representados por cerca de 65 expositores j\u00e1 confirmados. Lan\u00e7ado este ano pela Unidade de Gest\u00e3o de Agroneg\u00f3cio, Abastecimento [&hellip;]<\/p>\n","protected":false},"author":14,"featured_media":362983,"comment_status":"closed","ping_status":"0","sticky":false,"template":"","format":"standard","meta":{"footnotes":""},"categories":[4620,2],"tags":[974,29,449,3364,293,3680,2200,1750,3156,2255,5121,4795,741,5161,4253,1315,945],"ods":[],"class_list":["post-362961","post","type-post","status-publish","format-standard","has-post-thumbnail","hentry","category-destaques","category-noticias","tag-agronegocio-abastecimento-e-turismo","tag-cultura","tag-espaco-expressa","tag-feiras-livres","tag-jundiai-feito-a-mao","tag-rota-da-cerveja-artesanal","tag-rota-da-uva","tag-rota-do-castanho","tag-rota-do-centro-historico","tag-rota-do-vinho","tag-rota-dos-sabores","tag-rota-turistica-afro","tag-rotas-turisticas","tag-sabores-da-gente","tag-sala-santos-jundiai","tag-turismo","tag-varejao"],"_links":{"self":[{"href":"https:\/\/jundiai.sp.gov.br\/noticias\/wp-json\/wp\/v2\/posts\/362961","targetHints":{"allow":["GET"]}}],"collection":[{"href":"https:\/\/jundiai.sp.gov.br\/noticias\/wp-json\/wp\/v2\/posts"}],"about":[{"href":"https:\/\/jundiai.sp.gov.br\/noticias\/wp-json\/wp\/v2\/types\/post"}],"author":[{"embeddable":true,"href":"https:\/\/jundiai.sp.gov.br\/noticias\/wp-json\/wp\/v2\/users\/14"}],"replies":[{"embeddable":true,"href":"https:\/\/jundiai.sp.gov.br\/noticias\/wp-json\/wp\/v2\/comments?post=362961"}],"version-history":[{"count":4,"href":"https:\/\/jundiai.sp.gov.br\/noticias\/wp-json\/wp\/v2\/posts\/362961\/revisions"}],"predecessor-version":[{"id":362982,"href":"https:\/\/jundiai.sp.gov.br\/noticias\/wp-json\/wp\/v2\/posts\/362961\/revisions\/362982"}],"wp:featuredmedia":[{"embeddable":true,"href":"https:\/\/jundiai.sp.gov.br\/noticias\/wp-json\/wp\/v2\/media\/362983"}],"wp:attachment":[{"href":"https:\/\/jundiai.sp.gov.br\/noticias\/wp-json\/wp\/v2\/media?parent=362961"}],"wp:term":[{"taxonomy":"category","embeddable":true,"href":"https:\/\/jundiai.sp.gov.br\/noticias\/wp-json\/wp\/v2\/categories?post=362961"},{"taxonomy":"post_tag","embeddable":true,"href":"https:\/\/jundiai.sp.gov.br\/noticias\/wp-json\/wp\/v2\/tags?post=362961"},{"taxonomy":"ods","embeddable":true,"href":"https:\/\/jundiai.sp.gov.br\/noticias\/wp-json\/wp\/v2\/ods?post=362961"}],"curies":[{"name":"wp","href":"https:\/\/api.w.org\/{rel}","templated":true}]}}