{"id":362991,"date":"2025-08-08T17:00:00","date_gmt":"2025-08-08T20:00:00","guid":{"rendered":"https:\/\/jundiai.sp.gov.br\/noticias\/?p=362991"},"modified":"2025-08-07T15:27:34","modified_gmt":"2025-08-07T18:27:34","slug":"febre-amarela-saude-leva-vacinacao-para-mais-dois-bairros-neste-sabado","status":"publish","type":"post","link":"https:\/\/jundiai.sp.gov.br\/noticias\/2025\/08\/08\/febre-amarela-saude-leva-vacinacao-para-mais-dois-bairros-neste-sabado\/","title":{"rendered":"Febre Amarela: Sa\u00fade leva vacina\u00e7\u00e3o para mais dois bairros neste s\u00e1bado"},"content":{"rendered":"\n<p>A Unidade de Gest\u00e3o de Promo\u00e7\u00e3o da Sa\u00fade (UGPS) prossegue, neste s\u00e1bado (9), com a estrat\u00e9gia de vacina\u00e7\u00e3o casa a casa em \u00e1reas rurais contra a Febre Amarela. As equipes percorrer\u00e3o as ruas do Jardim Copacabana e do Jardim Ipanema, das 8h \u00e0s 16h.&nbsp; Os profissionais estar\u00e3o identificados e com ve\u00edculo oficial da Prefeitura.<\/p>\n\n\n\n<p>A a\u00e7\u00e3o extramuro em regi\u00f5es com maior risco de transmiss\u00e3o faz parte das medidas para prevenir a doen\u00e7a na cidade. Desde o in\u00edcio do ano, 1.781 domic\u00edlios foram visitados, 2.248 situa\u00e7\u00f5es vacinais foram verificadas e 597 doses foram aplicadas. O Munic\u00edpio registra neste ano, at\u00e9 o momento, dois casos confirmados, sendo um \u00f3bito de morador local e outro caso de um visitante da cidade que evoluiu para cura.<\/p>\n\n\n\n<p><strong>Mais vacina\u00e7\u00e3o<\/strong><br>Durante a semana, a vacina tamb\u00e9m \u00e9 ofertada em todas as Unidades B\u00e1sicas de Sa\u00fade (UBSs) e Cl\u00ednicas da Fam\u00edlia, com aplica\u00e7\u00e3o no hor\u00e1rio de atendimento das salas de vacina\u00e7\u00e3o de cada servi\u00e7o.<\/p>\n\n\n\n<p>O esquema vacinal \u00e9 dose \u00fanica para a popula\u00e7\u00e3o a partir de cinco anos. J\u00e1 crian\u00e7as de 9 meses a 4 anos devem receber duas doses, sendo a primeira aos 9 meses e a segunda aos 4 anos (conforme recomenda\u00e7\u00e3o do Minist\u00e9rio da Sa\u00fade desde 2020). Devido ao cen\u00e1rio epidemiol\u00f3gico atual, todas as pessoas que residam e os visitantes no Munic\u00edpio est\u00e3o sendo vacinados a partir de seis meses de idade.<\/p>\n\n\n\n<p><strong>Assessoria de Imprensa<\/strong><\/p>\n","protected":false},"excerpt":{"rendered":"<p>A Unidade de Gest\u00e3o de Promo\u00e7\u00e3o da Sa\u00fade (UGPS) prossegue, neste s\u00e1bado (9), com a estrat\u00e9gia de vacina\u00e7\u00e3o casa a casa em \u00e1reas rurais contra a Febre Amarela. As equipes percorrer\u00e3o as ruas do Jardim Copacabana e do Jardim Ipanema, das 8h \u00e0s 16h.&nbsp; Os profissionais estar\u00e3o identificados e com ve\u00edculo oficial da Prefeitura. A [&hellip;]<\/p>\n","protected":false},"author":50,"featured_media":362217,"comment_status":"closed","ping_status":"0","sticky":false,"template":"","format":"standard","meta":{"footnotes":""},"categories":[2],"tags":[957,981,421],"ods":[],"class_list":["post-362991","post","type-post","status-publish","format-standard","has-post-thumbnail","hentry","category-noticias","tag-febre-amarela","tag-promocao-da-saude","tag-vacinacao"],"_links":{"self":[{"href":"https:\/\/jundiai.sp.gov.br\/noticias\/wp-json\/wp\/v2\/posts\/362991","targetHints":{"allow":["GET"]}}],"collection":[{"href":"https:\/\/jundiai.sp.gov.br\/noticias\/wp-json\/wp\/v2\/posts"}],"about":[{"href":"https:\/\/jundiai.sp.gov.br\/noticias\/wp-json\/wp\/v2\/types\/post"}],"author":[{"embeddable":true,"href":"https:\/\/jundiai.sp.gov.br\/noticias\/wp-json\/wp\/v2\/users\/50"}],"replies":[{"embeddable":true,"href":"https:\/\/jundiai.sp.gov.br\/noticias\/wp-json\/wp\/v2\/comments?post=362991"}],"version-history":[{"count":2,"href":"https:\/\/jundiai.sp.gov.br\/noticias\/wp-json\/wp\/v2\/posts\/362991\/revisions"}],"predecessor-version":[{"id":362997,"href":"https:\/\/jundiai.sp.gov.br\/noticias\/wp-json\/wp\/v2\/posts\/362991\/revisions\/362997"}],"wp:featuredmedia":[{"embeddable":true,"href":"https:\/\/jundiai.sp.gov.br\/noticias\/wp-json\/wp\/v2\/media\/362217"}],"wp:attachment":[{"href":"https:\/\/jundiai.sp.gov.br\/noticias\/wp-json\/wp\/v2\/media?parent=362991"}],"wp:term":[{"taxonomy":"category","embeddable":true,"href":"https:\/\/jundiai.sp.gov.br\/noticias\/wp-json\/wp\/v2\/categories?post=362991"},{"taxonomy":"post_tag","embeddable":true,"href":"https:\/\/jundiai.sp.gov.br\/noticias\/wp-json\/wp\/v2\/tags?post=362991"},{"taxonomy":"ods","embeddable":true,"href":"https:\/\/jundiai.sp.gov.br\/noticias\/wp-json\/wp\/v2\/ods?post=362991"}],"curies":[{"name":"wp","href":"https:\/\/api.w.org\/{rel}","templated":true}]}}