{"id":363033,"date":"2025-08-08T11:00:00","date_gmt":"2025-08-08T14:00:00","guid":{"rendered":"https:\/\/jundiai.sp.gov.br\/noticias\/?p=363033"},"modified":"2025-08-08T10:50:25","modified_gmt":"2025-08-08T13:50:25","slug":"prefeitura-de-jundiai-apresenta-plano-plurianual-2026-2029-com-foco-em-participacao-popular-e-programas-estrategicos","status":"publish","type":"post","link":"https:\/\/jundiai.sp.gov.br\/noticias\/2025\/08\/08\/prefeitura-de-jundiai-apresenta-plano-plurianual-2026-2029-com-foco-em-participacao-popular-e-programas-estrategicos\/","title":{"rendered":"Prefeitura de Jundia\u00ed apresenta Plano Plurianual 2026-2029 com foco em participa\u00e7\u00e3o popular e programas estrat\u00e9gicos"},"content":{"rendered":"\n<p>Na noite desta quinta-feira (7), os est\u00fadios da TVTEC receberam a apresenta\u00e7\u00e3o oficial do Plano Plurianual (PPA) 2026-2029 da Prefeitura de Jundia\u00ed. O encontro foi conduzido pelo vice-prefeito e gestor da Unidade de Governo e Finan\u00e7as, Ricardo Benassi, pelo diretor de Or\u00e7amento, Fernando Polo, e pelo coordenador executivo do PPA, Kleber Tandello, que detalharam \u00e0 popula\u00e7\u00e3o as diretrizes, objetivos e programas que ir\u00e3o orientar as a\u00e7\u00f5es municipais nos pr\u00f3ximos quatro anos.<\/p>\n\n\n\n<figure class=\"wp-block-image size-large\"><img loading=\"lazy\" decoding=\"async\" width=\"1280\" height=\"960\" src=\"https:\/\/jundiai.sp.gov.br\/noticias\/wp-content\/uploads\/sites\/32\/2025\/08\/whatsapp-image-2025-08-07-at-19-39-42-1280x960.jpeg\" alt=\"\" class=\"wp-image-363037\" srcset=\"https:\/\/jundiai.sp.gov.br\/noticias\/wp-content\/uploads\/sites\/32\/2025\/08\/whatsapp-image-2025-08-07-at-19-39-42-1280x960.jpeg 1280w, https:\/\/jundiai.sp.gov.br\/noticias\/wp-content\/uploads\/sites\/32\/2025\/08\/whatsapp-image-2025-08-07-at-19-39-42-300x225.jpeg 300w, https:\/\/jundiai.sp.gov.br\/noticias\/wp-content\/uploads\/sites\/32\/2025\/08\/whatsapp-image-2025-08-07-at-19-39-42-768x576.jpeg 768w, https:\/\/jundiai.sp.gov.br\/noticias\/wp-content\/uploads\/sites\/32\/2025\/08\/whatsapp-image-2025-08-07-at-19-39-42-1536x1152.jpeg 1536w, https:\/\/jundiai.sp.gov.br\/noticias\/wp-content\/uploads\/sites\/32\/2025\/08\/whatsapp-image-2025-08-07-at-19-39-42.jpeg 1600w\" sizes=\"auto, (max-width: 1280px) 100vw, 1280px\" \/><\/figure>\n\n\n\n<p>Encerrada no \u00faltimo dia 31 de julho, a consulta p\u00fablica para elabora\u00e7\u00e3o do PPA e da Lei Or\u00e7ament\u00e1ria Anual (LOA) 2026 registrou 2.101 participa\u00e7\u00f5es da popula\u00e7\u00e3o jundiaiense, mais que o triplo em rela\u00e7\u00e3o \u00e0 edi\u00e7\u00e3o anterior. O processo contou ainda com reuni\u00f5es nos bairros, grupos focais e canais digitais, garantindo ampla escuta e integra\u00e7\u00e3o das demandas apresentadas pelos moradores.<\/p>\n\n\n\n<p>O PPA \u00e9 o instrumento de planejamento de m\u00e9dio prazo que define, para um per\u00edodo de quatro anos, as pol\u00edticas p\u00fablicas e programas que ser\u00e3o implantados, com metas e indicadores claros, abrangendo \u00e1reas como educa\u00e7\u00e3o, sa\u00fade, habita\u00e7\u00e3o, mobilidade, cultura e desenvolvimento econ\u00f4mico. Ao todo, o documento prev\u00ea 13 programas final\u00edsticos e mais de 300 a\u00e7\u00f5es, alinhados ao Plano de Governo e aos Objetivos de Desenvolvimento Sustent\u00e1vel (ODS) da ONU.<\/p>\n\n\n\n<p>Entre os programas estrat\u00e9gicos apresentados, destacam-se:<\/p>\n\n\n\n<p>\u2022 Sa\u00fade: Viva Bem \u2013 amplia\u00e7\u00e3o e humaniza\u00e7\u00e3o da rede municipal de sa\u00fade.<br>\u2022 Quem Ama Cuida \u2013 zeladoria e sustentabilidade urbana;<br>\u2022 Escola da Gente \u2013 educa\u00e7\u00e3o de qualidade e forma\u00e7\u00e3o integral;<br>\u2022 Move A\u00ed \u2013 mobilidade urbana segura e moderna;<br>\u2022 Habita\u00e7\u00e3o: Nossa Casa \u2013 acesso \u00e0 moradia e regulariza\u00e7\u00e3o fundi\u00e1ria;<\/p>\n\n\n\n<p>Segundo Ricardo Benassi, o PPA 2026-2029 \u00e9 fruto de um processo participativo e transparente. \u201cNosso compromisso \u00e9 planejar com prop\u00f3sito, garantindo que cada a\u00e7\u00e3o seja voltada para melhorar a vida da popula\u00e7\u00e3o, com responsabilidade fiscal e proximidade com as pessoas\u201d, destacou o vice-prefeito.<\/p>\n\n\n\n<p>O Projeto de Lei do PPA ser\u00e1 encaminhado \u00e0 C\u00e2mara Municipal no dia 29 de agosto de 2025. At\u00e9 l\u00e1, a popula\u00e7\u00e3o ainda pode enviar contribui\u00e7\u00f5es pelo e-mail oficial da equipe de coordena\u00e7\u00e3o: <a href=\"mailto:ppa2629@jundiai.sp.gov.br\">ppa2629@jundiai.sp.gov.br<\/a>. <\/p>\n\n\n\n<p><strong>Assessoria de Imprensa<br>Fotos: Fot\u00f3grafos PMJ<\/strong><\/p>\n","protected":false},"excerpt":{"rendered":"<p>Na noite desta quinta-feira (7), os est\u00fadios da TVTEC receberam a apresenta\u00e7\u00e3o oficial do Plano Plurianual (PPA) 2026-2029 da Prefeitura de Jundia\u00ed. O encontro foi conduzido pelo vice-prefeito e gestor da Unidade de Governo e Finan\u00e7as, Ricardo Benassi, pelo diretor de Or\u00e7amento, Fernando Polo, e pelo coordenador executivo do PPA, Kleber Tandello, que detalharam \u00e0 [&hellip;]<\/p>\n","protected":false},"author":69,"featured_media":363037,"comment_status":"closed","ping_status":"0","sticky":false,"template":"","format":"standard","meta":{"footnotes":""},"categories":[2],"tags":[983,1882],"ods":[],"class_list":["post-363033","post","type-post","status-publish","format-standard","has-post-thumbnail","hentry","category-noticias","tag-governo-e-financas","tag-ppa"],"_links":{"self":[{"href":"https:\/\/jundiai.sp.gov.br\/noticias\/wp-json\/wp\/v2\/posts\/363033","targetHints":{"allow":["GET"]}}],"collection":[{"href":"https:\/\/jundiai.sp.gov.br\/noticias\/wp-json\/wp\/v2\/posts"}],"about":[{"href":"https:\/\/jundiai.sp.gov.br\/noticias\/wp-json\/wp\/v2\/types\/post"}],"author":[{"embeddable":true,"href":"https:\/\/jundiai.sp.gov.br\/noticias\/wp-json\/wp\/v2\/users\/69"}],"replies":[{"embeddable":true,"href":"https:\/\/jundiai.sp.gov.br\/noticias\/wp-json\/wp\/v2\/comments?post=363033"}],"version-history":[{"count":4,"href":"https:\/\/jundiai.sp.gov.br\/noticias\/wp-json\/wp\/v2\/posts\/363033\/revisions"}],"predecessor-version":[{"id":363056,"href":"https:\/\/jundiai.sp.gov.br\/noticias\/wp-json\/wp\/v2\/posts\/363033\/revisions\/363056"}],"wp:featuredmedia":[{"embeddable":true,"href":"https:\/\/jundiai.sp.gov.br\/noticias\/wp-json\/wp\/v2\/media\/363037"}],"wp:attachment":[{"href":"https:\/\/jundiai.sp.gov.br\/noticias\/wp-json\/wp\/v2\/media?parent=363033"}],"wp:term":[{"taxonomy":"category","embeddable":true,"href":"https:\/\/jundiai.sp.gov.br\/noticias\/wp-json\/wp\/v2\/categories?post=363033"},{"taxonomy":"post_tag","embeddable":true,"href":"https:\/\/jundiai.sp.gov.br\/noticias\/wp-json\/wp\/v2\/tags?post=363033"},{"taxonomy":"ods","embeddable":true,"href":"https:\/\/jundiai.sp.gov.br\/noticias\/wp-json\/wp\/v2\/ods?post=363033"}],"curies":[{"name":"wp","href":"https:\/\/api.w.org\/{rel}","templated":true}]}}