{"id":363122,"date":"2025-08-13T10:00:00","date_gmt":"2025-08-13T13:00:00","guid":{"rendered":"https:\/\/jundiai.sp.gov.br\/noticias\/?p=363122"},"modified":"2025-08-11T16:22:14","modified_gmt":"2025-08-11T19:22:14","slug":"cia-jovem-de-danca-apresenta-pedro-e-o-lobo-na-fabrica-das-infancias-japy-neste-domingo-17","status":"publish","type":"post","link":"https:\/\/jundiai.sp.gov.br\/noticias\/2025\/08\/13\/cia-jovem-de-danca-apresenta-pedro-e-o-lobo-na-fabrica-das-infancias-japy-neste-domingo-17\/","title":{"rendered":"Cia. Jovem de Dan\u00e7a apresenta \u2018Pedro e o Lobo\u2019 na F\u00e1brica das Inf\u00e2ncias Japy neste domingo (17)"},"content":{"rendered":"\n<p>A Cia. Jovem de Dan\u00e7a de Jundia\u00ed apresenta neste domingo (17), a partir das 10h30, \u201cPedro e o Lobo\u201d, um dos espet\u00e1culos de seu repert\u00f3rio destinado ao p\u00fablico infantojuvenil. A apresenta\u00e7\u00e3o do grupo, que \u00e9 um dos corpos art\u00edsticos ligados \u00e0 Unidade de Gest\u00e3o de Cultura (UGC), ser\u00e1 na F\u00e1brica das Inf\u00e2ncias Japy e tem entrada gratuita e classifica\u00e7\u00e3o recomendada para crian\u00e7as maiores de quatro anos.<\/p>\n\n\n\n<p>Obra mais importante do mundo sinf\u00f4nico para crian\u00e7as composta pelo russo Seguei Prokofiev, \u201cPedro e o Lobo\u201d conta a hist\u00f3ria de Pedro, garoto que mora com seu av\u00f4 em uma casa pr\u00f3xima \u00e0 floresta. Numa certa manh\u00e3, Pedro sai para passear e \u00e9 seguido por seus amigos: a pata, o passarinho e o gato. O av\u00f4, preocupado, o repreende por temer a presen\u00e7a do lobo na floresta. Mas Pedro desobedece a seu av\u00f4 e sai \u00e0 ca\u00e7a do animal, juntamente com seus amigos. Por fim, Pedro se transforma num her\u00f3i: depois de conseguir prender o lobo, decide desfilar com a sua presa num grande cortejo pela cidade.<\/p>\n\n\n\n<figure class=\"wp-block-image size-full\"><img loading=\"lazy\" decoding=\"async\" width=\"1200\" height=\"800\" src=\"https:\/\/jundiai.sp.gov.br\/noticias\/wp-content\/uploads\/sites\/32\/2025\/08\/cia-jovem-de-danca-espetaculo-pedro-e-o-lobo_fm_-268-1200x800-1.jpg\" alt=\"\" class=\"wp-image-363123\" srcset=\"https:\/\/jundiai.sp.gov.br\/noticias\/wp-content\/uploads\/sites\/32\/2025\/08\/cia-jovem-de-danca-espetaculo-pedro-e-o-lobo_fm_-268-1200x800-1.jpg 1200w, https:\/\/jundiai.sp.gov.br\/noticias\/wp-content\/uploads\/sites\/32\/2025\/08\/cia-jovem-de-danca-espetaculo-pedro-e-o-lobo_fm_-268-1200x800-1-300x200.jpg 300w, https:\/\/jundiai.sp.gov.br\/noticias\/wp-content\/uploads\/sites\/32\/2025\/08\/cia-jovem-de-danca-espetaculo-pedro-e-o-lobo_fm_-268-1200x800-1-768x512.jpg 768w, https:\/\/jundiai.sp.gov.br\/noticias\/wp-content\/uploads\/sites\/32\/2025\/08\/cia-jovem-de-danca-espetaculo-pedro-e-o-lobo_fm_-268-1200x800-1-450x300.jpg 450w\" sizes=\"auto, (max-width: 1200px) 100vw, 1200px\" \/><figcaption class=\"wp-element-caption\">Espet\u00e1culo ser\u00e1 apresentado na F\u00e1brica das Inf\u00e2ncias Japy e tem classifica\u00e7\u00e3o recomendada para crian\u00e7as maiores de quatro anos<\/figcaption><\/figure>\n\n\n\n<p>A gestora de Cultura, Clarina Fasanaro, falou da import\u00e2ncia da programa\u00e7\u00e3o. \u201cCom mais esta apresenta\u00e7\u00e3o gratuita, a Cia. Jovem de Dan\u00e7a cumpre o seu papel enquanto corpo art\u00edstico municipal da Cultura na forma\u00e7\u00e3o de p\u00fablico e enriquecimento do repert\u00f3rio em nossos equipamentos culturais, com apresenta\u00e7\u00f5es gratuitas que fortalecem a cena cultural em Jundia\u00ed\u201d.<\/p>\n\n\n\n<p>A F\u00e1brica das Inf\u00e2ncias Japy fica na rua Lacerda Franco, 175 \u2013 vila Arens e a entrada \u00e9 por ordem de chegada. Todos os detalhes da programa\u00e7\u00e3o da Cia. Jovem de Dan\u00e7a podem ser conferidos na <a href=\"https:\/\/cultura.jundiai.sp.gov.br\/eventos\/tag\/cia-jovem-de-danca\/\" target=\"_blank\" rel=\"noreferrer noopener\">Agenda Cultural<\/a>.<\/p>\n\n\n\n<p><strong>Assessoria de Imprensa<br>Fotos: Arquivo PMJ <\/strong><\/p>\n\n\n\n<p><\/p>\n","protected":false},"excerpt":{"rendered":"<p>A Cia. Jovem de Dan\u00e7a de Jundia\u00ed apresenta neste domingo (17), a partir das 10h30, \u201cPedro e o Lobo\u201d, um dos espet\u00e1culos de seu repert\u00f3rio destinado ao p\u00fablico infantojuvenil. A apresenta\u00e7\u00e3o do grupo, que \u00e9 um dos corpos art\u00edsticos ligados \u00e0 Unidade de Gest\u00e3o de Cultura (UGC), ser\u00e1 na F\u00e1brica das Inf\u00e2ncias Japy e tem [&hellip;]<\/p>\n","protected":false},"author":14,"featured_media":363124,"comment_status":"closed","ping_status":"0","sticky":false,"template":"","format":"standard","meta":{"footnotes":""},"categories":[4620,2],"tags":[1130,29,439,2251,400],"ods":[],"class_list":["post-363122","post","type-post","status-publish","format-standard","has-post-thumbnail","hentry","category-destaques","category-noticias","tag-cia-jovem-de-danca","tag-cultura","tag-danca","tag-fabrica-das-infancias-japy","tag-teatro"],"_links":{"self":[{"href":"https:\/\/jundiai.sp.gov.br\/noticias\/wp-json\/wp\/v2\/posts\/363122","targetHints":{"allow":["GET"]}}],"collection":[{"href":"https:\/\/jundiai.sp.gov.br\/noticias\/wp-json\/wp\/v2\/posts"}],"about":[{"href":"https:\/\/jundiai.sp.gov.br\/noticias\/wp-json\/wp\/v2\/types\/post"}],"author":[{"embeddable":true,"href":"https:\/\/jundiai.sp.gov.br\/noticias\/wp-json\/wp\/v2\/users\/14"}],"replies":[{"embeddable":true,"href":"https:\/\/jundiai.sp.gov.br\/noticias\/wp-json\/wp\/v2\/comments?post=363122"}],"version-history":[{"count":2,"href":"https:\/\/jundiai.sp.gov.br\/noticias\/wp-json\/wp\/v2\/posts\/363122\/revisions"}],"predecessor-version":[{"id":363151,"href":"https:\/\/jundiai.sp.gov.br\/noticias\/wp-json\/wp\/v2\/posts\/363122\/revisions\/363151"}],"wp:featuredmedia":[{"embeddable":true,"href":"https:\/\/jundiai.sp.gov.br\/noticias\/wp-json\/wp\/v2\/media\/363124"}],"wp:attachment":[{"href":"https:\/\/jundiai.sp.gov.br\/noticias\/wp-json\/wp\/v2\/media?parent=363122"}],"wp:term":[{"taxonomy":"category","embeddable":true,"href":"https:\/\/jundiai.sp.gov.br\/noticias\/wp-json\/wp\/v2\/categories?post=363122"},{"taxonomy":"post_tag","embeddable":true,"href":"https:\/\/jundiai.sp.gov.br\/noticias\/wp-json\/wp\/v2\/tags?post=363122"},{"taxonomy":"ods","embeddable":true,"href":"https:\/\/jundiai.sp.gov.br\/noticias\/wp-json\/wp\/v2\/ods?post=363122"}],"curies":[{"name":"wp","href":"https:\/\/api.w.org\/{rel}","templated":true}]}}