{"id":363126,"date":"2025-08-08T17:30:00","date_gmt":"2025-08-08T20:30:00","guid":{"rendered":"https:\/\/jundiai.sp.gov.br\/noticias\/?p=363126"},"modified":"2025-08-08T16:27:20","modified_gmt":"2025-08-08T19:27:20","slug":"dia-internacional-do-pedestre-jundiai-promove-acao-educativa-para-reforcar-seguranca-nas-ruas","status":"publish","type":"post","link":"https:\/\/jundiai.sp.gov.br\/noticias\/2025\/08\/08\/dia-internacional-do-pedestre-jundiai-promove-acao-educativa-para-reforcar-seguranca-nas-ruas\/","title":{"rendered":"Dia Internacional do Pedestre: Jundia\u00ed promove a\u00e7\u00e3o educativa para refor\u00e7ar seguran\u00e7a nas ruas"},"content":{"rendered":"\n<p>Hoje \u00e9 celebrado o Dia Internacional do Pedestre, a data nos convida a refletir sobre o respeito \u00e0 vida e a import\u00e2ncia da conviv\u00eancia segura entre todos no tr\u00e2nsito. A Prefeitura de Jundia\u00ed, por meio da Unidade de Mobilidade e Transporte (UMT), realizou uma a\u00e7\u00e3o educativa e de conscientiza\u00e7\u00e3o em parceria com o Detran-SP.<\/p>\n\n\n\n<p>Em cruzamentos estrat\u00e9gicos, a equipe do Detran-SP exibiu a faixa com a mensagem: \u201cMotorista: pratique o respeito \u2013 nunca pare ou estacione na faixa de pedestres\u201d, distribu\u00edram material educativo e contaram com a presen\u00e7a do mascote Vaguinho, que interagiu com motoristas e pedestres para chamar aten\u00e7\u00e3o sobre a import\u00e2ncia de atitudes seguras no tr\u00e2nsito.<\/p>\n\n\n\n<figure class=\"wp-block-image size-large\"><img loading=\"lazy\" decoding=\"async\" width=\"1280\" height=\"960\" src=\"https:\/\/jundiai.sp.gov.br\/noticias\/wp-content\/uploads\/sites\/32\/2025\/08\/whatsapp-image-2025-08-08-at-10-34-42-1-1-1280x960.jpeg\" alt=\"\" class=\"wp-image-363129\" srcset=\"https:\/\/jundiai.sp.gov.br\/noticias\/wp-content\/uploads\/sites\/32\/2025\/08\/whatsapp-image-2025-08-08-at-10-34-42-1-1-1280x960.jpeg 1280w, https:\/\/jundiai.sp.gov.br\/noticias\/wp-content\/uploads\/sites\/32\/2025\/08\/whatsapp-image-2025-08-08-at-10-34-42-1-1-300x225.jpeg 300w, https:\/\/jundiai.sp.gov.br\/noticias\/wp-content\/uploads\/sites\/32\/2025\/08\/whatsapp-image-2025-08-08-at-10-34-42-1-1-768x576.jpeg 768w, https:\/\/jundiai.sp.gov.br\/noticias\/wp-content\/uploads\/sites\/32\/2025\/08\/whatsapp-image-2025-08-08-at-10-34-42-1-1-1536x1152.jpeg 1536w, https:\/\/jundiai.sp.gov.br\/noticias\/wp-content\/uploads\/sites\/32\/2025\/08\/whatsapp-image-2025-08-08-at-10-34-42-1-1.jpeg 1600w\" sizes=\"auto, (max-width: 1280px) 100vw, 1280px\" \/><\/figure>\n\n\n\n<p>Segundo Juliana Maia, coordenadora de Educa\u00e7\u00e3o para o Tr\u00e2nsito da UGMT, a proposta da atividade nas ruas \u00e9 justamente provocar essa reflex\u00e3o. \u201cO pedestre \u00e9 o elemento mais vulner\u00e1vel no tr\u00e2nsito, por isso precisamos refor\u00e7ar constantemente a import\u00e2ncia do respeito \u00e0 faixa e \u00e0s regras. Pequenas atitudes, como reduzir a velocidade e ceder a passagem, salvam vidas. Nosso trabalho \u00e9 criar essa consci\u00eancia para que comportamentos seguros se tornem h\u00e1bito.\u201d<br><br>Para o gestor de Mobilidade e Transportes, Jos\u00e9 Carlos Sacramone, a iniciativa refor\u00e7a o compromisso da cidade com a seguran\u00e7a vi\u00e1ria. \u201cN\u00e3o podemos aceitar nenhuma morte no tr\u00e2nsito. A a\u00e7\u00e3o de hoje integra um conjunto de medidas para proteger quem mais precisa de aten\u00e7\u00e3o: o pedestre. Essa \u00e9 uma prioridade da Prefeitura.\u201d<\/p>\n\n\n\n<div class=\"wp-block-columns is-layout-flex wp-container-core-columns-is-layout-9d6595d7 wp-block-columns-is-layout-flex\">\n<div class=\"wp-block-column is-layout-flow wp-block-column-is-layout-flow\">\n<figure class=\"wp-block-image size-full\"><img loading=\"lazy\" decoding=\"async\" width=\"1280\" height=\"960\" src=\"https:\/\/jundiai.sp.gov.br\/noticias\/wp-content\/uploads\/sites\/32\/2025\/08\/whatsapp-image-2025-08-08-at-11-31-16.jpeg\" alt=\"\" class=\"wp-image-363130\" srcset=\"https:\/\/jundiai.sp.gov.br\/noticias\/wp-content\/uploads\/sites\/32\/2025\/08\/whatsapp-image-2025-08-08-at-11-31-16.jpeg 1280w, https:\/\/jundiai.sp.gov.br\/noticias\/wp-content\/uploads\/sites\/32\/2025\/08\/whatsapp-image-2025-08-08-at-11-31-16-300x225.jpeg 300w, https:\/\/jundiai.sp.gov.br\/noticias\/wp-content\/uploads\/sites\/32\/2025\/08\/whatsapp-image-2025-08-08-at-11-31-16-768x576.jpeg 768w\" sizes=\"auto, (max-width: 1280px) 100vw, 1280px\" \/><\/figure>\n<\/div>\n\n\n\n<div class=\"wp-block-column is-layout-flow wp-block-column-is-layout-flow\">\n<figure class=\"wp-block-image size-full\"><img loading=\"lazy\" decoding=\"async\" width=\"1280\" height=\"960\" src=\"https:\/\/jundiai.sp.gov.br\/noticias\/wp-content\/uploads\/sites\/32\/2025\/08\/whatsapp-image-2025-08-08-at-11-31-01.jpeg\" alt=\"\" class=\"wp-image-363131\" srcset=\"https:\/\/jundiai.sp.gov.br\/noticias\/wp-content\/uploads\/sites\/32\/2025\/08\/whatsapp-image-2025-08-08-at-11-31-01.jpeg 1280w, https:\/\/jundiai.sp.gov.br\/noticias\/wp-content\/uploads\/sites\/32\/2025\/08\/whatsapp-image-2025-08-08-at-11-31-01-300x225.jpeg 300w, https:\/\/jundiai.sp.gov.br\/noticias\/wp-content\/uploads\/sites\/32\/2025\/08\/whatsapp-image-2025-08-08-at-11-31-01-768x576.jpeg 768w\" sizes=\"auto, (max-width: 1280px) 100vw, 1280px\" \/><\/figure>\n<\/div>\n<\/div>\n\n\n\n<p>A mensagem deste Dia Internacional do Pedestre \u00e9 clara: o tr\u00e2nsito \u00e9 um espa\u00e7o compartilhado e seguro apenas quando todos respeitam as regras. Motoristas atentos, pedestres cuidadosos e pol\u00edticas p\u00fablicas eficazes formam a combina\u00e7\u00e3o necess\u00e1ria para reduzir os riscos e preservar vidas.<\/p>\n\n\n\n<p><strong>Assessoria de Imprensa<br>Fotos: Fot\u00f3grafos PMJ<\/strong><\/p>\n","protected":false},"excerpt":{"rendered":"<p>Hoje \u00e9 celebrado o Dia Internacional do Pedestre, a data nos convida a refletir sobre o respeito \u00e0 vida e a import\u00e2ncia da conviv\u00eancia segura entre todos no tr\u00e2nsito. A Prefeitura de Jundia\u00ed, por meio da Unidade de Mobilidade e Transporte (UMT), realizou uma a\u00e7\u00e3o educativa e de conscientiza\u00e7\u00e3o em parceria com o Detran-SP. Em [&hellip;]<\/p>\n","protected":false},"author":69,"featured_media":363128,"comment_status":"closed","ping_status":"0","sticky":false,"template":"","format":"standard","meta":{"footnotes":""},"categories":[2],"tags":[3346,5378,982,5032,27,1261],"ods":[],"class_list":["post-363126","post","type-post","status-publish","format-standard","has-post-thumbnail","hentry","category-noticias","tag-detran","tag-dia-do-pedestre","tag-mobilidade-e-transporte","tag-pedestre","tag-transito","tag-ugmt"],"_links":{"self":[{"href":"https:\/\/jundiai.sp.gov.br\/noticias\/wp-json\/wp\/v2\/posts\/363126","targetHints":{"allow":["GET"]}}],"collection":[{"href":"https:\/\/jundiai.sp.gov.br\/noticias\/wp-json\/wp\/v2\/posts"}],"about":[{"href":"https:\/\/jundiai.sp.gov.br\/noticias\/wp-json\/wp\/v2\/types\/post"}],"author":[{"embeddable":true,"href":"https:\/\/jundiai.sp.gov.br\/noticias\/wp-json\/wp\/v2\/users\/69"}],"replies":[{"embeddable":true,"href":"https:\/\/jundiai.sp.gov.br\/noticias\/wp-json\/wp\/v2\/comments?post=363126"}],"version-history":[{"count":3,"href":"https:\/\/jundiai.sp.gov.br\/noticias\/wp-json\/wp\/v2\/posts\/363126\/revisions"}],"predecessor-version":[{"id":363136,"href":"https:\/\/jundiai.sp.gov.br\/noticias\/wp-json\/wp\/v2\/posts\/363126\/revisions\/363136"}],"wp:featuredmedia":[{"embeddable":true,"href":"https:\/\/jundiai.sp.gov.br\/noticias\/wp-json\/wp\/v2\/media\/363128"}],"wp:attachment":[{"href":"https:\/\/jundiai.sp.gov.br\/noticias\/wp-json\/wp\/v2\/media?parent=363126"}],"wp:term":[{"taxonomy":"category","embeddable":true,"href":"https:\/\/jundiai.sp.gov.br\/noticias\/wp-json\/wp\/v2\/categories?post=363126"},{"taxonomy":"post_tag","embeddable":true,"href":"https:\/\/jundiai.sp.gov.br\/noticias\/wp-json\/wp\/v2\/tags?post=363126"},{"taxonomy":"ods","embeddable":true,"href":"https:\/\/jundiai.sp.gov.br\/noticias\/wp-json\/wp\/v2\/ods?post=363126"}],"curies":[{"name":"wp","href":"https:\/\/api.w.org\/{rel}","templated":true}]}}