{"id":364422,"date":"2025-09-03T16:00:00","date_gmt":"2025-09-03T19:00:00","guid":{"rendered":"https:\/\/jundiai.sp.gov.br\/noticias\/?p=364422"},"modified":"2025-09-03T15:45:38","modified_gmt":"2025-09-03T18:45:38","slug":"desfile-civico-de-7-de-setembro-em-jundiai-tera-programacao-especial-e-opcoes-gastronomicas","status":"publish","type":"post","link":"https:\/\/jundiai.sp.gov.br\/noticias\/2025\/09\/03\/desfile-civico-de-7-de-setembro-em-jundiai-tera-programacao-especial-e-opcoes-gastronomicas\/","title":{"rendered":"Desfile C\u00edvico de 7 de Setembro em Jundia\u00ed ter\u00e1 programa\u00e7\u00e3o especial e op\u00e7\u00f5es gastron\u00f4micas"},"content":{"rendered":"\n<p>A Prefeitura de Jundia\u00ed realiza no pr\u00f3ximo domingo (7), a partir das 9h, o tradicional Desfile C\u00edvico em comemora\u00e7\u00e3o \u00e0 Independ\u00eancia do Brasil, na Avenida Prefeito Lu\u00eds Latorre, na altura da Rua Evandro C\u00e9sar Gnaccarini. O evento reunir\u00e1 escolas, for\u00e7as de seguran\u00e7a, institui\u00e7\u00f5es e entidades da cidade, em uma programa\u00e7\u00e3o que valoriza a cidadania, a cultura e a hist\u00f3ria do pa\u00eds.<\/p>\n\n\n\n<figure class=\"wp-block-image size-large\"><img loading=\"lazy\" decoding=\"async\" width=\"1280\" height=\"854\" src=\"https:\/\/jundiai.sp.gov.br\/noticias\/wp-content\/uploads\/sites\/32\/2023\/08\/desfile-7-de-setembro_c_-93-1280x854.jpg\" alt=\"\" class=\"wp-image-324505\" srcset=\"https:\/\/jundiai.sp.gov.br\/noticias\/wp-content\/uploads\/sites\/32\/2023\/08\/desfile-7-de-setembro_c_-93-1280x854.jpg 1280w, https:\/\/jundiai.sp.gov.br\/noticias\/wp-content\/uploads\/sites\/32\/2023\/08\/desfile-7-de-setembro_c_-93-300x200.jpg 300w, https:\/\/jundiai.sp.gov.br\/noticias\/wp-content\/uploads\/sites\/32\/2023\/08\/desfile-7-de-setembro_c_-93-768x513.jpg 768w, https:\/\/jundiai.sp.gov.br\/noticias\/wp-content\/uploads\/sites\/32\/2023\/08\/desfile-7-de-setembro_c_-93-450x300.jpg 450w, https:\/\/jundiai.sp.gov.br\/noticias\/wp-content\/uploads\/sites\/32\/2023\/08\/desfile-7-de-setembro_c_-93.jpg 1323w\" sizes=\"auto, (max-width: 1280px) 100vw, 1280px\" \/><\/figure>\n\n\n\n<p>O evento \u00e9 promovido pela Secretaria de Cultura e conta com a atua\u00e7\u00e3o integrada de diversas \u00e1reas da administra\u00e7\u00e3o municipal. Entre elas, a Secretaria de Mobilidade e Transporte, respons\u00e1vel pelas interdi\u00e7\u00f5es e pela presen\u00e7a de agentes de tr\u00e2nsito para coordenar o fluxo, e a Secretaria de Infraestrutura e Servi\u00e7os P\u00fablicos, que dar\u00e1 suporte \u00e0 limpeza. Outras secretarias tamb\u00e9m participam da programa\u00e7\u00e3o e do desfile, refor\u00e7ando a uni\u00e3o de esfor\u00e7os para o sucesso do evento.<\/p>\n\n\n\n<p>\u201cTrata-se de um evento voltado \u00e0 fam\u00edlia, protagonizado por segmentos reconhecidos pela sociedade por sua excel\u00eancia em servi\u00e7os prestados em diferentes \u00e1reas. Por isso, a organiza\u00e7\u00e3o foi extremamente cuidadosa. A integra\u00e7\u00e3o das secretarias est\u00e1 sendo primordial para garantir o sucesso do evento\u201d, afirmou a secret\u00e1ria de Cultura, Clarina Fazanaro.<\/p>\n\n\n\n<p>Al\u00e9m do desfile, o p\u00fablico poder\u00e1 aproveitar op\u00e7\u00f5es gastron\u00f4micas, preparadas em parceria com a Secretaria de Agroneg\u00f3cio, Abastecimento e Turismo, que tamb\u00e9m organiza o desfile de tratores com agricultores do munic\u00edpio. \u201cO desfile \u00e9 uma oportunidade de unir tradi\u00e7\u00e3o e valoriza\u00e7\u00e3o da nossa produ\u00e7\u00e3o local. As op\u00e7\u00f5es gastron\u00f4micas v\u00e3o garantir mais conforto para as fam\u00edlias e o desfile de tratores mostra a for\u00e7a do campo na nossa cidade\u201d, destacou a secret\u00e1ria Marcela Moro.<\/p>\n\n\n\n<p><strong>Acesso facilitado<\/strong><br>Para garantir a comodidade da popula\u00e7\u00e3o, como ocorre em todo primeiro domingo do m\u00eas, a tarifa do transporte coletivo ser\u00e1 de apenas R$ 1,00, facilitando o deslocamento at\u00e9 o local do desfile.<\/p>\n\n\n\n<p><strong>Transmiss\u00e3o ao vivo<\/strong><br>Quem preferir poder\u00e1 acompanhar a programa\u00e7\u00e3o pela TVTEC Jundia\u00ed, a partir das 9h, no canal 24 da Claro TV e tamb\u00e9m pelo Facebook e YouTube da emissora.<\/p>\n\n\n\n<p><strong>Reuni\u00e3o de alinhamento<\/strong><br>Na segunda reuni\u00e3o de organiza\u00e7\u00e3o do evento, realizada no Espa\u00e7o Expressa nesta segunda-feira (1\u00ba), foram definidas as sequ\u00eancias das apresenta\u00e7\u00f5es, a log\u00edstica de concentra\u00e7\u00e3o e dispers\u00e3o, al\u00e9m do cronograma estrutural.<\/p>\n\n\n\n<p>\u201cA organiza\u00e7\u00e3o do Desfile C\u00edvico exige aten\u00e7\u00e3o e cuidado para garantir o sucesso do evento\u201d, destacou Sabrina Vetrenka, Chefe da Divis\u00e3o de Centros Culturais da Secretaria de Cultura.<\/p>\n\n\n\n<div class=\"wp-block-columns is-layout-flex wp-container-core-columns-is-layout-9d6595d7 wp-block-columns-is-layout-flex\">\n<div class=\"wp-block-column is-layout-flow wp-block-column-is-layout-flow\">\n<figure class=\"wp-block-image size-large\"><img loading=\"lazy\" decoding=\"async\" width=\"1280\" height=\"853\" src=\"https:\/\/jundiai.sp.gov.br\/noticias\/wp-content\/uploads\/sites\/32\/2025\/09\/reuniao_final_de_alinhamento_desfile_7_de_setembro_rw-18-1280x853.jpg\" alt=\"\" class=\"wp-image-364424\" srcset=\"https:\/\/jundiai.sp.gov.br\/noticias\/wp-content\/uploads\/sites\/32\/2025\/09\/reuniao_final_de_alinhamento_desfile_7_de_setembro_rw-18-1280x853.jpg 1280w, https:\/\/jundiai.sp.gov.br\/noticias\/wp-content\/uploads\/sites\/32\/2025\/09\/reuniao_final_de_alinhamento_desfile_7_de_setembro_rw-18-300x200.jpg 300w, https:\/\/jundiai.sp.gov.br\/noticias\/wp-content\/uploads\/sites\/32\/2025\/09\/reuniao_final_de_alinhamento_desfile_7_de_setembro_rw-18-768x512.jpg 768w, https:\/\/jundiai.sp.gov.br\/noticias\/wp-content\/uploads\/sites\/32\/2025\/09\/reuniao_final_de_alinhamento_desfile_7_de_setembro_rw-18-1536x1024.jpg 1536w, https:\/\/jundiai.sp.gov.br\/noticias\/wp-content\/uploads\/sites\/32\/2025\/09\/reuniao_final_de_alinhamento_desfile_7_de_setembro_rw-18-450x300.jpg 450w, https:\/\/jundiai.sp.gov.br\/noticias\/wp-content\/uploads\/sites\/32\/2025\/09\/reuniao_final_de_alinhamento_desfile_7_de_setembro_rw-18.jpg 1800w\" sizes=\"auto, (max-width: 1280px) 100vw, 1280px\" \/><figcaption class=\"wp-element-caption\">Defini\u00e7\u00e3o dos detalhes essenciais<\/figcaption><\/figure>\n<\/div>\n\n\n\n<div class=\"wp-block-column is-layout-flow wp-block-column-is-layout-flow\">\n<figure class=\"wp-block-image size-large\"><img loading=\"lazy\" decoding=\"async\" width=\"1280\" height=\"853\" src=\"https:\/\/jundiai.sp.gov.br\/noticias\/wp-content\/uploads\/sites\/32\/2025\/09\/reuniao_final_de_alinhamento_desfile_7_de_setembro_rw-19-1280x853.jpg\" alt=\"\" class=\"wp-image-364425\" srcset=\"https:\/\/jundiai.sp.gov.br\/noticias\/wp-content\/uploads\/sites\/32\/2025\/09\/reuniao_final_de_alinhamento_desfile_7_de_setembro_rw-19-1280x853.jpg 1280w, https:\/\/jundiai.sp.gov.br\/noticias\/wp-content\/uploads\/sites\/32\/2025\/09\/reuniao_final_de_alinhamento_desfile_7_de_setembro_rw-19-300x200.jpg 300w, https:\/\/jundiai.sp.gov.br\/noticias\/wp-content\/uploads\/sites\/32\/2025\/09\/reuniao_final_de_alinhamento_desfile_7_de_setembro_rw-19-768x512.jpg 768w, https:\/\/jundiai.sp.gov.br\/noticias\/wp-content\/uploads\/sites\/32\/2025\/09\/reuniao_final_de_alinhamento_desfile_7_de_setembro_rw-19-1536x1024.jpg 1536w, https:\/\/jundiai.sp.gov.br\/noticias\/wp-content\/uploads\/sites\/32\/2025\/09\/reuniao_final_de_alinhamento_desfile_7_de_setembro_rw-19-450x300.jpg 450w, https:\/\/jundiai.sp.gov.br\/noticias\/wp-content\/uploads\/sites\/32\/2025\/09\/reuniao_final_de_alinhamento_desfile_7_de_setembro_rw-19.jpg 1800w\" sizes=\"auto, (max-width: 1280px) 100vw, 1280px\" \/><figcaption class=\"wp-element-caption\">Midielen Pires<\/figcaption><\/figure>\n<\/div>\n<\/div>\n\n\n\n<p>Para Midielen Pires, do Projeto Her\u00f3i Aprendiz, a reuni\u00e3o de alinhamento foi importante para garantir a organiza\u00e7\u00e3o do desfile, com aten\u00e7\u00e3o especial \u00e0 concentra\u00e7\u00e3o das crian\u00e7as, local adequado, banheiros e log\u00edstica de apoio.<\/p>\n\n\n\n<p>O desfile promete ser um momento de celebra\u00e7\u00e3o e integra\u00e7\u00e3o da comunidade, reunindo gera\u00e7\u00f5es em homenagem \u00e0 hist\u00f3ria do pa\u00eds e fortalecendo o sentimento de cidadania e respeito \u00e0 nossa p\u00e1tria.<\/p>\n\n\n\n<p><strong>Assessoria de Imprensa<\/strong><br><strong>Fotos: Fot\u00f3grafos PMJ<\/strong><\/p>\n","protected":false},"excerpt":{"rendered":"<p>A Prefeitura de Jundia\u00ed realiza no pr\u00f3ximo domingo (7), a partir das 9h, o tradicional Desfile C\u00edvico em comemora\u00e7\u00e3o \u00e0 Independ\u00eancia do Brasil, na Avenida Prefeito Lu\u00eds Latorre, na altura da Rua Evandro C\u00e9sar Gnaccarini. O evento reunir\u00e1 escolas, for\u00e7as de seguran\u00e7a, institui\u00e7\u00f5es e entidades da cidade, em uma programa\u00e7\u00e3o que valoriza a cidadania, a [&hellip;]<\/p>\n","protected":false},"author":69,"featured_media":347754,"comment_status":"closed","ping_status":"0","sticky":false,"template":"","format":"standard","meta":{"footnotes":""},"categories":[2],"tags":[29,5504,5503,4150],"ods":[],"class_list":["post-364422","post","type-post","status-publish","format-standard","has-post-thumbnail","hentry","category-noticias","tag-cultura","tag-desfile-civico","tag-desfile-civico-de-7-de-setembro","tag-desfile-de-sete-de-setembro"],"_links":{"self":[{"href":"https:\/\/jundiai.sp.gov.br\/noticias\/wp-json\/wp\/v2\/posts\/364422","targetHints":{"allow":["GET"]}}],"collection":[{"href":"https:\/\/jundiai.sp.gov.br\/noticias\/wp-json\/wp\/v2\/posts"}],"about":[{"href":"https:\/\/jundiai.sp.gov.br\/noticias\/wp-json\/wp\/v2\/types\/post"}],"author":[{"embeddable":true,"href":"https:\/\/jundiai.sp.gov.br\/noticias\/wp-json\/wp\/v2\/users\/69"}],"replies":[{"embeddable":true,"href":"https:\/\/jundiai.sp.gov.br\/noticias\/wp-json\/wp\/v2\/comments?post=364422"}],"version-history":[{"count":6,"href":"https:\/\/jundiai.sp.gov.br\/noticias\/wp-json\/wp\/v2\/posts\/364422\/revisions"}],"predecessor-version":[{"id":364488,"href":"https:\/\/jundiai.sp.gov.br\/noticias\/wp-json\/wp\/v2\/posts\/364422\/revisions\/364488"}],"wp:featuredmedia":[{"embeddable":true,"href":"https:\/\/jundiai.sp.gov.br\/noticias\/wp-json\/wp\/v2\/media\/347754"}],"wp:attachment":[{"href":"https:\/\/jundiai.sp.gov.br\/noticias\/wp-json\/wp\/v2\/media?parent=364422"}],"wp:term":[{"taxonomy":"category","embeddable":true,"href":"https:\/\/jundiai.sp.gov.br\/noticias\/wp-json\/wp\/v2\/categories?post=364422"},{"taxonomy":"post_tag","embeddable":true,"href":"https:\/\/jundiai.sp.gov.br\/noticias\/wp-json\/wp\/v2\/tags?post=364422"},{"taxonomy":"ods","embeddable":true,"href":"https:\/\/jundiai.sp.gov.br\/noticias\/wp-json\/wp\/v2\/ods?post=364422"}],"curies":[{"name":"wp","href":"https:\/\/api.w.org\/{rel}","templated":true}]}}