{"id":364728,"date":"2025-09-09T12:00:00","date_gmt":"2025-09-09T15:00:00","guid":{"rendered":"https:\/\/jundiai.sp.gov.br\/noticias\/?p=364728"},"modified":"2025-09-08T16:07:18","modified_gmt":"2025-09-08T19:07:18","slug":"enredanca-leva-danca-e-emocao-para-diferentes-espacos-da-cidade","status":"publish","type":"post","link":"https:\/\/jundiai.sp.gov.br\/noticias\/2025\/09\/09\/enredanca-leva-danca-e-emocao-para-diferentes-espacos-da-cidade\/","title":{"rendered":"Enredan\u00e7a leva dan\u00e7a e emo\u00e7\u00e3o para diferentes espa\u00e7os da cidade"},"content":{"rendered":"\n<p>A Mostra Paralela da 27\u00aa edi\u00e7\u00e3o do Enredan\u00e7a tem movimentado o Maxi Shopping Jundia\u00ed com apresenta\u00e7\u00f5es que encantaram o p\u00fablico e refor\u00e7aram a import\u00e2ncia da democratiza\u00e7\u00e3o do acesso \u00e0 cultura.<\/p>\n\n\n\n<figure class=\"wp-block-image size-large\"><img loading=\"lazy\" decoding=\"async\" width=\"1280\" height=\"854\" src=\"https:\/\/jundiai.sp.gov.br\/noticias\/wp-content\/uploads\/sites\/32\/2025\/09\/mostra_paralela_enredanca_maxi_shopping_v-1-1280x854.jpg\" alt=\"\" class=\"wp-image-364734\" srcset=\"https:\/\/jundiai.sp.gov.br\/noticias\/wp-content\/uploads\/sites\/32\/2025\/09\/mostra_paralela_enredanca_maxi_shopping_v-1-1280x854.jpg 1280w, https:\/\/jundiai.sp.gov.br\/noticias\/wp-content\/uploads\/sites\/32\/2025\/09\/mostra_paralela_enredanca_maxi_shopping_v-1-300x200.jpg 300w, https:\/\/jundiai.sp.gov.br\/noticias\/wp-content\/uploads\/sites\/32\/2025\/09\/mostra_paralela_enredanca_maxi_shopping_v-1-768x512.jpg 768w, https:\/\/jundiai.sp.gov.br\/noticias\/wp-content\/uploads\/sites\/32\/2025\/09\/mostra_paralela_enredanca_maxi_shopping_v-1-1536x1024.jpg 1536w, https:\/\/jundiai.sp.gov.br\/noticias\/wp-content\/uploads\/sites\/32\/2025\/09\/mostra_paralela_enredanca_maxi_shopping_v-1-450x300.jpg 450w, https:\/\/jundiai.sp.gov.br\/noticias\/wp-content\/uploads\/sites\/32\/2025\/09\/mostra_paralela_enredanca_maxi_shopping_v-1.jpg 1900w\" sizes=\"auto, (max-width: 1280px) 100vw, 1280px\" \/><\/figure>\n\n\n\n<p>Promovido pela Prefeitura de Jundia\u00ed, por meio da Secretaria Municipal de Cultura (SMCULT), o Enredan\u00e7a re\u00fane bailarinos, grupos e amantes da dan\u00e7a, com o objetivo de estimular o interc\u00e2mbio entre estudantes, professores, core\u00f3grafos e companhias, al\u00e9m de aproximar a popula\u00e7\u00e3o da arte.<\/p>\n\n\n\n<p>De acordo com o diretor de Cultura da SMCULT, William Ramos, a Mostra Paralela levou ao palco 26 coreografias de diferentes modalidades, entre elas dan\u00e7a urbana, contempor\u00e2nea, cl\u00e1ssico de repert\u00f3rio e dan\u00e7a esportiva. \u201c\u00c9 fundamental popularizar a dan\u00e7a e levar a cultura para espa\u00e7os de grande circula\u00e7\u00e3o, para que mais pessoas tenham acesso e possam valorizar a arte. Essa \u00e9 uma parceria que amplia o alcance da cultura em nossa cidade\u201d, destacou.<\/p>\n\n\n\n<figure class=\"wp-block-gallery has-nested-images columns-default is-cropped wp-block-gallery-1 is-layout-flex wp-block-gallery-is-layout-flex\">\n<figure class=\"wp-block-image size-large\"><img loading=\"lazy\" decoding=\"async\" width=\"1280\" height=\"854\" data-id=\"364732\" src=\"https:\/\/jundiai.sp.gov.br\/noticias\/wp-content\/uploads\/sites\/32\/2025\/09\/mostra_paralela_enredanca_maxi_shopping_v-14-1280x854.jpg\" alt=\"\" class=\"wp-image-364732\" srcset=\"https:\/\/jundiai.sp.gov.br\/noticias\/wp-content\/uploads\/sites\/32\/2025\/09\/mostra_paralela_enredanca_maxi_shopping_v-14-1280x854.jpg 1280w, https:\/\/jundiai.sp.gov.br\/noticias\/wp-content\/uploads\/sites\/32\/2025\/09\/mostra_paralela_enredanca_maxi_shopping_v-14-300x200.jpg 300w, https:\/\/jundiai.sp.gov.br\/noticias\/wp-content\/uploads\/sites\/32\/2025\/09\/mostra_paralela_enredanca_maxi_shopping_v-14-768x512.jpg 768w, https:\/\/jundiai.sp.gov.br\/noticias\/wp-content\/uploads\/sites\/32\/2025\/09\/mostra_paralela_enredanca_maxi_shopping_v-14-1536x1024.jpg 1536w, https:\/\/jundiai.sp.gov.br\/noticias\/wp-content\/uploads\/sites\/32\/2025\/09\/mostra_paralela_enredanca_maxi_shopping_v-14-450x300.jpg 450w, https:\/\/jundiai.sp.gov.br\/noticias\/wp-content\/uploads\/sites\/32\/2025\/09\/mostra_paralela_enredanca_maxi_shopping_v-14.jpg 1900w\" sizes=\"auto, (max-width: 1280px) 100vw, 1280px\" \/><\/figure>\n\n\n\n<figure class=\"wp-block-image size-large\"><img loading=\"lazy\" decoding=\"async\" width=\"1280\" height=\"854\" data-id=\"364733\" src=\"https:\/\/jundiai.sp.gov.br\/noticias\/wp-content\/uploads\/sites\/32\/2025\/09\/mostra_paralela_enredanca_maxi_shopping_v-2-1280x854.jpg\" alt=\"\" class=\"wp-image-364733\" srcset=\"https:\/\/jundiai.sp.gov.br\/noticias\/wp-content\/uploads\/sites\/32\/2025\/09\/mostra_paralela_enredanca_maxi_shopping_v-2-1280x854.jpg 1280w, https:\/\/jundiai.sp.gov.br\/noticias\/wp-content\/uploads\/sites\/32\/2025\/09\/mostra_paralela_enredanca_maxi_shopping_v-2-300x200.jpg 300w, https:\/\/jundiai.sp.gov.br\/noticias\/wp-content\/uploads\/sites\/32\/2025\/09\/mostra_paralela_enredanca_maxi_shopping_v-2-768x512.jpg 768w, https:\/\/jundiai.sp.gov.br\/noticias\/wp-content\/uploads\/sites\/32\/2025\/09\/mostra_paralela_enredanca_maxi_shopping_v-2-1536x1024.jpg 1536w, https:\/\/jundiai.sp.gov.br\/noticias\/wp-content\/uploads\/sites\/32\/2025\/09\/mostra_paralela_enredanca_maxi_shopping_v-2-450x300.jpg 450w, https:\/\/jundiai.sp.gov.br\/noticias\/wp-content\/uploads\/sites\/32\/2025\/09\/mostra_paralela_enredanca_maxi_shopping_v-2.jpg 1900w\" sizes=\"auto, (max-width: 1280px) 100vw, 1280px\" \/><\/figure>\n<figcaption class=\"blocks-gallery-caption wp-element-caption\">Mostra Paralela no Maxi Shopping<\/figcaption><\/figure>\n\n\n\n<p>A plateia foi contagiada pela energia das apresenta\u00e7\u00f5es. O empres\u00e1rio aposentado Eduardo Afonso resumiu sua emo\u00e7\u00e3o ao assistir \u00e0s coreografias. \u201cA dan\u00e7a \u00e9 um brinde. \u00c9 maravilhoso ver essa gera\u00e7\u00e3o se apresentando. O futuro est\u00e1 aqui.\u201d<\/p>\n\n\n\n<p>O sentimento foi compartilhado pelos artistas, que valorizaram a recep\u00e7\u00e3o calorosa do p\u00fablico. Para o bailarino Jo\u00e3o Oliver, da Companhia Espa\u00e7o Play N\u00facleo de Dan\u00e7a, a experi\u00eancia foi marcante:<br>\u201cA gente est\u00e1 acostumado a se apresentar para outro tipo de plateia. Aqui, a gente sente essa troca, esse afeto. Uma troca de olhar no palco j\u00e1 significa muito.\u201d<\/p>\n\n\n\n<p>J\u00e1 a bailarina J\u00falia Pedr\u00e3o, da Companhia de Ballet Teatro Oficina, ressaltou a import\u00e2ncia de levar a arte a diferentes espa\u00e7os. \u201c\u00c9 muito especial poder mostrar nosso trabalho em um espa\u00e7o que re\u00fane tanta gente. S\u00e3o pessoas que est\u00e3o passeando ou fazendo compras e, em algum momento, param para nos assistir. Aqui estamos sendo prestigiados por crian\u00e7as, jovens e adultos.\u201d<\/p>\n\n\n\n<figure class=\"wp-block-gallery has-nested-images columns-default is-cropped wp-block-gallery-2 is-layout-flex wp-block-gallery-is-layout-flex\">\n<figure class=\"wp-block-image size-large\"><img loading=\"lazy\" decoding=\"async\" width=\"1280\" height=\"854\" data-id=\"364730\" src=\"https:\/\/jundiai.sp.gov.br\/noticias\/wp-content\/uploads\/sites\/32\/2025\/09\/mostra_paralela_enredanca_maxi_shopping_v-6-1280x854.jpg\" alt=\"\" class=\"wp-image-364730\" srcset=\"https:\/\/jundiai.sp.gov.br\/noticias\/wp-content\/uploads\/sites\/32\/2025\/09\/mostra_paralela_enredanca_maxi_shopping_v-6-1280x854.jpg 1280w, https:\/\/jundiai.sp.gov.br\/noticias\/wp-content\/uploads\/sites\/32\/2025\/09\/mostra_paralela_enredanca_maxi_shopping_v-6-300x200.jpg 300w, https:\/\/jundiai.sp.gov.br\/noticias\/wp-content\/uploads\/sites\/32\/2025\/09\/mostra_paralela_enredanca_maxi_shopping_v-6-768x512.jpg 768w, https:\/\/jundiai.sp.gov.br\/noticias\/wp-content\/uploads\/sites\/32\/2025\/09\/mostra_paralela_enredanca_maxi_shopping_v-6-1536x1024.jpg 1536w, https:\/\/jundiai.sp.gov.br\/noticias\/wp-content\/uploads\/sites\/32\/2025\/09\/mostra_paralela_enredanca_maxi_shopping_v-6-450x300.jpg 450w, https:\/\/jundiai.sp.gov.br\/noticias\/wp-content\/uploads\/sites\/32\/2025\/09\/mostra_paralela_enredanca_maxi_shopping_v-6.jpg 1900w\" sizes=\"auto, (max-width: 1280px) 100vw, 1280px\" \/><\/figure>\n\n\n\n<figure class=\"wp-block-image size-large\"><img loading=\"lazy\" decoding=\"async\" width=\"1280\" height=\"854\" data-id=\"364731\" src=\"https:\/\/jundiai.sp.gov.br\/noticias\/wp-content\/uploads\/sites\/32\/2025\/09\/mostra_paralela_enredanca_maxi_shopping_v-11-1280x854.jpg\" alt=\"\" class=\"wp-image-364731\" srcset=\"https:\/\/jundiai.sp.gov.br\/noticias\/wp-content\/uploads\/sites\/32\/2025\/09\/mostra_paralela_enredanca_maxi_shopping_v-11-1280x854.jpg 1280w, https:\/\/jundiai.sp.gov.br\/noticias\/wp-content\/uploads\/sites\/32\/2025\/09\/mostra_paralela_enredanca_maxi_shopping_v-11-300x200.jpg 300w, https:\/\/jundiai.sp.gov.br\/noticias\/wp-content\/uploads\/sites\/32\/2025\/09\/mostra_paralela_enredanca_maxi_shopping_v-11-768x512.jpg 768w, https:\/\/jundiai.sp.gov.br\/noticias\/wp-content\/uploads\/sites\/32\/2025\/09\/mostra_paralela_enredanca_maxi_shopping_v-11-1536x1024.jpg 1536w, https:\/\/jundiai.sp.gov.br\/noticias\/wp-content\/uploads\/sites\/32\/2025\/09\/mostra_paralela_enredanca_maxi_shopping_v-11-450x300.jpg 450w, https:\/\/jundiai.sp.gov.br\/noticias\/wp-content\/uploads\/sites\/32\/2025\/09\/mostra_paralela_enredanca_maxi_shopping_v-11.jpg 1900w\" sizes=\"auto, (max-width: 1280px) 100vw, 1280px\" \/><\/figure>\n<figcaption class=\"blocks-gallery-caption wp-element-caption\">Bailarinos comemoram a presen\u00e7a do p\u00fablico<\/figcaption><\/figure>\n\n\n\n<p>A 27\u00aa edi\u00e7\u00e3o do Enredan\u00e7a segue at\u00e9 o dia 21 de setembro, com espet\u00e1culos distribu\u00eddos em duas categorias: Mostra Competitiva e Mostra Paralela. Confira a programa\u00e7\u00e3o completa com hor\u00e1rios e locais clicando <a href=\"https:\/\/cultura.jundiai.sp.gov.br\/enredanca\/\">aqui<\/a>.<\/p>\n\n\n\n<p><strong>Assessoria de Imprensa<\/strong><br><strong>Fotos: Fot\u00f3grafo PMJ<\/strong><\/p>\n","protected":false},"excerpt":{"rendered":"<p>A Mostra Paralela da 27\u00aa edi\u00e7\u00e3o do Enredan\u00e7a tem movimentado o Maxi Shopping Jundia\u00ed com apresenta\u00e7\u00f5es que encantaram o p\u00fablico e refor\u00e7aram a import\u00e2ncia da democratiza\u00e7\u00e3o do acesso \u00e0 cultura. Promovido pela Prefeitura de Jundia\u00ed, por meio da Secretaria Municipal de Cultura (SMCULT), o Enredan\u00e7a re\u00fane bailarinos, grupos e amantes da dan\u00e7a, com o objetivo [&hellip;]<\/p>\n","protected":false},"author":123,"featured_media":364734,"comment_status":"closed","ping_status":"0","sticky":false,"template":"","format":"standard","meta":{"footnotes":""},"categories":[4620,2],"tags":[29,1006],"ods":[],"class_list":["post-364728","post","type-post","status-publish","format-standard","has-post-thumbnail","hentry","category-destaques","category-noticias","tag-cultura","tag-festival-enredanca"],"_links":{"self":[{"href":"https:\/\/jundiai.sp.gov.br\/noticias\/wp-json\/wp\/v2\/posts\/364728","targetHints":{"allow":["GET"]}}],"collection":[{"href":"https:\/\/jundiai.sp.gov.br\/noticias\/wp-json\/wp\/v2\/posts"}],"about":[{"href":"https:\/\/jundiai.sp.gov.br\/noticias\/wp-json\/wp\/v2\/types\/post"}],"author":[{"embeddable":true,"href":"https:\/\/jundiai.sp.gov.br\/noticias\/wp-json\/wp\/v2\/users\/123"}],"replies":[{"embeddable":true,"href":"https:\/\/jundiai.sp.gov.br\/noticias\/wp-json\/wp\/v2\/comments?post=364728"}],"version-history":[{"count":4,"href":"https:\/\/jundiai.sp.gov.br\/noticias\/wp-json\/wp\/v2\/posts\/364728\/revisions"}],"predecessor-version":[{"id":364775,"href":"https:\/\/jundiai.sp.gov.br\/noticias\/wp-json\/wp\/v2\/posts\/364728\/revisions\/364775"}],"wp:featuredmedia":[{"embeddable":true,"href":"https:\/\/jundiai.sp.gov.br\/noticias\/wp-json\/wp\/v2\/media\/364734"}],"wp:attachment":[{"href":"https:\/\/jundiai.sp.gov.br\/noticias\/wp-json\/wp\/v2\/media?parent=364728"}],"wp:term":[{"taxonomy":"category","embeddable":true,"href":"https:\/\/jundiai.sp.gov.br\/noticias\/wp-json\/wp\/v2\/categories?post=364728"},{"taxonomy":"post_tag","embeddable":true,"href":"https:\/\/jundiai.sp.gov.br\/noticias\/wp-json\/wp\/v2\/tags?post=364728"},{"taxonomy":"ods","embeddable":true,"href":"https:\/\/jundiai.sp.gov.br\/noticias\/wp-json\/wp\/v2\/ods?post=364728"}],"curies":[{"name":"wp","href":"https:\/\/api.w.org\/{rel}","templated":true}]}}