{"id":365235,"date":"2025-09-18T16:00:00","date_gmt":"2025-09-18T19:00:00","guid":{"rendered":"https:\/\/jundiai.sp.gov.br\/noticias\/?p=365235"},"modified":"2025-09-17T13:55:41","modified_gmt":"2025-09-17T16:55:41","slug":"prefeitura-de-jundiai-abre-inscricoes-para-a-corte-da-uva-2026-e-miss-perola-negra-2025","status":"publish","type":"post","link":"https:\/\/jundiai.sp.gov.br\/noticias\/2025\/09\/18\/prefeitura-de-jundiai-abre-inscricoes-para-a-corte-da-uva-2026-e-miss-perola-negra-2025\/","title":{"rendered":"Prefeitura de Jundia\u00ed abre inscri\u00e7\u00f5es para a Corte da Uva 2026 e Miss P\u00e9rola Negra 2025"},"content":{"rendered":"\n<p>A Prefeitura de Jundia\u00ed, por meio da Secretaria de Cultura, abriu as inscri\u00e7\u00f5es para os concursos da Corte da Uva 2026 e do Miss P\u00e9rola Negra 2025.<\/p>\n\n\n\n<figure class=\"wp-block-image size-large\"><img loading=\"lazy\" decoding=\"async\" width=\"1280\" height=\"854\" src=\"https:\/\/jundiai.sp.gov.br\/noticias\/wp-content\/uploads\/sites\/32\/2025\/09\/eleicao-da-corte-da-uva-2025-gerais-e-premiadas-_ws-233-1280x854.jpg\" alt=\"\" class=\"wp-image-365238\" srcset=\"https:\/\/jundiai.sp.gov.br\/noticias\/wp-content\/uploads\/sites\/32\/2025\/09\/eleicao-da-corte-da-uva-2025-gerais-e-premiadas-_ws-233-1280x854.jpg 1280w, https:\/\/jundiai.sp.gov.br\/noticias\/wp-content\/uploads\/sites\/32\/2025\/09\/eleicao-da-corte-da-uva-2025-gerais-e-premiadas-_ws-233-300x200.jpg 300w, https:\/\/jundiai.sp.gov.br\/noticias\/wp-content\/uploads\/sites\/32\/2025\/09\/eleicao-da-corte-da-uva-2025-gerais-e-premiadas-_ws-233-768x512.jpg 768w, https:\/\/jundiai.sp.gov.br\/noticias\/wp-content\/uploads\/sites\/32\/2025\/09\/eleicao-da-corte-da-uva-2025-gerais-e-premiadas-_ws-233-1536x1024.jpg 1536w, https:\/\/jundiai.sp.gov.br\/noticias\/wp-content\/uploads\/sites\/32\/2025\/09\/eleicao-da-corte-da-uva-2025-gerais-e-premiadas-_ws-233-450x300.jpg 450w, https:\/\/jundiai.sp.gov.br\/noticias\/wp-content\/uploads\/sites\/32\/2025\/09\/eleicao-da-corte-da-uva-2025-gerais-e-premiadas-_ws-233.jpg 1900w\" sizes=\"auto, (max-width: 1280px) 100vw, 1280px\" \/><figcaption class=\"wp-element-caption\">Inscri\u00e7\u00f5es para Corte da Uva e Miss P\u00e9rola Negra<\/figcaption><\/figure>\n\n\n\n<p><strong>Corte da Uva: 41\u00aa Festa da Uva e 12\u00aa Expo Vinho<\/strong><br>As inscri\u00e7\u00f5es v\u00e3o at\u00e9 20 de outubro e devem ser feitas on-line pelo formul\u00e1rio basta clicar <a href=\"https:\/\/forms.gle\/r8enVFeJ5HuSu7sm7\" target=\"_blank\" rel=\"noreferrer noopener\">aqui<\/a>.<\/p>\n\n\n\n<p>Podem participar candidatas de 18 a 30 anos, moradoras de Jundia\u00ed h\u00e1 pelo menos dois anos. O desfile de escolha est\u00e1 marcado para o dia 15 de novembro, \u00e0s 19h, no Teatro Polytheama.<\/p>\n\n\n\n<p><strong>Premia\u00e7\u00e3o:<\/strong><br>As vencedoras receber\u00e3o pr\u00eamios em dinheiro: R$ 7.500,00 (Rainha), R$ 6.500,00 (1\u00aa Princesa) e R$ 6.000,00 (2\u00aa Princesa).<\/p>\n\n\n\n<p><strong>Observa\u00e7\u00e3o<\/strong><br>A 41\u00aa Festa da Uva e 12\u00aa Expo Vinho ser\u00e1 realizada de 15 de janeiro a 8 de fevereiro de 2026.<\/p>\n\n\n\n<p>Mais informa\u00e7\u00f5es: cortedauva@jundiai.sp.gov.br<br>Telefone: (11) 4589-6800<\/p>\n\n\n\n<p><strong>Miss P\u00e9rola Negra 2025<\/strong><br>As inscri\u00e7\u00f5es para o Miss P\u00e9rola Negra 2025 tamb\u00e9m seguem at\u00e9 20 de outubro e devem ser feitas atrav\u00e9s do formul\u00e1rio ao lado: &nbsp;<a href=\"https:\/\/forms.gle\/44RPr2gvET4v83FfA\" target=\"_blank\" rel=\"noreferrer noopener\">[inscri\u00e7\u00f5es]<\/a>&nbsp;<\/p>\n\n\n\n<p>Podem se inscrever mulheres de 18 a 30 anos, residentes em Jundia\u00ed h\u00e1 pelo menos dois anos. O desfile de escolha ser\u00e1 no dia 16 de novembro, \u00e0s 19h, no Teatro Polytheama.<\/p>\n\n\n\n<p><strong>Premia\u00e7\u00e3o:<\/strong><br>A vencedora receber\u00e1 o pr\u00eamio de R$ 6.000,00.<\/p>\n\n\n\n<p>D\u00favidas e orienta\u00e7\u00f5es atrav\u00e9s dos canais:<br>E-mail: dcultura@jundiai.sp.gov.br<br>Telefone: (11) 4589-6800<\/p>\n\n\n\n<p>Os concursos t\u00eam como objetivo valorizar a cultura, a representatividade e a tradi\u00e7\u00e3o de Jundia\u00ed.<\/p>\n\n\n\n<p>O link dos editais e regulamentos pode ser acessado ao lado: &nbsp;<a href=\"https:\/\/cultura.jundiai.sp.gov.br\/editais-e-regulamentos\/\" target=\"_blank\" rel=\"noreferrer noopener\">[editais e regulamentos]<\/a><\/p>\n\n\n\n<p><strong>Assessoria de Imprensa<\/strong><br><strong>Fotos: Arquivo PMJ<\/strong><\/p>\n","protected":false},"excerpt":{"rendered":"<p>A Prefeitura de Jundia\u00ed, por meio da Secretaria de Cultura, abriu as inscri\u00e7\u00f5es para os concursos da Corte da Uva 2026 e do Miss P\u00e9rola Negra 2025. Corte da Uva: 41\u00aa Festa da Uva e 12\u00aa Expo VinhoAs inscri\u00e7\u00f5es v\u00e3o at\u00e9 20 de outubro e devem ser feitas on-line pelo formul\u00e1rio basta clicar aqui. Podem [&hellip;]<\/p>\n","protected":false},"author":123,"featured_media":365238,"comment_status":"closed","ping_status":"0","sticky":false,"template":"","format":"standard","meta":{"footnotes":""},"categories":[4620,2],"tags":[5594,29],"ods":[],"class_list":["post-365235","post","type-post","status-publish","format-standard","has-post-thumbnail","hentry","category-destaques","category-noticias","tag-corte-da-uva-2026","tag-cultura"],"_links":{"self":[{"href":"https:\/\/jundiai.sp.gov.br\/noticias\/wp-json\/wp\/v2\/posts\/365235","targetHints":{"allow":["GET"]}}],"collection":[{"href":"https:\/\/jundiai.sp.gov.br\/noticias\/wp-json\/wp\/v2\/posts"}],"about":[{"href":"https:\/\/jundiai.sp.gov.br\/noticias\/wp-json\/wp\/v2\/types\/post"}],"author":[{"embeddable":true,"href":"https:\/\/jundiai.sp.gov.br\/noticias\/wp-json\/wp\/v2\/users\/123"}],"replies":[{"embeddable":true,"href":"https:\/\/jundiai.sp.gov.br\/noticias\/wp-json\/wp\/v2\/comments?post=365235"}],"version-history":[{"count":4,"href":"https:\/\/jundiai.sp.gov.br\/noticias\/wp-json\/wp\/v2\/posts\/365235\/revisions"}],"predecessor-version":[{"id":365243,"href":"https:\/\/jundiai.sp.gov.br\/noticias\/wp-json\/wp\/v2\/posts\/365235\/revisions\/365243"}],"wp:featuredmedia":[{"embeddable":true,"href":"https:\/\/jundiai.sp.gov.br\/noticias\/wp-json\/wp\/v2\/media\/365238"}],"wp:attachment":[{"href":"https:\/\/jundiai.sp.gov.br\/noticias\/wp-json\/wp\/v2\/media?parent=365235"}],"wp:term":[{"taxonomy":"category","embeddable":true,"href":"https:\/\/jundiai.sp.gov.br\/noticias\/wp-json\/wp\/v2\/categories?post=365235"},{"taxonomy":"post_tag","embeddable":true,"href":"https:\/\/jundiai.sp.gov.br\/noticias\/wp-json\/wp\/v2\/tags?post=365235"},{"taxonomy":"ods","embeddable":true,"href":"https:\/\/jundiai.sp.gov.br\/noticias\/wp-json\/wp\/v2\/ods?post=365235"}],"curies":[{"name":"wp","href":"https:\/\/api.w.org\/{rel}","templated":true}]}}