{"id":365826,"date":"2025-09-29T12:00:00","date_gmt":"2025-09-29T15:00:00","guid":{"rendered":"https:\/\/jundiai.sp.gov.br\/noticias\/?p=365826"},"modified":"2025-09-26T12:13:26","modified_gmt":"2025-09-26T15:13:26","slug":"no-mes-do-halloween-programacao-de-cinema-pontos-mis-traz-classicos-tematicos-para-a-tela-do-espaco-expressa","status":"publish","type":"post","link":"https:\/\/jundiai.sp.gov.br\/noticias\/2025\/09\/29\/no-mes-do-halloween-programacao-de-cinema-pontos-mis-traz-classicos-tematicos-para-a-tela-do-espaco-expressa\/","title":{"rendered":"Outubro ter\u00e1 programa\u00e7\u00e3o de cinema com cl\u00e1ssicos tem\u00e1ticos do Pontos MIS no Espa\u00e7o Expressa"},"content":{"rendered":"\n<p>No m\u00eas de outubro, a <a href=\"https:\/\/cultura.jundiai.sp.gov.br\/eventos\/tag\/pontos-mis\/\" target=\"_blank\" rel=\"noreferrer noopener\">programa\u00e7\u00e3o de outubro do projeto Pontos MIS<\/a> traz cl\u00e1ssicos tem\u00e1ticos do cinema mundial para a Sala S\u00e3o Paulo-Minas de cinema do Espa\u00e7o Expressa. A entrada \u00e9 sempre gratuita, por ordem de chegada, e cada obra tem a sua classifica\u00e7\u00e3o et\u00e1ria indicada pelo projeto. Todas as sess\u00f5es come\u00e7am \u00e0s 19h e contam com 90 lugares<\/p>\n\n\n\n<p>Na sexta-feira (03), a estreia do m\u00eas ficar\u00e1 por conta de \u201cO Gabinete do Dr. Caligari\u201d, cl\u00e1ssico de Robert Wiene, de 1920. Uma das grandes obras do cinema expressionista alem\u00e3o que conta a hist\u00f3ria dos amigos Francis e Alan, que, ao fazer uma visita ao gabinete do misterioso hipnotizador Dr. Caligari, descobriram o son\u00e2mbulo Cesare.<\/p>\n\n\n\n<figure class=\"wp-block-image size-large\"><img loading=\"lazy\" decoding=\"async\" width=\"1280\" height=\"854\" src=\"https:\/\/jundiai.sp.gov.br\/noticias\/wp-content\/uploads\/sites\/32\/2025\/09\/cia_de_danca_expressa_v_sala_de_cinema-2-1280x854.jpg\" alt=\"\" class=\"wp-image-365832\" srcset=\"https:\/\/jundiai.sp.gov.br\/noticias\/wp-content\/uploads\/sites\/32\/2025\/09\/cia_de_danca_expressa_v_sala_de_cinema-2-1280x854.jpg 1280w, https:\/\/jundiai.sp.gov.br\/noticias\/wp-content\/uploads\/sites\/32\/2025\/09\/cia_de_danca_expressa_v_sala_de_cinema-2-300x200.jpg 300w, https:\/\/jundiai.sp.gov.br\/noticias\/wp-content\/uploads\/sites\/32\/2025\/09\/cia_de_danca_expressa_v_sala_de_cinema-2-768x512.jpg 768w, https:\/\/jundiai.sp.gov.br\/noticias\/wp-content\/uploads\/sites\/32\/2025\/09\/cia_de_danca_expressa_v_sala_de_cinema-2-1536x1024.jpg 1536w, https:\/\/jundiai.sp.gov.br\/noticias\/wp-content\/uploads\/sites\/32\/2025\/09\/cia_de_danca_expressa_v_sala_de_cinema-2-450x300.jpg 450w, https:\/\/jundiai.sp.gov.br\/noticias\/wp-content\/uploads\/sites\/32\/2025\/09\/cia_de_danca_expressa_v_sala_de_cinema-2.jpg 1900w\" sizes=\"auto, (max-width: 1280px) 100vw, 1280px\" \/><figcaption class=\"wp-element-caption\">Sala de cinema fica na avenida Uni\u00e3o dos Ferrovi\u00e1rios, 1760 \u2013 antigo Complexo Fepasa<\/figcaption><\/figure>\n\n\n\n<p>J\u00e1 na sexta-feira (10), ser\u00e1 a vez da exibi\u00e7\u00e3o de \u201cSombras do terror\u201d, filme refer\u00eancia para o horror com in\u00edcio da carreira de Coppola e Jack Nicholson. Quais os mist\u00e9rios desse grande castelo, nesta obra produzida nos Estados Unidos e lan\u00e7ada em 1963?<\/p>\n\n\n\n<p>Na quinta-feira (16), o p\u00fablico poder\u00e1 prestigiar o cl\u00e1ssico \u201cFrankenstein\u201d, de James Whale. O cientista Henry Frankenstein \u00e9 movido pela ideia de criar vida atrav\u00e9s de seus experimentos com corpos humanos. Sua famosa criatura, o monstro Frankenstein, ganha vida com o impulso energ\u00e9tico de uma tempestade.<\/p>\n\n\n\n<p>Na semana seguinte, na quinta-feira (23), mais um cl\u00e1ssico de James Whale estar\u00e1 de volta, desta vez com \u201cA noiva de Frankenstein\u201d, sequ\u00eancia ic\u00f4nica em que Dr. Frankenstein, ainda incompreendido pelos que o rodeiam, \u00e9 influenciado a dar continuidade aos seus experimentos, criando uma companheira para a sua criatura.<\/p>\n\n\n\n<p>E, encerrando a programa\u00e7\u00e3o tem\u00e1tica, na quinta-feira (30), a exibi\u00e7\u00e3o programada ser\u00e1 a de \u201cNosferatu\u201d, cl\u00e1ssico do alem\u00e3o F. W. Murnau de 1922. O corretor de im\u00f3veis Hutter precisa vender um castelo cujo propriet\u00e1rio \u00e9 o exc\u00eantrico conde Graf Orlock. O conde, na verdade, \u00e9 um vampiro milenar que espalha o terror na regi\u00e3o de Bremen, na Alemanha, e se interessa por Ellen, a mulher de Hutter.<\/p>\n\n\n\n<p><\/p>\n\n\n\n<figure class=\"wp-block-gallery has-nested-images columns-default is-cropped wp-block-gallery-1 is-layout-flex wp-block-gallery-is-layout-flex\">\n<figure class=\"wp-block-image size-large\"><img loading=\"lazy\" decoding=\"async\" width=\"600\" height=\"600\" data-id=\"365830\" src=\"https:\/\/jundiai.sp.gov.br\/noticias\/wp-content\/uploads\/sites\/32\/2025\/09\/o-gabinete-do-dr-caligari_1.png\" alt=\"\" class=\"wp-image-365830\" srcset=\"https:\/\/jundiai.sp.gov.br\/noticias\/wp-content\/uploads\/sites\/32\/2025\/09\/o-gabinete-do-dr-caligari_1.png 600w, https:\/\/jundiai.sp.gov.br\/noticias\/wp-content\/uploads\/sites\/32\/2025\/09\/o-gabinete-do-dr-caligari_1-300x300.png 300w, https:\/\/jundiai.sp.gov.br\/noticias\/wp-content\/uploads\/sites\/32\/2025\/09\/o-gabinete-do-dr-caligari_1-100x100.png 100w\" sizes=\"auto, (max-width: 600px) 100vw, 600px\" \/><figcaption class=\"wp-element-caption\">O Gabinete do Dr. Caligari<\/figcaption><\/figure>\n\n\n\n<figure class=\"wp-block-image size-large\"><img loading=\"lazy\" decoding=\"async\" width=\"600\" height=\"600\" data-id=\"365831\" src=\"https:\/\/jundiai.sp.gov.br\/noticias\/wp-content\/uploads\/sites\/32\/2025\/09\/sombras-do-terror_1.png\" alt=\"\" class=\"wp-image-365831\" srcset=\"https:\/\/jundiai.sp.gov.br\/noticias\/wp-content\/uploads\/sites\/32\/2025\/09\/sombras-do-terror_1.png 600w, https:\/\/jundiai.sp.gov.br\/noticias\/wp-content\/uploads\/sites\/32\/2025\/09\/sombras-do-terror_1-300x300.png 300w, https:\/\/jundiai.sp.gov.br\/noticias\/wp-content\/uploads\/sites\/32\/2025\/09\/sombras-do-terror_1-100x100.png 100w\" sizes=\"auto, (max-width: 600px) 100vw, 600px\" \/><figcaption class=\"wp-element-caption\">Sombras do terror<\/figcaption><\/figure>\n\n\n\n<figure class=\"wp-block-image size-large\"><img loading=\"lazy\" decoding=\"async\" width=\"600\" height=\"600\" data-id=\"365828\" src=\"https:\/\/jundiai.sp.gov.br\/noticias\/wp-content\/uploads\/sites\/32\/2025\/09\/frankenstein_1.png\" alt=\"\" class=\"wp-image-365828\" srcset=\"https:\/\/jundiai.sp.gov.br\/noticias\/wp-content\/uploads\/sites\/32\/2025\/09\/frankenstein_1.png 600w, https:\/\/jundiai.sp.gov.br\/noticias\/wp-content\/uploads\/sites\/32\/2025\/09\/frankenstein_1-300x300.png 300w, https:\/\/jundiai.sp.gov.br\/noticias\/wp-content\/uploads\/sites\/32\/2025\/09\/frankenstein_1-100x100.png 100w\" sizes=\"auto, (max-width: 600px) 100vw, 600px\" \/><figcaption class=\"wp-element-caption\">Frankenstein<\/figcaption><\/figure>\n\n\n\n<figure class=\"wp-block-image size-large\"><img loading=\"lazy\" decoding=\"async\" width=\"600\" height=\"600\" data-id=\"365827\" src=\"https:\/\/jundiai.sp.gov.br\/noticias\/wp-content\/uploads\/sites\/32\/2025\/09\/a-noiva-de-frankenstein_1.png\" alt=\"\" class=\"wp-image-365827\" srcset=\"https:\/\/jundiai.sp.gov.br\/noticias\/wp-content\/uploads\/sites\/32\/2025\/09\/a-noiva-de-frankenstein_1.png 600w, https:\/\/jundiai.sp.gov.br\/noticias\/wp-content\/uploads\/sites\/32\/2025\/09\/a-noiva-de-frankenstein_1-300x300.png 300w, https:\/\/jundiai.sp.gov.br\/noticias\/wp-content\/uploads\/sites\/32\/2025\/09\/a-noiva-de-frankenstein_1-100x100.png 100w\" sizes=\"auto, (max-width: 600px) 100vw, 600px\" \/><figcaption class=\"wp-element-caption\">A noiva de Frankenstein<\/figcaption><\/figure>\n\n\n\n<figure class=\"wp-block-image size-large\"><img loading=\"lazy\" decoding=\"async\" width=\"600\" height=\"600\" data-id=\"365829\" src=\"https:\/\/jundiai.sp.gov.br\/noticias\/wp-content\/uploads\/sites\/32\/2025\/09\/nosferatu_1.png\" alt=\"\" class=\"wp-image-365829\" srcset=\"https:\/\/jundiai.sp.gov.br\/noticias\/wp-content\/uploads\/sites\/32\/2025\/09\/nosferatu_1.png 600w, https:\/\/jundiai.sp.gov.br\/noticias\/wp-content\/uploads\/sites\/32\/2025\/09\/nosferatu_1-300x300.png 300w, https:\/\/jundiai.sp.gov.br\/noticias\/wp-content\/uploads\/sites\/32\/2025\/09\/nosferatu_1-100x100.png 100w\" sizes=\"auto, (max-width: 600px) 100vw, 600px\" \/><figcaption class=\"wp-element-caption\">Nosferatu<\/figcaption><\/figure>\n<\/figure>\n\n\n\n<p><strong>Pontos MIS<\/strong><br>Por meio de uma parceria entre a Secretaria Municipal de Cultura (SMCULT) de Jundia\u00ed e a Secretaria de Cultura, Economia e Ind\u00fastria Criativas do Governo do Estado de S\u00e3o Paulo, a Sala S\u00e3o Paulo-Minas do Espa\u00e7o Expressa integra o projeto Pontos MIS para exibi\u00e7\u00e3o gratuitas de filmes, oficinas, palestras, exposi\u00e7\u00f5es e forma\u00e7\u00e3o em gest\u00e3o cultural.<\/p>\n\n\n\n<p>O Espa\u00e7o Expressa fica na avenida Uni\u00e3o dos Ferrovi\u00e1rios, 1760 \u2013 antigo Complexo Fepasa, e conta com estacionamento gratuito e coberto. <a href=\"https:\/\/cultura.jundiai.sp.gov.br\/eventos\/tag\/pontos-mis\/\" target=\"_blank\" rel=\"noreferrer noopener\">Os detalhes da programa\u00e7\u00e3o dos Pontos MIS em Jundia\u00ed podem ser conferidas na Agenda Cultura<\/a>.<\/p>\n\n\n\n<p><strong>Assessoria de Imprensa<br>Fotos: Arquivo PMJ e Divulga\u00e7\u00e3o <\/strong><\/p>\n","protected":false},"excerpt":{"rendered":"<p>No m\u00eas de outubro, a programa\u00e7\u00e3o de outubro do projeto Pontos MIS traz cl\u00e1ssicos tem\u00e1ticos do cinema mundial para a Sala S\u00e3o Paulo-Minas de cinema do Espa\u00e7o Expressa. A entrada \u00e9 sempre gratuita, por ordem de chegada, e cada obra tem a sua classifica\u00e7\u00e3o et\u00e1ria indicada pelo projeto. Todas as sess\u00f5es come\u00e7am \u00e0s 19h e [&hellip;]<\/p>\n","protected":false},"author":14,"featured_media":365833,"comment_status":"closed","ping_status":"0","sticky":false,"template":"","format":"standard","meta":{"footnotes":""},"categories":[4620,2],"tags":[635,29,449,4861,4253],"ods":[],"class_list":["post-365826","post","type-post","status-publish","format-standard","has-post-thumbnail","hentry","category-destaques","category-noticias","tag-cinema","tag-cultura","tag-espaco-expressa","tag-pontos-mis","tag-sala-santos-jundiai"],"_links":{"self":[{"href":"https:\/\/jundiai.sp.gov.br\/noticias\/wp-json\/wp\/v2\/posts\/365826","targetHints":{"allow":["GET"]}}],"collection":[{"href":"https:\/\/jundiai.sp.gov.br\/noticias\/wp-json\/wp\/v2\/posts"}],"about":[{"href":"https:\/\/jundiai.sp.gov.br\/noticias\/wp-json\/wp\/v2\/types\/post"}],"author":[{"embeddable":true,"href":"https:\/\/jundiai.sp.gov.br\/noticias\/wp-json\/wp\/v2\/users\/14"}],"replies":[{"embeddable":true,"href":"https:\/\/jundiai.sp.gov.br\/noticias\/wp-json\/wp\/v2\/comments?post=365826"}],"version-history":[{"count":5,"href":"https:\/\/jundiai.sp.gov.br\/noticias\/wp-json\/wp\/v2\/posts\/365826\/revisions"}],"predecessor-version":[{"id":365867,"href":"https:\/\/jundiai.sp.gov.br\/noticias\/wp-json\/wp\/v2\/posts\/365826\/revisions\/365867"}],"wp:featuredmedia":[{"embeddable":true,"href":"https:\/\/jundiai.sp.gov.br\/noticias\/wp-json\/wp\/v2\/media\/365833"}],"wp:attachment":[{"href":"https:\/\/jundiai.sp.gov.br\/noticias\/wp-json\/wp\/v2\/media?parent=365826"}],"wp:term":[{"taxonomy":"category","embeddable":true,"href":"https:\/\/jundiai.sp.gov.br\/noticias\/wp-json\/wp\/v2\/categories?post=365826"},{"taxonomy":"post_tag","embeddable":true,"href":"https:\/\/jundiai.sp.gov.br\/noticias\/wp-json\/wp\/v2\/tags?post=365826"},{"taxonomy":"ods","embeddable":true,"href":"https:\/\/jundiai.sp.gov.br\/noticias\/wp-json\/wp\/v2\/ods?post=365826"}],"curies":[{"name":"wp","href":"https:\/\/api.w.org\/{rel}","templated":true}]}}