{"id":366610,"date":"2025-10-10T08:00:00","date_gmt":"2025-10-10T11:00:00","guid":{"rendered":"https:\/\/jundiai.sp.gov.br\/noticias\/?p=366610"},"modified":"2025-10-09T15:29:25","modified_gmt":"2025-10-09T18:29:25","slug":"procon-jundiai-promove-hoje-10-orientacao-sobre-compra-e-consumo-seguro-de-bebidas-alcoolicas","status":"publish","type":"post","link":"https:\/\/jundiai.sp.gov.br\/noticias\/2025\/10\/10\/procon-jundiai-promove-hoje-10-orientacao-sobre-compra-e-consumo-seguro-de-bebidas-alcoolicas\/","title":{"rendered":"Procon Jundia\u00ed promove hoje (10) orienta\u00e7\u00e3o sobre compra e consumo seguro de bebidas alco\u00f3licas"},"content":{"rendered":"\n<p>O Procon Jundia\u00ed realiza, nesta sexta-feira (10), a a\u00e7\u00e3o \u201cDe Olho no Copo\u201d, com o objetivo de orientar comerciantes e consumidores sobre os cuidados na compra, venda e consumo de bebidas alco\u00f3licas em bares, restaurantes e adegas da cidade.<\/p>\n\n\n\n<p>A iniciativa integra uma for\u00e7a-tarefa estadual convocada pela Funda\u00e7\u00e3o Procon-SP, que re\u00fane os Procons do interior e da capital em uma a\u00e7\u00e3o conjunta de educa\u00e7\u00e3o e conscientiza\u00e7\u00e3o para o consumo seguro e respons\u00e1vel.<\/p>\n\n\n\n<figure class=\"wp-block-image size-large\"><img loading=\"lazy\" decoding=\"async\" width=\"1280\" height=\"854\" src=\"https:\/\/jundiai.sp.gov.br\/noticias\/wp-content\/uploads\/sites\/32\/2025\/10\/imagens_fachada_procon_jundiai_pa-8-1-1280x854.jpg\" alt=\"\" class=\"wp-image-366615\" srcset=\"https:\/\/jundiai.sp.gov.br\/noticias\/wp-content\/uploads\/sites\/32\/2025\/10\/imagens_fachada_procon_jundiai_pa-8-1-1280x854.jpg 1280w, https:\/\/jundiai.sp.gov.br\/noticias\/wp-content\/uploads\/sites\/32\/2025\/10\/imagens_fachada_procon_jundiai_pa-8-1-300x200.jpg 300w, https:\/\/jundiai.sp.gov.br\/noticias\/wp-content\/uploads\/sites\/32\/2025\/10\/imagens_fachada_procon_jundiai_pa-8-1-768x512.jpg 768w, https:\/\/jundiai.sp.gov.br\/noticias\/wp-content\/uploads\/sites\/32\/2025\/10\/imagens_fachada_procon_jundiai_pa-8-1-1536x1024.jpg 1536w, https:\/\/jundiai.sp.gov.br\/noticias\/wp-content\/uploads\/sites\/32\/2025\/10\/imagens_fachada_procon_jundiai_pa-8-1-450x300.jpg 450w, https:\/\/jundiai.sp.gov.br\/noticias\/wp-content\/uploads\/sites\/32\/2025\/10\/imagens_fachada_procon_jundiai_pa-8-1.jpg 1900w\" sizes=\"auto, (max-width: 1280px) 100vw, 1280px\" \/><figcaption class=\"wp-element-caption\">PROCON realiza a\u00e7\u00e3o &#8220;De Olho no Copo&#8221;<\/figcaption><\/figure>\n\n\n\n<p>De acordo com Marcelo Canale, diretor do Procon Jundia\u00ed, a equipe do \u00f3rg\u00e3o estar\u00e1 nas ruas entre 18h e 22h, visitando estabelecimentos e conversando com o p\u00fablico.<\/p>\n\n\n\n<p>&#8220;O Procon lembra que o C\u00f3digo de Defesa do Consumidor protege o direito \u00e0 vida saud\u00e1vel, seguran\u00e7a e transpar\u00eancia nas rela\u00e7\u00f5es de consumo, seja na compra de produtos ou no consumo direto em bares e restaurantes&#8221;, destacou.<\/p>\n\n\n\n<p>Durante a a\u00e7\u00e3o, os agentes v\u00e3o orientar os empres\u00e1rios sobre procedimentos de gest\u00e3o e controle de fornecedores, como a exig\u00eancia da Nota Fiscal eletr\u00f4nica, verifica\u00e7\u00e3o da origem dos produtos, armazenamento adequado e aten\u00e7\u00e3o a sinais de adultera\u00e7\u00e3o nas bebidas.<\/p>\n\n\n\n<p>Os consumidores tamb\u00e9m receber\u00e3o orienta\u00e7\u00f5es pr\u00e1ticas sobre seus direitos, incluindo o dever de informa\u00e7\u00e3o, seguran\u00e7a e qualidade dos produtos, al\u00e9m de refor\u00e7os sobre o consumo respons\u00e1vel.<\/p>\n\n\n\n<p><strong>Assessoria de Imprensa<br>Fotos: Arquivo PMJ<\/strong><\/p>\n","protected":false},"excerpt":{"rendered":"<p>O Procon Jundia\u00ed realiza, nesta sexta-feira (10), a a\u00e7\u00e3o \u201cDe Olho no Copo\u201d, com o objetivo de orientar comerciantes e consumidores sobre os cuidados na compra, venda e consumo de bebidas alco\u00f3licas em bares, restaurantes e adegas da cidade. A iniciativa integra uma for\u00e7a-tarefa estadual convocada pela Funda\u00e7\u00e3o Procon-SP, que re\u00fane os Procons do interior [&hellip;]<\/p>\n","protected":false},"author":123,"featured_media":366615,"comment_status":"closed","ping_status":"0","sticky":false,"template":"","format":"standard","meta":{"footnotes":""},"categories":[4620,2],"tags":[5715,1800],"ods":[],"class_list":["post-366610","post","type-post","status-publish","format-standard","has-post-thumbnail","hentry","category-destaques","category-noticias","tag-de-olho-no-copo-2","tag-procon-jundiai"],"_links":{"self":[{"href":"https:\/\/jundiai.sp.gov.br\/noticias\/wp-json\/wp\/v2\/posts\/366610","targetHints":{"allow":["GET"]}}],"collection":[{"href":"https:\/\/jundiai.sp.gov.br\/noticias\/wp-json\/wp\/v2\/posts"}],"about":[{"href":"https:\/\/jundiai.sp.gov.br\/noticias\/wp-json\/wp\/v2\/types\/post"}],"author":[{"embeddable":true,"href":"https:\/\/jundiai.sp.gov.br\/noticias\/wp-json\/wp\/v2\/users\/123"}],"replies":[{"embeddable":true,"href":"https:\/\/jundiai.sp.gov.br\/noticias\/wp-json\/wp\/v2\/comments?post=366610"}],"version-history":[{"count":5,"href":"https:\/\/jundiai.sp.gov.br\/noticias\/wp-json\/wp\/v2\/posts\/366610\/revisions"}],"predecessor-version":[{"id":366768,"href":"https:\/\/jundiai.sp.gov.br\/noticias\/wp-json\/wp\/v2\/posts\/366610\/revisions\/366768"}],"wp:featuredmedia":[{"embeddable":true,"href":"https:\/\/jundiai.sp.gov.br\/noticias\/wp-json\/wp\/v2\/media\/366615"}],"wp:attachment":[{"href":"https:\/\/jundiai.sp.gov.br\/noticias\/wp-json\/wp\/v2\/media?parent=366610"}],"wp:term":[{"taxonomy":"category","embeddable":true,"href":"https:\/\/jundiai.sp.gov.br\/noticias\/wp-json\/wp\/v2\/categories?post=366610"},{"taxonomy":"post_tag","embeddable":true,"href":"https:\/\/jundiai.sp.gov.br\/noticias\/wp-json\/wp\/v2\/tags?post=366610"},{"taxonomy":"ods","embeddable":true,"href":"https:\/\/jundiai.sp.gov.br\/noticias\/wp-json\/wp\/v2\/ods?post=366610"}],"curies":[{"name":"wp","href":"https:\/\/api.w.org\/{rel}","templated":true}]}}