{"id":366627,"date":"2025-10-13T10:00:00","date_gmt":"2025-10-13T13:00:00","guid":{"rendered":"https:\/\/jundiai.sp.gov.br\/noticias\/?p=366627"},"modified":"2025-10-15T10:17:41","modified_gmt":"2025-10-15T13:17:41","slug":"cia-jovem-de-danca-de-jundiai-recebe-bailarinos-de-companhia-de-tatui-para-dia-de-intercambio-e-vivencias","status":"publish","type":"post","link":"https:\/\/jundiai.sp.gov.br\/noticias\/2025\/10\/13\/cia-jovem-de-danca-de-jundiai-recebe-bailarinos-de-companhia-de-tatui-para-dia-de-intercambio-e-vivencias\/","title":{"rendered":"Cia. Jovem de Dan\u00e7a de Jundia\u00ed recebe bailarinos de companhia de Tatu\u00ed para dia de interc\u00e2mbio e viv\u00eancias"},"content":{"rendered":"\n<p>A Cia. Jovem de Dan\u00e7a de Jundia\u00ed recebeu dez bailarinos da Cia. Jovem Rayssa Francesconi, de Tatu\u00ed, para um dia de viv\u00eancias conjuntas entre os dois grupos, na \u00faltima ter\u00e7a-feira (07). <\/p>\n\n\n\n<p>Com media\u00e7\u00e3o do diretor art\u00edstico da companhia jundiaiense, Alex Soares, as atividades no Espa\u00e7o Expressa contaram no per\u00edodo da manh\u00e3 com uma s\u00e9rie de exerc\u00edcios de improvisa\u00e7\u00e3o guiada. J\u00e1 no per\u00edodo da tarde, a companhia anfitri\u00e3, que \u00e9 um dos corpos art\u00edsticos municipais da Secretaria Municipal de Cultura (SMCULT), apresentou o ensaio de \u201cOroboro\u201d, sua nova coreografia, que ter\u00e1 sua estreia no Teatro Polytheama no dia 21 de novembro.<\/p>\n\n\n\n<figure class=\"wp-block-image size-full\"><img loading=\"lazy\" decoding=\"async\" width=\"1258\" height=\"839\" src=\"https:\/\/jundiai.sp.gov.br\/noticias\/wp-content\/uploads\/sites\/32\/2025\/10\/cia_jovem_de_danca_recebe_cia_jovem_rayssa_francescon_rw-9.jpg\" alt=\"\" class=\"wp-image-366640\" srcset=\"https:\/\/jundiai.sp.gov.br\/noticias\/wp-content\/uploads\/sites\/32\/2025\/10\/cia_jovem_de_danca_recebe_cia_jovem_rayssa_francescon_rw-9.jpg 1258w, https:\/\/jundiai.sp.gov.br\/noticias\/wp-content\/uploads\/sites\/32\/2025\/10\/cia_jovem_de_danca_recebe_cia_jovem_rayssa_francescon_rw-9-300x200.jpg 300w, https:\/\/jundiai.sp.gov.br\/noticias\/wp-content\/uploads\/sites\/32\/2025\/10\/cia_jovem_de_danca_recebe_cia_jovem_rayssa_francescon_rw-9-768x512.jpg 768w, https:\/\/jundiai.sp.gov.br\/noticias\/wp-content\/uploads\/sites\/32\/2025\/10\/cia_jovem_de_danca_recebe_cia_jovem_rayssa_francescon_rw-9-450x300.jpg 450w\" sizes=\"auto, (max-width: 1258px) 100vw, 1258px\" \/><figcaption class=\"wp-element-caption\">Pela manh\u00e3, grupo realizou s\u00e9rie de exerc\u00edcios de improvisa\u00e7\u00e3o guiada. \u00c0 tarde, companhia jundiaiense apresentou um ensaio de sua nova coreografia <\/figcaption><\/figure>\n\n\n\n<p>\u201c\u00c9 sempre muito importante para a nossa Cia. receber estudantes em processo formativo e demonstrar aos visitantes o seu projeto que \u00e9, para muitos, a primeira experi\u00eancia profissional com a Dan\u00e7a. Trata-se de uma experi\u00eancia enriquecedora, uma oportunidade de mostrar como nosso elenco trabalha e se comporta, como elenco de excel\u00eancia, talentoso, engajado e cuja postura serve de exemplo e contribui para o reconhecimento e premia\u00e7\u00e3o da companhia. Isso tudo comprova como o projeto de fomento a este lugar de profissionaliza\u00e7\u00e3o dentro de sua proposta \u00e9 algo fundamental\u201d, refor\u00e7ou Alex. <\/p>\n\n\n\n<p>De acordo com Rayssa Francesconi, propriet\u00e1ria da companhia visitante, o grupo de Jundia\u00ed e o trabalho da Prefeitura s\u00e3o refer\u00eancias. \u201cA Cia. Jovem de Dan\u00e7a de Jundia\u00ed retrata para os bailarinos na faixa et\u00e1ria que comp\u00f5em nosso grupo uma refer\u00eancia de oportunidade art\u00edstica. Jundia\u00ed d\u00e1 uma oportunidade e permite o reconhecimento de que h\u00e1 jovens contratados para trabalhar com a Dan\u00e7a, d\u00e1 forma\u00e7\u00e3o a eles e abre novas oportunidades. Essa foi a motiva\u00e7\u00e3o da visita, permitir que os jovens tivessem essa viv\u00eancia com a Dan\u00e7a e ver que h\u00e1 exemplos de oportunidades\u201d, comentou.<\/p>\n\n\n\n<p>Para o Thiago Andrade, de 27 anos, bailarino do grupo visitante, a visita foi um retorno para casa, j\u00e1 que ele \u00e9 jundiaiense. \u201cEstou h\u00e1 dois meses em Tatu\u00ed, mas trabalhava at\u00e9 h\u00e1 pouco entre Jundia\u00ed e S\u00e3o Paulo, e acompanho o trabalho da Cia. Jovem desde o seu primeiro elenco. J\u00e1 vi todas as suas coreografias, \u2018P.A.Q.U.I.T.A.\u2019, \u2018Instagrimm\u2019 e \u2018Entre o corpo e o azul\u2019, para citar algumas. E acho a estrutura e oportunidade que a Prefeitura d\u00e1 algo maravilhoso e primordial, pois acende nos bailarinos em forma\u00e7\u00e3o a consci\u00eancia de saber que existe como profiss\u00e3o. Tanto que para os meus alunos daqui, a maioria tinha o sonho de fazer parte, era esse o lugar que eles queriam ocupar!\u201d, comentou.<\/p>\n\n\n\n<figure class=\"wp-block-gallery has-nested-images columns-default is-cropped wp-block-gallery-1 is-layout-flex wp-block-gallery-is-layout-flex\">\n<figure class=\"wp-block-image size-large\"><img loading=\"lazy\" decoding=\"async\" width=\"1280\" height=\"853\" data-id=\"366685\" src=\"https:\/\/jundiai.sp.gov.br\/noticias\/wp-content\/uploads\/sites\/32\/2025\/10\/cia_jovem_de_danca_recebe_cia_jovem_rayssa_francescon_rw-6-1280x853.jpg\" alt=\"\" class=\"wp-image-366685\" srcset=\"https:\/\/jundiai.sp.gov.br\/noticias\/wp-content\/uploads\/sites\/32\/2025\/10\/cia_jovem_de_danca_recebe_cia_jovem_rayssa_francescon_rw-6-1280x853.jpg 1280w, https:\/\/jundiai.sp.gov.br\/noticias\/wp-content\/uploads\/sites\/32\/2025\/10\/cia_jovem_de_danca_recebe_cia_jovem_rayssa_francescon_rw-6-300x200.jpg 300w, https:\/\/jundiai.sp.gov.br\/noticias\/wp-content\/uploads\/sites\/32\/2025\/10\/cia_jovem_de_danca_recebe_cia_jovem_rayssa_francescon_rw-6-768x512.jpg 768w, https:\/\/jundiai.sp.gov.br\/noticias\/wp-content\/uploads\/sites\/32\/2025\/10\/cia_jovem_de_danca_recebe_cia_jovem_rayssa_francescon_rw-6-1536x1024.jpg 1536w, https:\/\/jundiai.sp.gov.br\/noticias\/wp-content\/uploads\/sites\/32\/2025\/10\/cia_jovem_de_danca_recebe_cia_jovem_rayssa_francescon_rw-6-450x300.jpg 450w, https:\/\/jundiai.sp.gov.br\/noticias\/wp-content\/uploads\/sites\/32\/2025\/10\/cia_jovem_de_danca_recebe_cia_jovem_rayssa_francescon_rw-6.jpg 1800w\" sizes=\"auto, (max-width: 1280px) 100vw, 1280px\" \/><\/figure>\n\n\n\n<figure class=\"wp-block-image size-large\"><img loading=\"lazy\" decoding=\"async\" width=\"1280\" height=\"853\" data-id=\"366686\" src=\"https:\/\/jundiai.sp.gov.br\/noticias\/wp-content\/uploads\/sites\/32\/2025\/10\/cia_jovem_de_danca_recebe_cia_jovem_rayssa_francescon_rw-10-1280x853.png\" alt=\"\" class=\"wp-image-366686\" srcset=\"https:\/\/jundiai.sp.gov.br\/noticias\/wp-content\/uploads\/sites\/32\/2025\/10\/cia_jovem_de_danca_recebe_cia_jovem_rayssa_francescon_rw-10-1280x853.png 1280w, https:\/\/jundiai.sp.gov.br\/noticias\/wp-content\/uploads\/sites\/32\/2025\/10\/cia_jovem_de_danca_recebe_cia_jovem_rayssa_francescon_rw-10-300x200.png 300w, https:\/\/jundiai.sp.gov.br\/noticias\/wp-content\/uploads\/sites\/32\/2025\/10\/cia_jovem_de_danca_recebe_cia_jovem_rayssa_francescon_rw-10-768x512.png 768w, https:\/\/jundiai.sp.gov.br\/noticias\/wp-content\/uploads\/sites\/32\/2025\/10\/cia_jovem_de_danca_recebe_cia_jovem_rayssa_francescon_rw-10-1536x1024.png 1536w, https:\/\/jundiai.sp.gov.br\/noticias\/wp-content\/uploads\/sites\/32\/2025\/10\/cia_jovem_de_danca_recebe_cia_jovem_rayssa_francescon_rw-10-450x300.png 450w, https:\/\/jundiai.sp.gov.br\/noticias\/wp-content\/uploads\/sites\/32\/2025\/10\/cia_jovem_de_danca_recebe_cia_jovem_rayssa_francescon_rw-10.png 1800w\" sizes=\"auto, (max-width: 1280px) 100vw, 1280px\" \/><\/figure>\n<figcaption class=\"blocks-gallery-caption wp-element-caption\">Para Rayssa, trabalho da Prefeitura \u00e9 uma refer\u00eancia; Alex conduziu os exerc\u00edcios de improvisa\u00e7\u00e3o guiada<\/figcaption><\/figure>\n\n\n\n<p>A Clarice Sakamoto, integrante do elenco anfitri\u00e3o h\u00e1 cerca de um ano e meio, tamb\u00e9m aprovou o dia de viv\u00eancia. \u201c\u00c9 muito legal receber visita e poder mostrar o nosso trabalho, como as coisas funcionam. Era essa a troca que eu queria, por exemplo, quando eu estudava. E a gente tamb\u00e9m aprende. \u00c9 uma inspira\u00e7\u00e3o ver corpos diferentes fazendo aquilo que a gente normalmente n\u00e3o faz\u201d, comentou a bailarina, que far\u00e1 o papel de Galinha, na Bateria de \u201cFolia dos Bichos\u201d, pr\u00f3xima apresenta\u00e7\u00e3o da Cia..<\/p>\n\n\n\n<p><strong>Mais Cia. Jovem<br><\/strong>Como parte da <a href=\"https:\/\/cultura.jundiai.sp.gov.br\/eventos\/tag\/mes-das-criancas-2025\/\" target=\"_blank\" rel=\"noreferrer noopener\">programa\u00e7\u00e3o do M\u00eas das Crian\u00e7as<\/a> da SMCULT, a Cia. Jovem de Dan\u00e7a apresenta no domingo (19), \u00e0s 15h, o espet\u00e1culo \u201cFolia dos Bichos\u201d. A apresenta\u00e7\u00e3o com entrada gratuita ser\u00e1 no Teatro Polytheama e ser\u00e1 junto com a Orquestra Municipal de Jundia\u00ed (OMJ), da bateria da Liga Jundiaiense das Escolas de Samba (Lijunes) e com as pianistas Lucia Cervini e Miriam Braga. Mais detalhes podem ser conferidos na <a href=\"https:\/\/cultura.jundiai.sp.gov.br\/agenda-cultural\/mes-das-criancas-espetaculo-folia-dos-bichos-com-a-cia-jovem-de-danca-orquestra-municipal-de-jundiai-e-bateria-da-lijunes\/\" target=\"_blank\" rel=\"noreferrer noopener\">Agenda Cultural<\/a>.<\/p>\n\n\n\n<figure class=\"wp-block-image size-large\"><img loading=\"lazy\" decoding=\"async\" width=\"1280\" height=\"853\" src=\"https:\/\/jundiai.sp.gov.br\/noticias\/wp-content\/uploads\/sites\/32\/2025\/10\/cia_jovem_de_danca_recebe_cia_jovem_rayssa_francescon_rw-17-1280x853.png\" alt=\"\" class=\"wp-image-366687\" srcset=\"https:\/\/jundiai.sp.gov.br\/noticias\/wp-content\/uploads\/sites\/32\/2025\/10\/cia_jovem_de_danca_recebe_cia_jovem_rayssa_francescon_rw-17-1280x853.png 1280w, https:\/\/jundiai.sp.gov.br\/noticias\/wp-content\/uploads\/sites\/32\/2025\/10\/cia_jovem_de_danca_recebe_cia_jovem_rayssa_francescon_rw-17-300x200.png 300w, https:\/\/jundiai.sp.gov.br\/noticias\/wp-content\/uploads\/sites\/32\/2025\/10\/cia_jovem_de_danca_recebe_cia_jovem_rayssa_francescon_rw-17-768x512.png 768w, https:\/\/jundiai.sp.gov.br\/noticias\/wp-content\/uploads\/sites\/32\/2025\/10\/cia_jovem_de_danca_recebe_cia_jovem_rayssa_francescon_rw-17-1536x1024.png 1536w, https:\/\/jundiai.sp.gov.br\/noticias\/wp-content\/uploads\/sites\/32\/2025\/10\/cia_jovem_de_danca_recebe_cia_jovem_rayssa_francescon_rw-17-450x300.png 450w, https:\/\/jundiai.sp.gov.br\/noticias\/wp-content\/uploads\/sites\/32\/2025\/10\/cia_jovem_de_danca_recebe_cia_jovem_rayssa_francescon_rw-17.png 1800w\" sizes=\"auto, (max-width: 1280px) 100vw, 1280px\" \/><figcaption class=\"wp-element-caption\">Viv\u00eancia: Thiago e Clarice, cada um de um elenco, aprovaram a proposta <\/figcaption><\/figure>\n\n\n\n<p><strong>Assessoria de Imprensa<br>Fotos: Fot\u00f3grafos PMJ <\/strong><\/p>\n","protected":false},"excerpt":{"rendered":"<p>A Cia. Jovem de Dan\u00e7a de Jundia\u00ed recebeu dez bailarinos da Cia. Jovem Rayssa Francesconi, de Tatu\u00ed, para um dia de viv\u00eancias conjuntas entre os dois grupos, na \u00faltima ter\u00e7a-feira (07). Com media\u00e7\u00e3o do diretor art\u00edstico da companhia jundiaiense, Alex Soares, as atividades no Espa\u00e7o Expressa contaram no per\u00edodo da manh\u00e3 com uma s\u00e9rie de [&hellip;]<\/p>\n","protected":false},"author":14,"featured_media":366687,"comment_status":"closed","ping_status":"0","sticky":false,"template":"","format":"standard","meta":{"footnotes":""},"categories":[4620,2],"tags":[1130,29,449,5738],"ods":[],"class_list":["post-366627","post","type-post","status-publish","format-standard","has-post-thumbnail","hentry","category-destaques","category-noticias","tag-cia-jovem-de-danca","tag-cultura","tag-espaco-expressa","tag-sala-fepasa"],"_links":{"self":[{"href":"https:\/\/jundiai.sp.gov.br\/noticias\/wp-json\/wp\/v2\/posts\/366627","targetHints":{"allow":["GET"]}}],"collection":[{"href":"https:\/\/jundiai.sp.gov.br\/noticias\/wp-json\/wp\/v2\/posts"}],"about":[{"href":"https:\/\/jundiai.sp.gov.br\/noticias\/wp-json\/wp\/v2\/types\/post"}],"author":[{"embeddable":true,"href":"https:\/\/jundiai.sp.gov.br\/noticias\/wp-json\/wp\/v2\/users\/14"}],"replies":[{"embeddable":true,"href":"https:\/\/jundiai.sp.gov.br\/noticias\/wp-json\/wp\/v2\/comments?post=366627"}],"version-history":[{"count":5,"href":"https:\/\/jundiai.sp.gov.br\/noticias\/wp-json\/wp\/v2\/posts\/366627\/revisions"}],"predecessor-version":[{"id":367139,"href":"https:\/\/jundiai.sp.gov.br\/noticias\/wp-json\/wp\/v2\/posts\/366627\/revisions\/367139"}],"wp:featuredmedia":[{"embeddable":true,"href":"https:\/\/jundiai.sp.gov.br\/noticias\/wp-json\/wp\/v2\/media\/366687"}],"wp:attachment":[{"href":"https:\/\/jundiai.sp.gov.br\/noticias\/wp-json\/wp\/v2\/media?parent=366627"}],"wp:term":[{"taxonomy":"category","embeddable":true,"href":"https:\/\/jundiai.sp.gov.br\/noticias\/wp-json\/wp\/v2\/categories?post=366627"},{"taxonomy":"post_tag","embeddable":true,"href":"https:\/\/jundiai.sp.gov.br\/noticias\/wp-json\/wp\/v2\/tags?post=366627"},{"taxonomy":"ods","embeddable":true,"href":"https:\/\/jundiai.sp.gov.br\/noticias\/wp-json\/wp\/v2\/ods?post=366627"}],"curies":[{"name":"wp","href":"https:\/\/api.w.org\/{rel}","templated":true}]}}