{"id":366852,"date":"2025-10-10T13:00:00","date_gmt":"2025-10-10T16:00:00","guid":{"rendered":"https:\/\/jundiai.sp.gov.br\/noticias\/?p=366852"},"modified":"2025-10-10T13:42:01","modified_gmt":"2025-10-10T16:42:01","slug":"sexta-no-centro-acontece-nesta-sexta-10-com-reggae-gastronomia-e-arte-na-praca-da-matriz","status":"publish","type":"post","link":"https:\/\/jundiai.sp.gov.br\/noticias\/2025\/10\/10\/sexta-no-centro-acontece-nesta-sexta-10-com-reggae-gastronomia-e-arte-na-praca-da-matriz\/","title":{"rendered":"Sexta no Centro acontece nesta sexta (10) com reggae, gastronomia e arte na Pra\u00e7a da Matriz"},"content":{"rendered":"\n<p>A Pra\u00e7a Governador Pedro de Toledo (Pra\u00e7a da Matriz) contar\u00e1, nesta sexta-feira (10), com o ritmo contagiante do reggae. A partir das 17h, a edi\u00e7\u00e3o de outubro da Sexta no Centro promete uma noite de boa m\u00fasica, sabores variados e muita conviv\u00eancia. O evento, promovido pela Prefeitura de Jundia\u00ed, por meio da Secretaria de Cultura, \u00e9 gratuito e vai at\u00e9 \u00e0s 22h.<\/p>\n\n\n\n<figure class=\"wp-block-image size-large\"><img loading=\"lazy\" decoding=\"async\" width=\"1280\" height=\"854\" src=\"https:\/\/jundiai.sp.gov.br\/noticias\/wp-content\/uploads\/sites\/32\/2025\/10\/sexta_no_centro_dia_do_rock_igreja_matriz-1642-1280x854.jpg\" alt=\"\" class=\"wp-image-366286\" srcset=\"https:\/\/jundiai.sp.gov.br\/noticias\/wp-content\/uploads\/sites\/32\/2025\/10\/sexta_no_centro_dia_do_rock_igreja_matriz-1642-1280x854.jpg 1280w, https:\/\/jundiai.sp.gov.br\/noticias\/wp-content\/uploads\/sites\/32\/2025\/10\/sexta_no_centro_dia_do_rock_igreja_matriz-1642-300x200.jpg 300w, https:\/\/jundiai.sp.gov.br\/noticias\/wp-content\/uploads\/sites\/32\/2025\/10\/sexta_no_centro_dia_do_rock_igreja_matriz-1642-768x512.jpg 768w, https:\/\/jundiai.sp.gov.br\/noticias\/wp-content\/uploads\/sites\/32\/2025\/10\/sexta_no_centro_dia_do_rock_igreja_matriz-1642-1536x1024.jpg 1536w, https:\/\/jundiai.sp.gov.br\/noticias\/wp-content\/uploads\/sites\/32\/2025\/10\/sexta_no_centro_dia_do_rock_igreja_matriz-1642-450x300.jpg 450w, https:\/\/jundiai.sp.gov.br\/noticias\/wp-content\/uploads\/sites\/32\/2025\/10\/sexta_no_centro_dia_do_rock_igreja_matriz-1642.jpg 1900w\" sizes=\"auto, (max-width: 1280px) 100vw, 1280px\" \/><figcaption class=\"wp-element-caption\">Edi\u00e7\u00e3o de outubro da Sexta no Centro ser\u00e1 no dia 10, tendo como programa\u00e7\u00e3o musical as bandas Favela Sound System e Ra\u00edzes Rasta<\/figcaption><\/figure>\n\n\n\n<p>O som da noite fica por conta das bandas Favela Sound System e Ra\u00edzes Rasta, que levam ao p\u00fablico o melhor do reggae em apresenta\u00e7\u00f5es cheias de energia e mensagem positiva.<\/p>\n\n\n\n<p>A primeira atra\u00e7\u00e3o, Favela Sound System, sobe ao palco \u00e0s 17h com seu sistema de som inspirado nos tradicionais modelos jamaicanos \u2014 uma experi\u00eancia imersiva e marcante. J\u00e1 \u00e0s 20h30 \u00e9 a vez do Ra\u00edzes Rasta, grupo formado em 1999 e refer\u00eancia na cena reggae nacional, apresentar sucessos dos \u00e1lbuns Ra\u00edzes Rasta, Atitude e Um jeito de virar tudo.<\/p>\n\n\n\n<div class=\"wp-block-columns is-layout-flex wp-container-core-columns-is-layout-9d6595d7 wp-block-columns-is-layout-flex\">\n<div class=\"wp-block-column is-layout-flow wp-block-column-is-layout-flow\">\n<figure class=\"wp-block-image size-full\"><img loading=\"lazy\" decoding=\"async\" width=\"600\" height=\"600\" src=\"https:\/\/jundiai.sp.gov.br\/noticias\/wp-content\/uploads\/sites\/32\/2025\/10\/favela-sound-system.png\" alt=\"\" class=\"wp-image-366854\" srcset=\"https:\/\/jundiai.sp.gov.br\/noticias\/wp-content\/uploads\/sites\/32\/2025\/10\/favela-sound-system.png 600w, https:\/\/jundiai.sp.gov.br\/noticias\/wp-content\/uploads\/sites\/32\/2025\/10\/favela-sound-system-300x300.png 300w, https:\/\/jundiai.sp.gov.br\/noticias\/wp-content\/uploads\/sites\/32\/2025\/10\/favela-sound-system-100x100.png 100w\" sizes=\"auto, (max-width: 600px) 100vw, 600px\" \/><figcaption class=\"wp-element-caption\">Favela Sound System \u2013 17h<\/figcaption><\/figure>\n<\/div>\n\n\n\n<div class=\"wp-block-column is-layout-flow wp-block-column-is-layout-flow\">\n<figure class=\"wp-block-image size-full\"><img loading=\"lazy\" decoding=\"async\" width=\"600\" height=\"600\" src=\"https:\/\/jundiai.sp.gov.br\/noticias\/wp-content\/uploads\/sites\/32\/2025\/10\/raizes_rasta.png\" alt=\"\" class=\"wp-image-366855\" srcset=\"https:\/\/jundiai.sp.gov.br\/noticias\/wp-content\/uploads\/sites\/32\/2025\/10\/raizes_rasta.png 600w, https:\/\/jundiai.sp.gov.br\/noticias\/wp-content\/uploads\/sites\/32\/2025\/10\/raizes_rasta-300x300.png 300w, https:\/\/jundiai.sp.gov.br\/noticias\/wp-content\/uploads\/sites\/32\/2025\/10\/raizes_rasta-100x100.png 100w\" sizes=\"auto, (max-width: 600px) 100vw, 600px\" \/><figcaption class=\"wp-element-caption\">Ra\u00edzes Rasta \u2013 20h30<\/figcaption><\/figure>\n<\/div>\n<\/div>\n\n\n\n<p>Al\u00e9m da programa\u00e7\u00e3o musical, o p\u00fablico poder\u00e1 aproveitar as barracas e food trucks com op\u00e7\u00f5es gastron\u00f4micas diversas, incluindo empreendimentos da Rota Tur\u00edstica da Cerveja Artesanal, e conferir os trabalhos de artes\u00e3os e artistas locais do programa Galp\u00e3o Criativo e das C\u00e2maras Setoriais de Artes Visuais e Literatura do Conselho Municipal de Pol\u00edtica Cultural (CMPC).<\/p>\n\n\n\n<p>A secret\u00e1ria de Cultura, Clarina Fasanaro, destacou a import\u00e2ncia do evento para a revitaliza\u00e7\u00e3o e ocupa\u00e7\u00e3o do Centro. \u201cA Sexta no Centro \u00e9 uma iniciativa que j\u00e1 faz parte do calend\u00e1rio cultural da cidade. O p\u00fablico participa, convive e valoriza a arte local. \u00c9 um espa\u00e7o de encontro e celebra\u00e7\u00e3o da cultura jundiaiense\u201d, afirmou.<\/p>\n\n\n\n<p><strong>Assessoria de Imprensa<\/strong><br><strong>Fotos: Arquivo PMJ e Divulga\u00e7\u00e3o<\/strong><\/p>\n","protected":false},"excerpt":{"rendered":"<p>A Pra\u00e7a Governador Pedro de Toledo (Pra\u00e7a da Matriz) contar\u00e1, nesta sexta-feira (10), com o ritmo contagiante do reggae. A partir das 17h, a edi\u00e7\u00e3o de outubro da Sexta no Centro promete uma noite de boa m\u00fasica, sabores variados e muita conviv\u00eancia. O evento, promovido pela Prefeitura de Jundia\u00ed, por meio da Secretaria de Cultura, [&hellip;]<\/p>\n","protected":false},"author":121,"featured_media":366286,"comment_status":"closed","ping_status":"0","sticky":false,"template":"","format":"standard","meta":{"footnotes":""},"categories":[2],"tags":[29,294,5494],"ods":[],"class_list":["post-366852","post","type-post","status-publish","format-standard","has-post-thumbnail","hentry","category-noticias","tag-cultura","tag-sexta-no-centro","tag-smcult"],"_links":{"self":[{"href":"https:\/\/jundiai.sp.gov.br\/noticias\/wp-json\/wp\/v2\/posts\/366852","targetHints":{"allow":["GET"]}}],"collection":[{"href":"https:\/\/jundiai.sp.gov.br\/noticias\/wp-json\/wp\/v2\/posts"}],"about":[{"href":"https:\/\/jundiai.sp.gov.br\/noticias\/wp-json\/wp\/v2\/types\/post"}],"author":[{"embeddable":true,"href":"https:\/\/jundiai.sp.gov.br\/noticias\/wp-json\/wp\/v2\/users\/121"}],"replies":[{"embeddable":true,"href":"https:\/\/jundiai.sp.gov.br\/noticias\/wp-json\/wp\/v2\/comments?post=366852"}],"version-history":[{"count":2,"href":"https:\/\/jundiai.sp.gov.br\/noticias\/wp-json\/wp\/v2\/posts\/366852\/revisions"}],"predecessor-version":[{"id":366866,"href":"https:\/\/jundiai.sp.gov.br\/noticias\/wp-json\/wp\/v2\/posts\/366852\/revisions\/366866"}],"wp:featuredmedia":[{"embeddable":true,"href":"https:\/\/jundiai.sp.gov.br\/noticias\/wp-json\/wp\/v2\/media\/366286"}],"wp:attachment":[{"href":"https:\/\/jundiai.sp.gov.br\/noticias\/wp-json\/wp\/v2\/media?parent=366852"}],"wp:term":[{"taxonomy":"category","embeddable":true,"href":"https:\/\/jundiai.sp.gov.br\/noticias\/wp-json\/wp\/v2\/categories?post=366852"},{"taxonomy":"post_tag","embeddable":true,"href":"https:\/\/jundiai.sp.gov.br\/noticias\/wp-json\/wp\/v2\/tags?post=366852"},{"taxonomy":"ods","embeddable":true,"href":"https:\/\/jundiai.sp.gov.br\/noticias\/wp-json\/wp\/v2\/ods?post=366852"}],"curies":[{"name":"wp","href":"https:\/\/api.w.org\/{rel}","templated":true}]}}