{"id":366935,"date":"2025-10-13T14:00:00","date_gmt":"2025-10-13T17:00:00","guid":{"rendered":"https:\/\/jundiai.sp.gov.br\/noticias\/?p=366935"},"modified":"2025-10-13T11:53:28","modified_gmt":"2025-10-13T14:53:28","slug":"jundiai-e-contemplada-pelo-novo-pac-e-ubss-terao-kits-de-teleconsulta","status":"publish","type":"post","link":"https:\/\/jundiai.sp.gov.br\/noticias\/2025\/10\/13\/jundiai-e-contemplada-pelo-novo-pac-e-ubss-terao-kits-de-teleconsulta\/","title":{"rendered":"Sa\u00fade de Jundia\u00ed recebe novos equipamentos de telessa\u00fade e amplia investimentos na aten\u00e7\u00e3o prim\u00e1ria"},"content":{"rendered":"\n<p>A Prefeitura de Jundia\u00ed, por meio da Secretaria Municipal de Promo\u00e7\u00e3o da Sa\u00fade, recebeu dez kits de telessa\u00fade, cada um contendo televisor de 43 polegadas, notebook e c\u00e2mera de alta especificidade. A iniciativa representa mais um passo rumo a um atendimento cada vez mais humanizado, moderno e acess\u00edvel \u00e0 popula\u00e7\u00e3o.<\/p>\n\n\n\n<p>Os equipamentos ser\u00e3o instalados em Unidades B\u00e1sicas de Sa\u00fade (UBSs) com maior demanda de infraestrutura, ampliando a capacidade de atendimento e a qualidade dos servi\u00e7os oferecidos aos mun\u00edcipes. \u201cEsses novos kits v\u00e3o possibilitar a realiza\u00e7\u00e3o de teleconsultas para pacientes que, por algum motivo, n\u00e3o t\u00eam acesso direto \u00e0 UBS. Nosso foco \u00e9 fortalecer a aten\u00e7\u00e3o prim\u00e1ria, que \u00e9 onde promovemos sa\u00fade e prevenimos doen\u00e7as\u201d, destaca a secret\u00e1ria de Promo\u00e7\u00e3o da Sa\u00fade, M\u00e1rcia Facci.<\/p>\n\n\n\n<figure class=\"wp-block-image size-large\"><img loading=\"lazy\" decoding=\"async\" width=\"1280\" height=\"854\" src=\"https:\/\/jundiai.sp.gov.br\/noticias\/wp-content\/uploads\/sites\/32\/2025\/10\/kits_teleconsulta_saude-6-1280x854.jpg\" alt=\"\" class=\"wp-image-366936\" srcset=\"https:\/\/jundiai.sp.gov.br\/noticias\/wp-content\/uploads\/sites\/32\/2025\/10\/kits_teleconsulta_saude-6-1280x854.jpg 1280w, https:\/\/jundiai.sp.gov.br\/noticias\/wp-content\/uploads\/sites\/32\/2025\/10\/kits_teleconsulta_saude-6-300x200.jpg 300w, https:\/\/jundiai.sp.gov.br\/noticias\/wp-content\/uploads\/sites\/32\/2025\/10\/kits_teleconsulta_saude-6-768x512.jpg 768w, https:\/\/jundiai.sp.gov.br\/noticias\/wp-content\/uploads\/sites\/32\/2025\/10\/kits_teleconsulta_saude-6-1536x1024.jpg 1536w, https:\/\/jundiai.sp.gov.br\/noticias\/wp-content\/uploads\/sites\/32\/2025\/10\/kits_teleconsulta_saude-6-450x300.jpg 450w, https:\/\/jundiai.sp.gov.br\/noticias\/wp-content\/uploads\/sites\/32\/2025\/10\/kits_teleconsulta_saude-6.jpg 1900w\" sizes=\"auto, (max-width: 1280px) 100vw, 1280px\" \/><figcaption class=\"wp-element-caption\">Secret\u00e1ria de Promo\u00e7\u00e3o da Sa\u00fade, M\u00e1rcia Facci, comemorou a chegada dos kits pelo Novo PAC<\/figcaption><\/figure>\n\n\n\n<p>A entrega dos kits foi viabilizada por meio de inscri\u00e7\u00e3o da Prefeitura no Novo PAC, programa do Governo Federal que tem garantido importantes investimentos para o munic\u00edpio. A solicita\u00e7\u00e3o junto ao Minist\u00e9rio da Sa\u00fade contou com apoio parlamentar da vereadora Mariana Janeiro e da deputada federal Juliana Cardoso, refor\u00e7ando o compromisso coletivo com o fortalecimento do sistema p\u00fablico de sa\u00fade.<\/p>\n\n\n\n<p><strong>Investimentos\u00a0<\/strong><br>Al\u00e9m dos kits de telessa\u00fade, Jundia\u00ed tamb\u00e9m foi contemplada com recursos financeiros que ser\u00e3o destinados \u00e0 constru\u00e7\u00e3o de uma nova Unidade B\u00e1sica de Sa\u00fade. \u201cO objetivo \u00e9 ampliar a estrutura da rede e garantir mais conforto e qualidade no atendimento \u00e0 popula\u00e7\u00e3o\u201d, afirma M\u00e1rcia.<\/p>\n\n\n\n<p>Outra frente de investimento foi a chegada de novos equipamentos para as equipes multidisciplinares (eMulti), compostas por profissionais como assistente social, educador f\u00edsico, farmac\u00eautico, fisioterapeuta, nutricionista, psic\u00f3logo, psiquiatra e terapeuta ocupacional. Essas equipes atuam nas UBSs promovendo atividades f\u00edsicas para idosos, treinos motores e outros atendimentos voltados \u00e0 promo\u00e7\u00e3o da sa\u00fade e qualidade de vida.<\/p>\n\n\n\n<p><strong>Assessoria de Imprensa<\/strong><br><strong>Fotos: Fot\u00f3grafo PMJ<\/strong><\/p>\n","protected":false},"excerpt":{"rendered":"<p>A Prefeitura de Jundia\u00ed, por meio da Secretaria Municipal de Promo\u00e7\u00e3o da Sa\u00fade, recebeu dez kits de telessa\u00fade, cada um contendo televisor de 43 polegadas, notebook e c\u00e2mera de alta especificidade. A iniciativa representa mais um passo rumo a um atendimento cada vez mais humanizado, moderno e acess\u00edvel \u00e0 popula\u00e7\u00e3o. Os equipamentos ser\u00e3o instalados em [&hellip;]<\/p>\n","protected":false},"author":133,"featured_media":366936,"comment_status":"closed","ping_status":"0","sticky":false,"template":"","format":"standard","meta":{"footnotes":""},"categories":[2],"tags":[4343,981,1307],"ods":[],"class_list":["post-366935","post","type-post","status-publish","format-standard","has-post-thumbnail","hentry","category-noticias","tag-novo-pac","tag-promocao-da-saude","tag-ubs"],"_links":{"self":[{"href":"https:\/\/jundiai.sp.gov.br\/noticias\/wp-json\/wp\/v2\/posts\/366935","targetHints":{"allow":["GET"]}}],"collection":[{"href":"https:\/\/jundiai.sp.gov.br\/noticias\/wp-json\/wp\/v2\/posts"}],"about":[{"href":"https:\/\/jundiai.sp.gov.br\/noticias\/wp-json\/wp\/v2\/types\/post"}],"author":[{"embeddable":true,"href":"https:\/\/jundiai.sp.gov.br\/noticias\/wp-json\/wp\/v2\/users\/133"}],"replies":[{"embeddable":true,"href":"https:\/\/jundiai.sp.gov.br\/noticias\/wp-json\/wp\/v2\/comments?post=366935"}],"version-history":[{"count":2,"href":"https:\/\/jundiai.sp.gov.br\/noticias\/wp-json\/wp\/v2\/posts\/366935\/revisions"}],"predecessor-version":[{"id":367009,"href":"https:\/\/jundiai.sp.gov.br\/noticias\/wp-json\/wp\/v2\/posts\/366935\/revisions\/367009"}],"wp:featuredmedia":[{"embeddable":true,"href":"https:\/\/jundiai.sp.gov.br\/noticias\/wp-json\/wp\/v2\/media\/366936"}],"wp:attachment":[{"href":"https:\/\/jundiai.sp.gov.br\/noticias\/wp-json\/wp\/v2\/media?parent=366935"}],"wp:term":[{"taxonomy":"category","embeddable":true,"href":"https:\/\/jundiai.sp.gov.br\/noticias\/wp-json\/wp\/v2\/categories?post=366935"},{"taxonomy":"post_tag","embeddable":true,"href":"https:\/\/jundiai.sp.gov.br\/noticias\/wp-json\/wp\/v2\/tags?post=366935"},{"taxonomy":"ods","embeddable":true,"href":"https:\/\/jundiai.sp.gov.br\/noticias\/wp-json\/wp\/v2\/ods?post=366935"}],"curies":[{"name":"wp","href":"https:\/\/api.w.org\/{rel}","templated":true}]}}