{"id":368623,"date":"2025-11-06T15:27:17","date_gmt":"2025-11-06T18:27:17","guid":{"rendered":"https:\/\/jundiai.sp.gov.br\/noticias\/?p=368623"},"modified":"2025-11-06T15:27:17","modified_gmt":"2025-11-06T18:27:17","slug":"prefeitura-de-jundiai-conclui-substituicao-de-344-lampadas-a-vapor-por-led-na-av-antonio-pincinato","status":"publish","type":"post","link":"https:\/\/jundiai.sp.gov.br\/noticias\/2025\/11\/06\/prefeitura-de-jundiai-conclui-substituicao-de-344-lampadas-a-vapor-por-led-na-av-antonio-pincinato\/","title":{"rendered":"Prefeitura de Jundia\u00ed conclui substitui\u00e7\u00e3o de 344 l\u00e2mpadas a vapor por LED na Av. Ant\u00f4nio Pincinato"},"content":{"rendered":"\n<p>A Prefeitura de Jundia\u00ed concluiu a substitui\u00e7\u00e3o de 344 l\u00e2mpadas a vapor pela tecnologia LED ao longo da Avenida Ant\u00f4nio Pincinato, em um trecho de aproximadamente 5 quil\u00f4metros, passando pelos bairros Vila Alvorada, Jardim Guanabara, Aeroporto, Eloy Chaves e Ermida.<\/p>\n\n\n\n<figure class=\"wp-block-image size-large\"><img loading=\"lazy\" decoding=\"async\" width=\"1280\" height=\"426\" src=\"https:\/\/jundiai.sp.gov.br\/noticias\/wp-content\/uploads\/sites\/32\/2025\/11\/antes-x-depois-pincinato-1-1280x426.jpg\" alt=\"\" class=\"wp-image-368625\" srcset=\"https:\/\/jundiai.sp.gov.br\/noticias\/wp-content\/uploads\/sites\/32\/2025\/11\/antes-x-depois-pincinato-1-1280x426.jpg 1280w, https:\/\/jundiai.sp.gov.br\/noticias\/wp-content\/uploads\/sites\/32\/2025\/11\/antes-x-depois-pincinato-1-300x100.jpg 300w, https:\/\/jundiai.sp.gov.br\/noticias\/wp-content\/uploads\/sites\/32\/2025\/11\/antes-x-depois-pincinato-1-768x256.jpg 768w, https:\/\/jundiai.sp.gov.br\/noticias\/wp-content\/uploads\/sites\/32\/2025\/11\/antes-x-depois-pincinato-1-1536x512.jpg 1536w, https:\/\/jundiai.sp.gov.br\/noticias\/wp-content\/uploads\/sites\/32\/2025\/11\/antes-x-depois-pincinato-1.jpg 1900w\" sizes=\"auto, (max-width: 1280px) 100vw, 1280px\" \/><figcaption class=\"wp-element-caption\">Avenida Ant\u00f4nio Pincinato recebe ilumina\u00e7\u00e3o LED<\/figcaption><\/figure>\n\n\n\n<p>Os trabalhos foram coordenados pelo Departamento de Ilumina\u00e7\u00e3o P\u00fablica da Secretaria de Infraestrutura e Servi\u00e7os P\u00fablicos (SMISP). O secret\u00e1rio interino da SMISP, Jeferson Coimbra, destacou os benef\u00edcios da nova ilumina\u00e7\u00e3o.<\/p>\n\n\n\n<p>&#8220;S\u00e3o 5 quil\u00f4metros de via com ilumina\u00e7\u00e3o moderna, que traz mais seguran\u00e7a para a popula\u00e7\u00e3o, mais agilidade nos servi\u00e7os da Prefeitura e maior qualidade no atendimento&#8221;, ressaltou Jeferson.<\/p>\n\n\n\n<p>De acordo com Carlos Bocci, diretor do Departamento de Ilumina\u00e7\u00e3o P\u00fablica da SMISP, desde o in\u00edcio de 2025 j\u00e1 foram realizadas quase 6 mil substitui\u00e7\u00f5es em diferentes regi\u00f5es do munic\u00edpio. &#8220;Aproximadamente 30% da cidade j\u00e1 conta com ilumina\u00e7\u00e3o em LED. Al\u00e9m de melhorar a visibilidade e a sensa\u00e7\u00e3o de seguran\u00e7a, essa tecnologia reduz custos de manuten\u00e7\u00e3o, contribuindo tamb\u00e9m para a sustentabilidade&#8221;.<\/p>\n\n\n\n<figure class=\"wp-block-image size-large\"><img loading=\"lazy\" decoding=\"async\" width=\"1280\" height=\"853\" src=\"https:\/\/jundiai.sp.gov.br\/noticias\/wp-content\/uploads\/sites\/32\/2025\/11\/troca_de_led_antonio_pincinatto-14-valendo-2-1280x853.jpg\" alt=\"\" class=\"wp-image-368630\" srcset=\"https:\/\/jundiai.sp.gov.br\/noticias\/wp-content\/uploads\/sites\/32\/2025\/11\/troca_de_led_antonio_pincinatto-14-valendo-2-1280x853.jpg 1280w, https:\/\/jundiai.sp.gov.br\/noticias\/wp-content\/uploads\/sites\/32\/2025\/11\/troca_de_led_antonio_pincinatto-14-valendo-2-300x200.jpg 300w, https:\/\/jundiai.sp.gov.br\/noticias\/wp-content\/uploads\/sites\/32\/2025\/11\/troca_de_led_antonio_pincinatto-14-valendo-2-768x512.jpg 768w, https:\/\/jundiai.sp.gov.br\/noticias\/wp-content\/uploads\/sites\/32\/2025\/11\/troca_de_led_antonio_pincinatto-14-valendo-2-1536x1024.jpg 1536w, https:\/\/jundiai.sp.gov.br\/noticias\/wp-content\/uploads\/sites\/32\/2025\/11\/troca_de_led_antonio_pincinatto-14-valendo-2-450x300.jpg 450w, https:\/\/jundiai.sp.gov.br\/noticias\/wp-content\/uploads\/sites\/32\/2025\/11\/troca_de_led_antonio_pincinatto-14-valendo-2.jpg 1620w\" sizes=\"auto, (max-width: 1280px) 100vw, 1280px\" \/><figcaption class=\"wp-element-caption\">344 l\u00e2mpadas de LED foram instaladas na avenida <\/figcaption><\/figure>\n\n\n\n<p>As substitui\u00e7\u00f5es foram realizadas nas principais vias da cidade, priorizando os locais com maior circula\u00e7\u00e3o de pessoas e ve\u00edculos. O pr\u00f3ximo passo \u00e9 realizar as trocas dentro dos bairros.<\/p>\n\n\n\n<p>&#8220;Tivemos a preocupa\u00e7\u00e3o de iniciar pelas vias principais, onde h\u00e1 maior movimenta\u00e7\u00e3o de pessoas, para depois seguir para as ruas internas. Agora, com a pr\u00f3xima etapa do cronograma em andamento, ampliaremos esse trabalho para outras regi\u00f5es da cidade\u201d, explicou Jeferson Coimbra.<\/p>\n\n\n\n<figure class=\"wp-block-gallery has-nested-images columns-default is-cropped wp-block-gallery-1 is-layout-flex wp-block-gallery-is-layout-flex\">\n<figure class=\"wp-block-image size-large\"><img loading=\"lazy\" decoding=\"async\" width=\"1280\" height=\"853\" data-id=\"368634\" src=\"https:\/\/jundiai.sp.gov.br\/noticias\/wp-content\/uploads\/sites\/32\/2025\/11\/troca_de_led_antonio_pincinatto-17-oficial-1280x853.jpg\" alt=\"\" class=\"wp-image-368634\" srcset=\"https:\/\/jundiai.sp.gov.br\/noticias\/wp-content\/uploads\/sites\/32\/2025\/11\/troca_de_led_antonio_pincinatto-17-oficial-1280x853.jpg 1280w, https:\/\/jundiai.sp.gov.br\/noticias\/wp-content\/uploads\/sites\/32\/2025\/11\/troca_de_led_antonio_pincinatto-17-oficial-300x200.jpg 300w, https:\/\/jundiai.sp.gov.br\/noticias\/wp-content\/uploads\/sites\/32\/2025\/11\/troca_de_led_antonio_pincinatto-17-oficial-768x512.jpg 768w, https:\/\/jundiai.sp.gov.br\/noticias\/wp-content\/uploads\/sites\/32\/2025\/11\/troca_de_led_antonio_pincinatto-17-oficial-1536x1024.jpg 1536w, https:\/\/jundiai.sp.gov.br\/noticias\/wp-content\/uploads\/sites\/32\/2025\/11\/troca_de_led_antonio_pincinatto-17-oficial-450x300.jpg 450w, https:\/\/jundiai.sp.gov.br\/noticias\/wp-content\/uploads\/sites\/32\/2025\/11\/troca_de_led_antonio_pincinatto-17-oficial.jpg 1620w\" sizes=\"auto, (max-width: 1280px) 100vw, 1280px\" \/><figcaption class=\"wp-element-caption\">Vila Alvorada, Jardim Guanabara, Aeroporto, Eloy Chaves e Ermida est\u00e3o mais iluminados<\/figcaption><\/figure>\n\n\n\n<figure class=\"wp-block-image size-large\"><img loading=\"lazy\" decoding=\"async\" width=\"1280\" height=\"853\" data-id=\"368631\" src=\"https:\/\/jundiai.sp.gov.br\/noticias\/wp-content\/uploads\/sites\/32\/2025\/11\/troca_de_led_antonio_pincinatto-depois-3-1-1280x853.jpg\" alt=\"\" class=\"wp-image-368631\" srcset=\"https:\/\/jundiai.sp.gov.br\/noticias\/wp-content\/uploads\/sites\/32\/2025\/11\/troca_de_led_antonio_pincinatto-depois-3-1-1280x853.jpg 1280w, https:\/\/jundiai.sp.gov.br\/noticias\/wp-content\/uploads\/sites\/32\/2025\/11\/troca_de_led_antonio_pincinatto-depois-3-1-300x200.jpg 300w, https:\/\/jundiai.sp.gov.br\/noticias\/wp-content\/uploads\/sites\/32\/2025\/11\/troca_de_led_antonio_pincinatto-depois-3-1-768x512.jpg 768w, https:\/\/jundiai.sp.gov.br\/noticias\/wp-content\/uploads\/sites\/32\/2025\/11\/troca_de_led_antonio_pincinatto-depois-3-1-1536x1024.jpg 1536w, https:\/\/jundiai.sp.gov.br\/noticias\/wp-content\/uploads\/sites\/32\/2025\/11\/troca_de_led_antonio_pincinatto-depois-3-1-450x300.jpg 450w, https:\/\/jundiai.sp.gov.br\/noticias\/wp-content\/uploads\/sites\/32\/2025\/11\/troca_de_led_antonio_pincinatto-depois-3-1.jpg 1620w\" sizes=\"auto, (max-width: 1280px) 100vw, 1280px\" \/><figcaption class=\"wp-element-caption\">Servi\u00e7os foram realizados em 5km de extens\u00e3o da via<\/figcaption><\/figure>\n<\/figure>\n\n\n\n<p><strong>Assessoria de Imprensa<br>Fotos: Fot\u00f3grafo PMJ<\/strong><\/p>\n","protected":false},"excerpt":{"rendered":"<p>A Prefeitura de Jundia\u00ed concluiu a substitui\u00e7\u00e3o de 344 l\u00e2mpadas a vapor pela tecnologia LED ao longo da Avenida Ant\u00f4nio Pincinato, em um trecho de aproximadamente 5 quil\u00f4metros, passando pelos bairros Vila Alvorada, Jardim Guanabara, Aeroporto, Eloy Chaves e Ermida. Os trabalhos foram coordenados pelo Departamento de Ilumina\u00e7\u00e3o P\u00fablica da Secretaria de Infraestrutura e Servi\u00e7os [&hellip;]<\/p>\n","protected":false},"author":123,"featured_media":368625,"comment_status":"closed","ping_status":"0","sticky":false,"template":"","format":"standard","meta":{"footnotes":""},"categories":[4620,2],"tags":[2939,985],"ods":[],"class_list":["post-368623","post","type-post","status-publish","format-standard","has-post-thumbnail","hentry","category-destaques","category-noticias","tag-iluminacao-led","tag-infraestrutura-e-servicos-publicos"],"_links":{"self":[{"href":"https:\/\/jundiai.sp.gov.br\/noticias\/wp-json\/wp\/v2\/posts\/368623","targetHints":{"allow":["GET"]}}],"collection":[{"href":"https:\/\/jundiai.sp.gov.br\/noticias\/wp-json\/wp\/v2\/posts"}],"about":[{"href":"https:\/\/jundiai.sp.gov.br\/noticias\/wp-json\/wp\/v2\/types\/post"}],"author":[{"embeddable":true,"href":"https:\/\/jundiai.sp.gov.br\/noticias\/wp-json\/wp\/v2\/users\/123"}],"replies":[{"embeddable":true,"href":"https:\/\/jundiai.sp.gov.br\/noticias\/wp-json\/wp\/v2\/comments?post=368623"}],"version-history":[{"count":5,"href":"https:\/\/jundiai.sp.gov.br\/noticias\/wp-json\/wp\/v2\/posts\/368623\/revisions"}],"predecessor-version":[{"id":368655,"href":"https:\/\/jundiai.sp.gov.br\/noticias\/wp-json\/wp\/v2\/posts\/368623\/revisions\/368655"}],"wp:featuredmedia":[{"embeddable":true,"href":"https:\/\/jundiai.sp.gov.br\/noticias\/wp-json\/wp\/v2\/media\/368625"}],"wp:attachment":[{"href":"https:\/\/jundiai.sp.gov.br\/noticias\/wp-json\/wp\/v2\/media?parent=368623"}],"wp:term":[{"taxonomy":"category","embeddable":true,"href":"https:\/\/jundiai.sp.gov.br\/noticias\/wp-json\/wp\/v2\/categories?post=368623"},{"taxonomy":"post_tag","embeddable":true,"href":"https:\/\/jundiai.sp.gov.br\/noticias\/wp-json\/wp\/v2\/tags?post=368623"},{"taxonomy":"ods","embeddable":true,"href":"https:\/\/jundiai.sp.gov.br\/noticias\/wp-json\/wp\/v2\/ods?post=368623"}],"curies":[{"name":"wp","href":"https:\/\/api.w.org\/{rel}","templated":true}]}}