{"id":368662,"date":"2025-11-06T17:30:00","date_gmt":"2025-11-06T20:30:00","guid":{"rendered":"https:\/\/jundiai.sp.gov.br\/noticias\/?p=368662"},"modified":"2025-11-07T11:28:29","modified_gmt":"2025-11-07T14:28:29","slug":"prefeitura-de-jundiai-e-sebrae-sp-fortalecem-ecossistema-de-inovacao-com-o-ideathon-na-expo-profissoes-2025","status":"publish","type":"post","link":"https:\/\/jundiai.sp.gov.br\/noticias\/2025\/11\/06\/prefeitura-de-jundiai-e-sebrae-sp-fortalecem-ecossistema-de-inovacao-com-o-ideathon-na-expo-profissoes-2025\/","title":{"rendered":"Prefeitura de Jundia\u00ed e Sebrae-SP fortalecem ecossistema de inova\u00e7\u00e3o com o Ideathon na Expo Profiss\u00f5es 2025"},"content":{"rendered":"\n<p>A Prefeitura de Jundia\u00ed \u00e9 parceira do Sebrae-SP na realiza\u00e7\u00e3o do Ideathon, evento que ser\u00e1 realizado neste s\u00e1bado (8), das 8h \u00e0s 17h, no Parque da Uva, durante a Expo Profiss\u00f5es 2025. A iniciativa integra o eixo Inova+ do programa Desenvolve+, fortalecendo o ecossistema local de inova\u00e7\u00e3o e empreendedorismo.<\/p>\n\n\n\n<p>Promovido pelo Sebrae-SP e Abstartups, o Ideathon conta tamb\u00e9m com o apoio da Associa\u00e7\u00e3o de Tecnologia e Inova\u00e7\u00e3o de Jundia\u00ed (ATIJ) e de institui\u00e7\u00f5es de ensino como Fatec, Senai, Senac, UniAnchieta e Unip. A proposta \u00e9 incentivar estudantes do ensino t\u00e9cnico e superior a desenvolverem ideias e solu\u00e7\u00f5es inovadoras para desafios reais do munic\u00edpio.<\/p>\n\n\n\n<p>Entre os temas abordados est\u00e3o o uso da tecnologia para aproximar a popula\u00e7\u00e3o da gest\u00e3o p\u00fablica e o fortalecimento da integra\u00e7\u00e3o entre universidades, empresas, startups e governo.<\/p>\n\n\n\n<p>O diretor de Ci\u00eancia e Tecnologia da Prefeitura de Jundia\u00ed, Tiago Antunes, destaca que o evento refor\u00e7a o compromisso da cidade com a inova\u00e7\u00e3o e o futuro. \u201cO Ideathon \u00e9 um exemplo pr\u00e1tico de como Jundia\u00ed estimula a criatividade e o protagonismo dos jovens, conectando educa\u00e7\u00e3o, tecnologia e governo. Essa troca de ideias e experi\u00eancias \u00e9 o que impulsiona o eixo Inova+ e fortalece nosso ecossistema de inova\u00e7\u00e3o\u201d, afirma.<\/p>\n\n\n\n<p>O Ideathon premiar\u00e1 os melhores projetos com mentorias do Sebrae-SP e bolsas para o programa Empretec, al\u00e9m de outras oportunidades oferecidas pelos parceiros do evento.<\/p>\n\n\n\n<p>A Expo Profiss\u00f5es 2025 segue nos dias 7 e 8 de novembro, no Parque da Uva, das 10h \u00e0s 18h, com entrada gratuita. A Prefeitura de Jundia\u00ed, por meio da Secretaria de Desenvolvimento Econ\u00f4mico, Ci\u00eancia e Tecnologia, participa do evento com um estande do programa Desenvolve+, onde o p\u00fablico pode conhecer de perto os eixos que integram a iniciativa, entre eles o Inova+, voltado \u00e0 inova\u00e7\u00e3o e tecnologia. A feira promete movimentar a cidade com uma ampla programa\u00e7\u00e3o voltada \u00e0 empregabilidade, educa\u00e7\u00e3o e tecnologia, refor\u00e7ando o compromisso de Jundia\u00ed com o futuro e o desenvolvimento sustent\u00e1vel.<\/p>\n\n\n\n<p><strong>Assessoria de Imprensa <br>Fotos: Fot\u00f3grafos PMJ<\/strong><\/p>\n","protected":false},"excerpt":{"rendered":"<p>A Prefeitura de Jundia\u00ed \u00e9 parceira do Sebrae-SP na realiza\u00e7\u00e3o do Ideathon, evento que ser\u00e1 realizado neste s\u00e1bado (8), das 8h \u00e0s 17h, no Parque da Uva, durante a Expo Profiss\u00f5es 2025. A iniciativa integra o eixo Inova+ do programa Desenvolve+, fortalecendo o ecossistema local de inova\u00e7\u00e3o e empreendedorismo. Promovido pelo Sebrae-SP e Abstartups, o [&hellip;]<\/p>\n","protected":false},"author":69,"featured_media":368663,"comment_status":"closed","ping_status":"0","sticky":false,"template":"","format":"standard","meta":{"footnotes":""},"categories":[2],"tags":[5564,5661,5854,5549,234,5567],"ods":[],"class_list":["post-368662","post","type-post","status-publish","format-standard","has-post-thumbnail","hentry","category-noticias","tag-desenvolve-2","tag-expo-profissoes-2025","tag-ideathon","tag-inova","tag-sebrae","tag-secretaria-de-desenvolvimento-economico-ciencia-e-tecnologia"],"_links":{"self":[{"href":"https:\/\/jundiai.sp.gov.br\/noticias\/wp-json\/wp\/v2\/posts\/368662","targetHints":{"allow":["GET"]}}],"collection":[{"href":"https:\/\/jundiai.sp.gov.br\/noticias\/wp-json\/wp\/v2\/posts"}],"about":[{"href":"https:\/\/jundiai.sp.gov.br\/noticias\/wp-json\/wp\/v2\/types\/post"}],"author":[{"embeddable":true,"href":"https:\/\/jundiai.sp.gov.br\/noticias\/wp-json\/wp\/v2\/users\/69"}],"replies":[{"embeddable":true,"href":"https:\/\/jundiai.sp.gov.br\/noticias\/wp-json\/wp\/v2\/comments?post=368662"}],"version-history":[{"count":4,"href":"https:\/\/jundiai.sp.gov.br\/noticias\/wp-json\/wp\/v2\/posts\/368662\/revisions"}],"predecessor-version":[{"id":368774,"href":"https:\/\/jundiai.sp.gov.br\/noticias\/wp-json\/wp\/v2\/posts\/368662\/revisions\/368774"}],"wp:featuredmedia":[{"embeddable":true,"href":"https:\/\/jundiai.sp.gov.br\/noticias\/wp-json\/wp\/v2\/media\/368663"}],"wp:attachment":[{"href":"https:\/\/jundiai.sp.gov.br\/noticias\/wp-json\/wp\/v2\/media?parent=368662"}],"wp:term":[{"taxonomy":"category","embeddable":true,"href":"https:\/\/jundiai.sp.gov.br\/noticias\/wp-json\/wp\/v2\/categories?post=368662"},{"taxonomy":"post_tag","embeddable":true,"href":"https:\/\/jundiai.sp.gov.br\/noticias\/wp-json\/wp\/v2\/tags?post=368662"},{"taxonomy":"ods","embeddable":true,"href":"https:\/\/jundiai.sp.gov.br\/noticias\/wp-json\/wp\/v2\/ods?post=368662"}],"curies":[{"name":"wp","href":"https:\/\/api.w.org\/{rel}","templated":true}]}}