{"id":370263,"date":"2025-11-28T16:30:00","date_gmt":"2025-11-28T19:30:00","guid":{"rendered":"https:\/\/jundiai.sp.gov.br\/noticias\/?p=370263"},"modified":"2025-11-28T15:04:28","modified_gmt":"2025-11-28T18:04:28","slug":"dae-e-prefeitura-iniciam-instalacao-de-bebedouros-publicos-de-hidratacao","status":"publish","type":"post","link":"https:\/\/jundiai.sp.gov.br\/noticias\/2025\/11\/28\/dae-e-prefeitura-iniciam-instalacao-de-bebedouros-publicos-de-hidratacao\/","title":{"rendered":"DAE e Prefeitura iniciam instala\u00e7\u00e3o de bebedouros p\u00fablicos de hidrata\u00e7\u00e3o"},"content":{"rendered":"\n<p>A DAE, em parceria com a Prefeitura de Jundia\u00ed, iniciou a instala\u00e7\u00e3o de bebedouros p\u00fablicos em pontos estrat\u00e9gicos da cidade, ampliando o acesso da popula\u00e7\u00e3o \u00e0 \u00e1gua pot\u00e1vel. Os primeiros totens j\u00e1 est\u00e3o sendo implantados na Avenida Nove de Julho, uma das principais vias da cidade.<\/p>\n\n\n\n<p>Os equipamentos est\u00e3o localizados na Avenida Nove de Julho, pr\u00f3ximos \u00e0 Pra\u00e7a Dr. \u00canio Aparecido Lotierzo e na altura do n\u00famero 1.850. A a\u00e7\u00e3o integra a campanha institucional da DAE, \u201cSe tem \u00e1gua, tem vida. Se tem vida, tem DAE!\u201d, que destaca a import\u00e2ncia do uso consciente da \u00e1gua.<\/p>\n\n\n\n<div class=\"wp-block-columns is-layout-flex wp-container-core-columns-is-layout-9d6595d7 wp-block-columns-is-layout-flex\">\n<div class=\"wp-block-column is-layout-flow wp-block-column-is-layout-flow\">\n<figure class=\"wp-block-image size-full\"><img loading=\"lazy\" decoding=\"async\" width=\"840\" height=\"522\" src=\"https:\/\/jundiai.sp.gov.br\/noticias\/wp-content\/uploads\/sites\/32\/2025\/11\/4g9a5521-840x522-1.jpg\" alt=\"\" class=\"wp-image-370264\" srcset=\"https:\/\/jundiai.sp.gov.br\/noticias\/wp-content\/uploads\/sites\/32\/2025\/11\/4g9a5521-840x522-1.jpg 840w, https:\/\/jundiai.sp.gov.br\/noticias\/wp-content\/uploads\/sites\/32\/2025\/11\/4g9a5521-840x522-1-300x186.jpg 300w, https:\/\/jundiai.sp.gov.br\/noticias\/wp-content\/uploads\/sites\/32\/2025\/11\/4g9a5521-840x522-1-768x477.jpg 768w\" sizes=\"auto, (max-width: 840px) 100vw, 840px\" \/><\/figure>\n<\/div>\n\n\n\n<div class=\"wp-block-column is-layout-flow wp-block-column-is-layout-flow\">\n<figure class=\"wp-block-image size-full\"><img loading=\"lazy\" decoding=\"async\" width=\"840\" height=\"560\" src=\"https:\/\/jundiai.sp.gov.br\/noticias\/wp-content\/uploads\/sites\/32\/2025\/11\/4g9a5547-840x560-1.jpg\" alt=\"\" class=\"wp-image-370265\" srcset=\"https:\/\/jundiai.sp.gov.br\/noticias\/wp-content\/uploads\/sites\/32\/2025\/11\/4g9a5547-840x560-1.jpg 840w, https:\/\/jundiai.sp.gov.br\/noticias\/wp-content\/uploads\/sites\/32\/2025\/11\/4g9a5547-840x560-1-300x200.jpg 300w, https:\/\/jundiai.sp.gov.br\/noticias\/wp-content\/uploads\/sites\/32\/2025\/11\/4g9a5547-840x560-1-768x512.jpg 768w, https:\/\/jundiai.sp.gov.br\/noticias\/wp-content\/uploads\/sites\/32\/2025\/11\/4g9a5547-840x560-1-450x300.jpg 450w\" sizes=\"auto, (max-width: 840px) 100vw, 840px\" \/><\/figure>\n<\/div>\n<\/div>\n\n\n\n<p>A iniciativa ganhou destaque durante o desfile de 7 de setembro, quando totens de hidrata\u00e7\u00e3o foram disponibilizados ao longo da Avenida Prefeito Luiz Latorre, permitindo o reabastecimento de garrafas com \u00e1gua natural e gelada, al\u00e9m de oferecer bebedouros para animais de estima\u00e7\u00e3o.<\/p>\n\n\n\n<p>\u201cQueremos facilitar o acesso \u00e0 \u00e1gua de qualidade e incentivar h\u00e1bitos sustent\u00e1veis. A instala\u00e7\u00e3o desses equipamentos promove sa\u00fade por meio da hidrata\u00e7\u00e3o, especialmente com a chegada do per\u00edodo de calor intenso em dezembro, quando manter-se hidratado se torna ainda mais essencial\u201d, destaca o diretor-presidente da DAE, Luiz Roberto Del Gelmo.<\/p>\n\n\n\n<p>Para o prefeito Gustavo Martinelli, os pontos escolhidos s\u00e3o estrat\u00e9gicos e contar\u00e3o com o suporte de c\u00e2meras de monitoramento para garantir a seguran\u00e7a dos equipamentos. \u201cCom a chegada do ver\u00e3o, a hidrata\u00e7\u00e3o se torna ainda mais importante, especialmente para quem pratica atividade f\u00edsica. Por isso, oferecer pontos de hidrata\u00e7\u00e3o em \u00e1reas de grande circula\u00e7\u00e3o \u00e9 uma prioridade da nossa gest\u00e3o\u201d, afirma.<\/p>\n\n\n\n<div class=\"wp-block-columns is-layout-flex wp-container-core-columns-is-layout-9d6595d7 wp-block-columns-is-layout-flex\">\n<div class=\"wp-block-column is-layout-flow wp-block-column-is-layout-flow\">\n<figure class=\"wp-block-image size-full\"><img loading=\"lazy\" decoding=\"async\" width=\"768\" height=\"512\" src=\"https:\/\/jundiai.sp.gov.br\/noticias\/wp-content\/uploads\/sites\/32\/2025\/11\/4g9a5536-768x512-1.jpg\" alt=\"\" class=\"wp-image-370266\" srcset=\"https:\/\/jundiai.sp.gov.br\/noticias\/wp-content\/uploads\/sites\/32\/2025\/11\/4g9a5536-768x512-1.jpg 768w, https:\/\/jundiai.sp.gov.br\/noticias\/wp-content\/uploads\/sites\/32\/2025\/11\/4g9a5536-768x512-1-300x200.jpg 300w, https:\/\/jundiai.sp.gov.br\/noticias\/wp-content\/uploads\/sites\/32\/2025\/11\/4g9a5536-768x512-1-450x300.jpg 450w\" sizes=\"auto, (max-width: 768px) 100vw, 768px\" \/><\/figure>\n<\/div>\n\n\n\n<div class=\"wp-block-column is-layout-flow wp-block-column-is-layout-flow\">\n<figure class=\"wp-block-image size-full\"><img loading=\"lazy\" decoding=\"async\" width=\"768\" height=\"512\" src=\"https:\/\/jundiai.sp.gov.br\/noticias\/wp-content\/uploads\/sites\/32\/2025\/11\/4g9a5533-768x512-1.jpg\" alt=\"\" class=\"wp-image-370267\" srcset=\"https:\/\/jundiai.sp.gov.br\/noticias\/wp-content\/uploads\/sites\/32\/2025\/11\/4g9a5533-768x512-1.jpg 768w, https:\/\/jundiai.sp.gov.br\/noticias\/wp-content\/uploads\/sites\/32\/2025\/11\/4g9a5533-768x512-1-300x200.jpg 300w, https:\/\/jundiai.sp.gov.br\/noticias\/wp-content\/uploads\/sites\/32\/2025\/11\/4g9a5533-768x512-1-450x300.jpg 450w\" sizes=\"auto, (max-width: 768px) 100vw, 768px\" \/><\/figure>\n<\/div>\n<\/div>\n\n\n\n<p>Al\u00e9m dos totens j\u00e1 instalados, novos bebedouros ser\u00e3o implantados em outras regi\u00f5es da cidade, ampliando a rede de hidrata\u00e7\u00e3o p\u00fablica. A a\u00e7\u00e3o tamb\u00e9m estimula pr\u00e1ticas sustent\u00e1veis, ao reduzir o uso de copos pl\u00e1sticos e incentivar o consumo de \u00e1gua em garrafas reutiliz\u00e1veis. Com isso, a DAE e a Prefeitura seguem levando \u00e1gua de qualidade para quem circula pela cidade, facilitando o cuidado com a hidrata\u00e7\u00e3o.<\/p>\n\n\n\n<p><strong>Assessoria de Imprensa DAE<\/strong><\/p>\n","protected":false},"excerpt":{"rendered":"<p>A DAE, em parceria com a Prefeitura de Jundia\u00ed, iniciou a instala\u00e7\u00e3o de bebedouros p\u00fablicos em pontos estrat\u00e9gicos da cidade, ampliando o acesso da popula\u00e7\u00e3o \u00e0 \u00e1gua pot\u00e1vel. Os primeiros totens j\u00e1 est\u00e3o sendo implantados na Avenida Nove de Julho, uma das principais vias da cidade. Os equipamentos est\u00e3o localizados na Avenida Nove de Julho, [&hellip;]<\/p>\n","protected":false},"author":121,"featured_media":370265,"comment_status":"closed","ping_status":"0","sticky":false,"template":"","format":"standard","meta":{"footnotes":""},"categories":[2],"tags":[5957,1940],"ods":[],"class_list":["post-370263","post","type-post","status-publish","format-standard","has-post-thumbnail","hentry","category-noticias","tag-bebedouro","tag-dae-jundiai"],"_links":{"self":[{"href":"https:\/\/jundiai.sp.gov.br\/noticias\/wp-json\/wp\/v2\/posts\/370263","targetHints":{"allow":["GET"]}}],"collection":[{"href":"https:\/\/jundiai.sp.gov.br\/noticias\/wp-json\/wp\/v2\/posts"}],"about":[{"href":"https:\/\/jundiai.sp.gov.br\/noticias\/wp-json\/wp\/v2\/types\/post"}],"author":[{"embeddable":true,"href":"https:\/\/jundiai.sp.gov.br\/noticias\/wp-json\/wp\/v2\/users\/121"}],"replies":[{"embeddable":true,"href":"https:\/\/jundiai.sp.gov.br\/noticias\/wp-json\/wp\/v2\/comments?post=370263"}],"version-history":[{"count":1,"href":"https:\/\/jundiai.sp.gov.br\/noticias\/wp-json\/wp\/v2\/posts\/370263\/revisions"}],"predecessor-version":[{"id":370268,"href":"https:\/\/jundiai.sp.gov.br\/noticias\/wp-json\/wp\/v2\/posts\/370263\/revisions\/370268"}],"wp:featuredmedia":[{"embeddable":true,"href":"https:\/\/jundiai.sp.gov.br\/noticias\/wp-json\/wp\/v2\/media\/370265"}],"wp:attachment":[{"href":"https:\/\/jundiai.sp.gov.br\/noticias\/wp-json\/wp\/v2\/media?parent=370263"}],"wp:term":[{"taxonomy":"category","embeddable":true,"href":"https:\/\/jundiai.sp.gov.br\/noticias\/wp-json\/wp\/v2\/categories?post=370263"},{"taxonomy":"post_tag","embeddable":true,"href":"https:\/\/jundiai.sp.gov.br\/noticias\/wp-json\/wp\/v2\/tags?post=370263"},{"taxonomy":"ods","embeddable":true,"href":"https:\/\/jundiai.sp.gov.br\/noticias\/wp-json\/wp\/v2\/ods?post=370263"}],"curies":[{"name":"wp","href":"https:\/\/api.w.org\/{rel}","templated":true}]}}