{"id":371161,"date":"2025-12-12T14:53:03","date_gmt":"2025-12-12T17:53:03","guid":{"rendered":"https:\/\/jundiai.sp.gov.br\/noticias\/?p=371161"},"modified":"2025-12-12T14:53:20","modified_gmt":"2025-12-12T17:53:20","slug":"prefeitura-de-jundiai-entrega-a-vila-de-oportunidades-novo-complexo-dedicado-ao-cuidado-inclusao-e-geracao-de-renda","status":"publish","type":"post","link":"https:\/\/jundiai.sp.gov.br\/noticias\/2025\/12\/12\/prefeitura-de-jundiai-entrega-a-vila-de-oportunidades-novo-complexo-dedicado-ao-cuidado-inclusao-e-geracao-de-renda\/","title":{"rendered":"Prefeitura de Jundia\u00ed entrega a Vila de Oportunidades, novo complexo dedicado ao cuidado, inclus\u00e3o e gera\u00e7\u00e3o de renda"},"content":{"rendered":"\n<p>A Prefeitura de Jundia\u00ed inaugurou, na noite desta quinta-feira (11), a Vila de Oportunidades, um complexo idealizado pela Secretaria Municipal de Assist\u00eancia e Desenvolvimento Social (SMADS) voltado ao cuidado, prote\u00e7\u00e3o e gera\u00e7\u00e3o de renda e autonomia para pessoas em situa\u00e7\u00e3o de vulnerabilidade.<\/p>\n\n\n\n<p>Instalado ao lado da Secretaria Municipal de Habita\u00e7\u00e3o (antiga FUMAS), o espa\u00e7o re\u00fane iniciativas inovadoras, entre elas o primeiro Banho e Tosa Social do Brasil, o Emp\u00f3rio Social, a Ag\u00eancia Social, o Espa\u00e7o de Beleza, a Cozinha da Gente, a Comedoria, o Banco de Alimentos e a Feira do Bem, com ambientes dedicados \u00e0 inclus\u00e3o produtiva, forma\u00e7\u00e3o e a incuba\u00e7\u00e3o de empreendimentos sociais.<\/p>\n\n\n\n<figure class=\"wp-block-image size-large\"><img loading=\"lazy\" decoding=\"async\" width=\"1280\" height=\"854\" src=\"https:\/\/jundiai.sp.gov.br\/noticias\/wp-content\/uploads\/sites\/32\/2025\/12\/54978179067_4d597b5242_o-1280x854.jpg\" alt=\"\" class=\"wp-image-371199\" srcset=\"https:\/\/jundiai.sp.gov.br\/noticias\/wp-content\/uploads\/sites\/32\/2025\/12\/54978179067_4d597b5242_o-1280x854.jpg 1280w, https:\/\/jundiai.sp.gov.br\/noticias\/wp-content\/uploads\/sites\/32\/2025\/12\/54978179067_4d597b5242_o-300x200.jpg 300w, https:\/\/jundiai.sp.gov.br\/noticias\/wp-content\/uploads\/sites\/32\/2025\/12\/54978179067_4d597b5242_o-768x512.jpg 768w, https:\/\/jundiai.sp.gov.br\/noticias\/wp-content\/uploads\/sites\/32\/2025\/12\/54978179067_4d597b5242_o-1536x1024.jpg 1536w, https:\/\/jundiai.sp.gov.br\/noticias\/wp-content\/uploads\/sites\/32\/2025\/12\/54978179067_4d597b5242_o-450x300.jpg 450w, https:\/\/jundiai.sp.gov.br\/noticias\/wp-content\/uploads\/sites\/32\/2025\/12\/54978179067_4d597b5242_o.jpg 1900w\" sizes=\"auto, (max-width: 1280px) 100vw, 1280px\" \/><figcaption class=\"wp-element-caption\">Inaugura\u00e7\u00e3o da Vila de Oportunidades, novo complexo social idealizado pela SMADS<\/figcaption><\/figure>\n\n\n\n<p>Diversos secret\u00e1rios, servidores, vereadores, representantes da Guarda Municipal, equipes t\u00e9cnicas da SMADS e da Sa\u00fade, al\u00e9m de fam\u00edlias atendidas pelos servi\u00e7os, participaram da inaugura\u00e7\u00e3o. A cerim\u00f4nia contou ainda com apresenta\u00e7\u00e3o do Grupo Som das Ruas e do Centro de Conviv\u00eancia do Idoso (CCI), al\u00e9m de homenagens entregues pela SMADS \u00e0s equipes envolvidas no projeto.<\/p>\n\n\n\n<p>O prefeito ressaltou que o complexo foi idealizado pela SMADS como um espa\u00e7o integrado, capaz de reunir a\u00e7\u00f5es complementares para gerar autonomia e dignidade: \u201cA Vila de Oportunidades representa o que h\u00e1 de mais humano nas pol\u00edticas p\u00fablicas de Jundia\u00ed. Ela re\u00fane servi\u00e7os que promovem cuidado, autonomia e gera\u00e7\u00e3o de renda. Estamos entregando estruturas reais que transformam vidas e tirando do papel projetos importantes para quem mais precisa\u201d.<\/p>\n\n\n\n<p>A secret\u00e1ria da SMADS, Luciane Mosca, enfatizou a import\u00e2ncia do equipamento para o fortalecimento das pol\u00edticas de assist\u00eancia: \u201cHoje \u00e9 um dia hist\u00f3rico. S\u00e3o poucas cidades que conseguem entregar um complexo como este. Ampliamos ofertas para constru\u00e7\u00e3o de novos projetos de vida, de equidade e de justi\u00e7a social. Nosso prop\u00f3sito \u00e9 garantir que cada jundiaiense tenha condi\u00e7\u00f5es dignas de viver e reconstruir sua trajet\u00f3ria.\u201d<\/p>\n\n\n\n<div class=\"wp-block-columns is-layout-flex wp-container-core-columns-is-layout-9d6595d7 wp-block-columns-is-layout-flex\">\n<div class=\"wp-block-column is-layout-flow wp-block-column-is-layout-flow\">\n<figure class=\"wp-block-image size-large\"><img loading=\"lazy\" decoding=\"async\" width=\"1280\" height=\"854\" src=\"https:\/\/jundiai.sp.gov.br\/noticias\/wp-content\/uploads\/sites\/32\/2025\/12\/54979062666_e0cb097486_o-1280x854.jpg\" alt=\"\" class=\"wp-image-371200\" srcset=\"https:\/\/jundiai.sp.gov.br\/noticias\/wp-content\/uploads\/sites\/32\/2025\/12\/54979062666_e0cb097486_o-1280x854.jpg 1280w, https:\/\/jundiai.sp.gov.br\/noticias\/wp-content\/uploads\/sites\/32\/2025\/12\/54979062666_e0cb097486_o-300x200.jpg 300w, https:\/\/jundiai.sp.gov.br\/noticias\/wp-content\/uploads\/sites\/32\/2025\/12\/54979062666_e0cb097486_o-768x512.jpg 768w, https:\/\/jundiai.sp.gov.br\/noticias\/wp-content\/uploads\/sites\/32\/2025\/12\/54979062666_e0cb097486_o-1536x1024.jpg 1536w, https:\/\/jundiai.sp.gov.br\/noticias\/wp-content\/uploads\/sites\/32\/2025\/12\/54979062666_e0cb097486_o-450x300.jpg 450w, https:\/\/jundiai.sp.gov.br\/noticias\/wp-content\/uploads\/sites\/32\/2025\/12\/54979062666_e0cb097486_o.jpg 1900w\" sizes=\"auto, (max-width: 1280px) 100vw, 1280px\" \/><figcaption class=\"wp-element-caption\">Prefeito Gustavo Martinelli enaltece o projeto que promove cuidado, autonomia e gera\u00e7\u00e3o de renda<\/figcaption><\/figure>\n<\/div>\n\n\n\n<div class=\"wp-block-column is-layout-flow wp-block-column-is-layout-flow\">\n<figure class=\"wp-block-image size-large\"><img loading=\"lazy\" decoding=\"async\" width=\"1280\" height=\"854\" src=\"https:\/\/jundiai.sp.gov.br\/noticias\/wp-content\/uploads\/sites\/32\/2025\/12\/54978179257_8ac8807165_o-1280x854.jpg\" alt=\"\" class=\"wp-image-371164\" srcset=\"https:\/\/jundiai.sp.gov.br\/noticias\/wp-content\/uploads\/sites\/32\/2025\/12\/54978179257_8ac8807165_o-1280x854.jpg 1280w, https:\/\/jundiai.sp.gov.br\/noticias\/wp-content\/uploads\/sites\/32\/2025\/12\/54978179257_8ac8807165_o-300x200.jpg 300w, https:\/\/jundiai.sp.gov.br\/noticias\/wp-content\/uploads\/sites\/32\/2025\/12\/54978179257_8ac8807165_o-768x512.jpg 768w, https:\/\/jundiai.sp.gov.br\/noticias\/wp-content\/uploads\/sites\/32\/2025\/12\/54978179257_8ac8807165_o-1536x1024.jpg 1536w, https:\/\/jundiai.sp.gov.br\/noticias\/wp-content\/uploads\/sites\/32\/2025\/12\/54978179257_8ac8807165_o-450x300.jpg 450w, https:\/\/jundiai.sp.gov.br\/noticias\/wp-content\/uploads\/sites\/32\/2025\/12\/54978179257_8ac8807165_o.jpg 1900w\" sizes=\"auto, (max-width: 1280px) 100vw, 1280px\" \/><figcaption class=\"wp-element-caption\">Secret\u00e1ria Luciane Mosca apresenta a Moeda Social Japi, novidade na inclus\u00e3o produtiva<\/figcaption><\/figure>\n<\/div>\n<\/div>\n\n\n\n<p><strong>Moeda Social Japi<\/strong><br>Durante o evento, a SMADS lan\u00e7ou o primeiro ciclo da Moeda Social Japi, que funcionar\u00e1 como incentivo \u00e0s a\u00e7\u00f5es de inclus\u00e3o produtiva, em especial entre pessoas em situa\u00e7\u00e3o de rua. A moeda substituir\u00e1 doa\u00e7\u00f5es espont\u00e2neas e poder\u00e1 ser trocada por produtos em pontos parceiros da cidade.<\/p>\n\n\n\n<p>As c\u00e9dulas, inspiradas na fauna da Serra do Japi, j\u00e1 est\u00e3o sendo utilizadas por artes\u00e3os da Casa Santa Marta e pelos atendidos do Centro Pop. Luciane destacou: \u201cA Moeda Social Japi \u00e9 uma tecnologia social de desenvolvimento econ\u00f4mico. Ela simboliza essa rede de servi\u00e7os que constr\u00f3i caminhos reais para a sa\u00edda das ruas. Jundia\u00ed mais uma vez sai \u00e0 frente.\u201d<\/p>\n\n\n\n<div class=\"wp-block-columns is-layout-flex wp-container-core-columns-is-layout-9d6595d7 wp-block-columns-is-layout-flex\">\n<div class=\"wp-block-column is-layout-flow wp-block-column-is-layout-flow\">\n<figure class=\"wp-block-image size-large\"><img loading=\"lazy\" decoding=\"async\" width=\"1280\" height=\"854\" src=\"https:\/\/jundiai.sp.gov.br\/noticias\/wp-content\/uploads\/sites\/32\/2025\/12\/54979363605_b5b84ca965_o-1-1280x854.jpg\" alt=\"\" class=\"wp-image-371168\" srcset=\"https:\/\/jundiai.sp.gov.br\/noticias\/wp-content\/uploads\/sites\/32\/2025\/12\/54979363605_b5b84ca965_o-1-1280x854.jpg 1280w, https:\/\/jundiai.sp.gov.br\/noticias\/wp-content\/uploads\/sites\/32\/2025\/12\/54979363605_b5b84ca965_o-1-300x200.jpg 300w, https:\/\/jundiai.sp.gov.br\/noticias\/wp-content\/uploads\/sites\/32\/2025\/12\/54979363605_b5b84ca965_o-1-768x512.jpg 768w, https:\/\/jundiai.sp.gov.br\/noticias\/wp-content\/uploads\/sites\/32\/2025\/12\/54979363605_b5b84ca965_o-1-1536x1024.jpg 1536w, https:\/\/jundiai.sp.gov.br\/noticias\/wp-content\/uploads\/sites\/32\/2025\/12\/54979363605_b5b84ca965_o-1-450x300.jpg 450w, https:\/\/jundiai.sp.gov.br\/noticias\/wp-content\/uploads\/sites\/32\/2025\/12\/54979363605_b5b84ca965_o-1.jpg 1900w\" sizes=\"auto, (max-width: 1280px) 100vw, 1280px\" \/><figcaption class=\"wp-element-caption\">Instala\u00e7\u00f5es da Vila de Oportunidades<\/figcaption><\/figure>\n<\/div>\n\n\n\n<div class=\"wp-block-column is-layout-flow wp-block-column-is-layout-flow\">\n<figure class=\"wp-block-image size-large\"><img loading=\"lazy\" decoding=\"async\" width=\"1280\" height=\"854\" src=\"https:\/\/jundiai.sp.gov.br\/noticias\/wp-content\/uploads\/sites\/32\/2025\/12\/54979363630_2489c088c0_o-1280x854.jpg\" alt=\"\" class=\"wp-image-371169\" srcset=\"https:\/\/jundiai.sp.gov.br\/noticias\/wp-content\/uploads\/sites\/32\/2025\/12\/54979363630_2489c088c0_o-1280x854.jpg 1280w, https:\/\/jundiai.sp.gov.br\/noticias\/wp-content\/uploads\/sites\/32\/2025\/12\/54979363630_2489c088c0_o-300x200.jpg 300w, https:\/\/jundiai.sp.gov.br\/noticias\/wp-content\/uploads\/sites\/32\/2025\/12\/54979363630_2489c088c0_o-768x512.jpg 768w, https:\/\/jundiai.sp.gov.br\/noticias\/wp-content\/uploads\/sites\/32\/2025\/12\/54979363630_2489c088c0_o-1536x1024.jpg 1536w, https:\/\/jundiai.sp.gov.br\/noticias\/wp-content\/uploads\/sites\/32\/2025\/12\/54979363630_2489c088c0_o-450x300.jpg 450w, https:\/\/jundiai.sp.gov.br\/noticias\/wp-content\/uploads\/sites\/32\/2025\/12\/54979363630_2489c088c0_o.jpg 1900w\" sizes=\"auto, (max-width: 1280px) 100vw, 1280px\" \/><figcaption class=\"wp-element-caption\">Banho e Tosa Social da Vila de Oportunidades<\/figcaption><\/figure>\n<\/div>\n<\/div>\n\n\n\n<p>A diretora do Departamento de Pol\u00edticas Complementares, Edilaine Cardoso Santos, emocionou o p\u00fablico com seu relato: \u201cA Vila de Oportunidades \u00e9 um marco, porque historicamente \u00e9 dif\u00edcil conquistar espa\u00e7os f\u00edsicos para a assist\u00eancia social desenvolver seus programas e projetos. Aqui, queremos que as pessoas possam sonhar de novo, retomar sua trajet\u00f3ria profissional e gerar renda com aquilo que sabem fazer.\u201d<\/p>\n\n\n\n<p>Assistido pelos servi\u00e7os, Luis Gustavo de Paiva, participante do grupo de Gera\u00e7\u00e3o de Renda do CAPS, comentou a import\u00e2ncia do projeto: \u201c\u00c9 uma terapia e uma oportunidade. Nem todo mundo consegue trabalhar todos os dias, e ter um espa\u00e7o como este ajuda muito. A Vila \u00e9 essencial para toda a sociedade, todo mundo merece uma chance.\u201d<\/p>\n\n\n\n<div class=\"wp-block-columns is-layout-flex wp-container-core-columns-is-layout-9d6595d7 wp-block-columns-is-layout-flex\">\n<div class=\"wp-block-column is-layout-flow wp-block-column-is-layout-flow\">\n<figure class=\"wp-block-image size-large\"><img loading=\"lazy\" decoding=\"async\" width=\"1280\" height=\"854\" src=\"https:\/\/jundiai.sp.gov.br\/noticias\/wp-content\/uploads\/sites\/32\/2025\/12\/54979063766_29d5656b0c_o-1280x854.jpg\" alt=\"\" class=\"wp-image-371201\" srcset=\"https:\/\/jundiai.sp.gov.br\/noticias\/wp-content\/uploads\/sites\/32\/2025\/12\/54979063766_29d5656b0c_o-1280x854.jpg 1280w, https:\/\/jundiai.sp.gov.br\/noticias\/wp-content\/uploads\/sites\/32\/2025\/12\/54979063766_29d5656b0c_o-300x200.jpg 300w, https:\/\/jundiai.sp.gov.br\/noticias\/wp-content\/uploads\/sites\/32\/2025\/12\/54979063766_29d5656b0c_o-768x512.jpg 768w, https:\/\/jundiai.sp.gov.br\/noticias\/wp-content\/uploads\/sites\/32\/2025\/12\/54979063766_29d5656b0c_o-1536x1024.jpg 1536w, https:\/\/jundiai.sp.gov.br\/noticias\/wp-content\/uploads\/sites\/32\/2025\/12\/54979063766_29d5656b0c_o-450x300.jpg 450w, https:\/\/jundiai.sp.gov.br\/noticias\/wp-content\/uploads\/sites\/32\/2025\/12\/54979063766_29d5656b0c_o.jpg 1900w\" sizes=\"auto, (max-width: 1280px) 100vw, 1280px\" \/><figcaption class=\"wp-element-caption\">Feira do Bem <\/figcaption><\/figure>\n<\/div>\n\n\n\n<div class=\"wp-block-column is-layout-flow wp-block-column-is-layout-flow\">\n<figure class=\"wp-block-image size-large\"><img loading=\"lazy\" decoding=\"async\" width=\"1280\" height=\"854\" src=\"https:\/\/jundiai.sp.gov.br\/noticias\/wp-content\/uploads\/sites\/32\/2025\/12\/img_6957-1280x854.jpg\" alt=\"\" class=\"wp-image-371166\" srcset=\"https:\/\/jundiai.sp.gov.br\/noticias\/wp-content\/uploads\/sites\/32\/2025\/12\/img_6957-1280x854.jpg 1280w, https:\/\/jundiai.sp.gov.br\/noticias\/wp-content\/uploads\/sites\/32\/2025\/12\/img_6957-300x200.jpg 300w, https:\/\/jundiai.sp.gov.br\/noticias\/wp-content\/uploads\/sites\/32\/2025\/12\/img_6957-768x512.jpg 768w, https:\/\/jundiai.sp.gov.br\/noticias\/wp-content\/uploads\/sites\/32\/2025\/12\/img_6957-1536x1024.jpg 1536w, https:\/\/jundiai.sp.gov.br\/noticias\/wp-content\/uploads\/sites\/32\/2025\/12\/img_6957-450x300.jpg 450w, https:\/\/jundiai.sp.gov.br\/noticias\/wp-content\/uploads\/sites\/32\/2025\/12\/img_6957.jpg 1900w\" sizes=\"auto, (max-width: 1280px) 100vw, 1280px\" \/><figcaption class=\"wp-element-caption\">Luis Gustavo, participante dos programas sociais, compartilha sua experi\u00eancia<\/figcaption><\/figure>\n<\/div>\n<\/div>\n\n\n\n<p>A Vila de Oportunidades abre suas portas como um espa\u00e7o que combina inova\u00e7\u00e3o, cuidado e compromisso com uma cidade mais justa e inclusiva.<\/p>\n\n\n\n<p>Confira as fotos do evento no <a href=\"https:\/\/www.flickr.com\/photos\/prefeituradejundiai\/albums\/72177720330853910\">Flickr da Prefeitura<\/a>.<\/p>\n\n\n\n<p><strong>Assessoria de Imprensa<br>Fotos: Fot\u00f3grafo PMJ<\/strong><\/p>\n","protected":false},"excerpt":{"rendered":"<p>A Prefeitura de Jundia\u00ed inaugurou, na noite desta quinta-feira (11), a Vila de Oportunidades, um complexo idealizado pela Secretaria Municipal de Assist\u00eancia e Desenvolvimento Social (SMADS) voltado ao cuidado, prote\u00e7\u00e3o e gera\u00e7\u00e3o de renda e autonomia para pessoas em situa\u00e7\u00e3o de vulnerabilidade. Instalado ao lado da Secretaria Municipal de Habita\u00e7\u00e3o (antiga FUMAS), o espa\u00e7o re\u00fane [&hellip;]<\/p>\n","protected":false},"author":124,"featured_media":371199,"comment_status":"closed","ping_status":"0","sticky":false,"template":"","format":"standard","meta":{"footnotes":""},"categories":[2],"tags":[3138,6046,6047,5775,5776,6026,6045],"ods":[],"class_list":["post-371161","post","type-post","status-publish","format-standard","has-post-thumbnail","hentry","category-noticias","tag-assistencia-social","tag-banho-e-tosa-social","tag-emporio-social","tag-feira-do-bem","tag-moeda-social-japi","tag-secretaria-municipal-de-assistencia-e-desenvolvimento-social-smads","tag-vila-de-oportunidades"],"_links":{"self":[{"href":"https:\/\/jundiai.sp.gov.br\/noticias\/wp-json\/wp\/v2\/posts\/371161","targetHints":{"allow":["GET"]}}],"collection":[{"href":"https:\/\/jundiai.sp.gov.br\/noticias\/wp-json\/wp\/v2\/posts"}],"about":[{"href":"https:\/\/jundiai.sp.gov.br\/noticias\/wp-json\/wp\/v2\/types\/post"}],"author":[{"embeddable":true,"href":"https:\/\/jundiai.sp.gov.br\/noticias\/wp-json\/wp\/v2\/users\/124"}],"replies":[{"embeddable":true,"href":"https:\/\/jundiai.sp.gov.br\/noticias\/wp-json\/wp\/v2\/comments?post=371161"}],"version-history":[{"count":4,"href":"https:\/\/jundiai.sp.gov.br\/noticias\/wp-json\/wp\/v2\/posts\/371161\/revisions"}],"predecessor-version":[{"id":371203,"href":"https:\/\/jundiai.sp.gov.br\/noticias\/wp-json\/wp\/v2\/posts\/371161\/revisions\/371203"}],"wp:featuredmedia":[{"embeddable":true,"href":"https:\/\/jundiai.sp.gov.br\/noticias\/wp-json\/wp\/v2\/media\/371199"}],"wp:attachment":[{"href":"https:\/\/jundiai.sp.gov.br\/noticias\/wp-json\/wp\/v2\/media?parent=371161"}],"wp:term":[{"taxonomy":"category","embeddable":true,"href":"https:\/\/jundiai.sp.gov.br\/noticias\/wp-json\/wp\/v2\/categories?post=371161"},{"taxonomy":"post_tag","embeddable":true,"href":"https:\/\/jundiai.sp.gov.br\/noticias\/wp-json\/wp\/v2\/tags?post=371161"},{"taxonomy":"ods","embeddable":true,"href":"https:\/\/jundiai.sp.gov.br\/noticias\/wp-json\/wp\/v2\/ods?post=371161"}],"curies":[{"name":"wp","href":"https:\/\/api.w.org\/{rel}","templated":true}]}}