{"id":372025,"date":"2025-12-28T17:42:18","date_gmt":"2025-12-28T20:42:18","guid":{"rendered":"https:\/\/jundiai.sp.gov.br\/noticias\/?p=372025"},"modified":"2025-12-28T17:42:18","modified_gmt":"2025-12-28T20:42:18","slug":"prefeitura-mobiliza-ampla-forca-tarefa-apos-tempestade-que-derrubou-arvores-em-bairros-de-jundiai","status":"publish","type":"post","link":"https:\/\/jundiai.sp.gov.br\/noticias\/2025\/12\/28\/prefeitura-mobiliza-ampla-forca-tarefa-apos-tempestade-que-derrubou-arvores-em-bairros-de-jundiai\/","title":{"rendered":"Prefeitura mobiliza ampla for\u00e7a-tarefa ap\u00f3s tempestade que derrubou \u00e1rvores em bairros de Jundia\u00ed"},"content":{"rendered":"\n<p>Ap\u00f3s a forte chuva com rajadas de vento, raio e granizo que caiu no final da tarde do \u00faltimo s\u00e1bado (27), a noite foi de trabalho para a Prefeitura de Jundia\u00ed, que acionou uma ampla for\u00e7a-tarefa para atender diferentes regi\u00f5es do munic\u00edpio que registraram quedas de \u00e1rvores.<\/p>\n\n\n\n<p>Foram atendidas ocorr\u00eancias nas avenidas Nove de Julho (Anhangaba\u00fa), Carlos Salles Block (Anhangaba\u00fa) e Prefeito Luiz Latorre (Vila das Hort\u00eansias) e nas ruas Luiz Carlos Lopes Crizol (Santa Clara), Bela Vista (Bela Vista), Antonio Zandona (Jardim Pacaembu), Augusto Saccomani (Jardim Torres de S\u00e3o Jos\u00e9) e V\u00e1rzea Paulista (Torres de S\u00e3o Jos\u00e9).<\/p>\n\n\n\n<p>A opera\u00e7\u00e3o em conjunto contou com a Secretaria de Infraestrutura e Servi\u00e7os P\u00fablicos (SMISP), a Defesa Civil e a Guarda Ambiental, para a remo\u00e7\u00e3o t\u00e9cnica segura das \u00e1rvores das vias p\u00fablicas, al\u00e9m da Secretaria de Mobilidade e Transporte (SMMT), que foi mobilizada para sinalizar o tr\u00e2nsito para os motoristas que trafegavam pelos locais afetados e realizar a interdi\u00e7\u00e3o de vias que ficaram bloqueadas.<\/p>\n\n\n\n<figure class=\"wp-block-image size-large\"><img loading=\"lazy\" decoding=\"async\" width=\"1280\" height=\"720\" src=\"https:\/\/jundiai.sp.gov.br\/noticias\/wp-content\/uploads\/sites\/32\/2025\/12\/whatsapp-image-2025-12-28-at-12-07-20-1-1280x720.jpeg\" alt=\"\" class=\"wp-image-372027\" srcset=\"https:\/\/jundiai.sp.gov.br\/noticias\/wp-content\/uploads\/sites\/32\/2025\/12\/whatsapp-image-2025-12-28-at-12-07-20-1-1280x720.jpeg 1280w, https:\/\/jundiai.sp.gov.br\/noticias\/wp-content\/uploads\/sites\/32\/2025\/12\/whatsapp-image-2025-12-28-at-12-07-20-1-300x169.jpeg 300w, https:\/\/jundiai.sp.gov.br\/noticias\/wp-content\/uploads\/sites\/32\/2025\/12\/whatsapp-image-2025-12-28-at-12-07-20-1-768x432.jpeg 768w, https:\/\/jundiai.sp.gov.br\/noticias\/wp-content\/uploads\/sites\/32\/2025\/12\/whatsapp-image-2025-12-28-at-12-07-20-1-1536x864.jpeg 1536w, https:\/\/jundiai.sp.gov.br\/noticias\/wp-content\/uploads\/sites\/32\/2025\/12\/whatsapp-image-2025-12-28-at-12-07-20-1.jpeg 1600w\" sizes=\"auto, (max-width: 1280px) 100vw, 1280px\" \/><figcaption class=\"wp-element-caption\">Trecho da avenida Nove de Julho, durante opera\u00e7\u00e3o na noite de s\u00e1bado (27)<\/figcaption><\/figure>\n\n\n\n<p>A SMISP prosseguiu os trabalhos neste domingo (28) para finalizar a limpeza dos galhos em todas as \u00e1reas. A CPFL tamb\u00e9m estendeu os servi\u00e7os para atender as regi\u00f5es em que houve queda de energia.<\/p>\n\n\n\n<p>\u201cDesde as primeiras horas ap\u00f3s as chuvas, nossas equipes atuaram na retirada de \u00e1rvores e na limpeza das vias, em uma uni\u00e3o de esfor\u00e7os para garantir mais conforto, seguran\u00e7a e qualidade nos servi\u00e7os prestados \u00e0 popula\u00e7\u00e3o\u201d, frisa o secret\u00e1rio interino de Infraestutura e Servi\u00e7os P\u00fablicos, Jefferson Coimbra. \u201cA atua\u00e7\u00e3o integrada permitiu a r\u00e1pida sinaliza\u00e7\u00e3o e libera\u00e7\u00e3o das vias, minimizando impactos no tr\u00e2nsito e assegurando a mobilidade e a seguran\u00e7a dos mun\u00edcipes\u201d, completa Ana Paula de Almeida, de Mobilidade e Transporte.<\/p>\n\n\n\n<p>Coordenador da Defesa Civil, o Coronel Gimenez destaca que esse trabalho em conjunto \u00e9 ainda mais fundamental no per\u00edodo de chuvas, quando h\u00e1 mais incid\u00eancias de ocorr\u00eancias que prejudicam a popula\u00e7\u00e3o. \u201cSeguimos monitorando as \u00e1reas afetadas e trabalhando em parceria com as demais secretarias para proteger a popula\u00e7\u00e3o e garantir respostas r\u00e1pidas diante de eventos clim\u00e1ticos.\u201d<\/p>\n\n\n\n<p><strong>Temporada de chuvas<\/strong><\/p>\n\n\n\n<p>Apesar da chuva do \u00faltimo s\u00e1bado ter sido de curta dura\u00e7\u00e3o, sua intensidade e volume foram expressivos. Segundo balan\u00e7o da Defesa Civil de Jundia\u00ed, os maiores acumulados foram registrados no Rio de Jundia\u00ed (22 mm), no Jardim Tamoio (18 mm), no Fazenda Grande (12 mm), no Bairro da Roseira (7 mm) e no Jardim Santa Gertrudes (1 mm).<\/p>\n\n\n\n<p>Em Jundia\u00ed, assim como em todo o interior paulista, as altas temperaturas t\u00eam formado \u00e1reas de instabilidade que favorecem, nos pr\u00f3ximos dias, a ocorr\u00eancia de mais pancadas de chuva fortes, que podem ganhar for\u00e7a e vir acompanhadas de raios, rajadas de vento e granizo.<\/p>\n\n\n\n<p>Qualquer mun\u00edcipe que presenciar uma \u00e1rvore ca\u00edda ou precisar de orienta\u00e7\u00f5es pode acionar os telefones 156 (Prefeitura de Jundia\u00ed) ou 199 (Defesa Civil).<\/p>\n\n\n\n<p><strong>Assessoria de Imprensa<\/strong><br><strong>Fotos: Divulga\u00e7\u00e3o PMJ<\/strong><\/p>\n","protected":false},"excerpt":{"rendered":"<p>Ap\u00f3s a forte chuva com rajadas de vento, raio e granizo que caiu no final da tarde do \u00faltimo s\u00e1bado (27), a noite foi de trabalho para a Prefeitura de Jundia\u00ed, que acionou uma ampla for\u00e7a-tarefa para atender diferentes regi\u00f5es do munic\u00edpio que registraram quedas de \u00e1rvores. Foram atendidas ocorr\u00eancias nas avenidas Nove de Julho [&hellip;]<\/p>\n","protected":false},"author":133,"featured_media":372026,"comment_status":"closed","ping_status":"0","sticky":false,"template":"","format":"standard","meta":{"footnotes":""},"categories":[2],"tags":[34,2627,5544,5485],"ods":[],"class_list":["post-372025","post","type-post","status-publish","format-standard","has-post-thumbnail","hentry","category-noticias","tag-defesa-civil","tag-operacao-chuvas-de-verao","tag-secretaria-de-infraestrutura-e-servicos-publicos","tag-secretaria-de-mobilidade-e-transporte"],"_links":{"self":[{"href":"https:\/\/jundiai.sp.gov.br\/noticias\/wp-json\/wp\/v2\/posts\/372025","targetHints":{"allow":["GET"]}}],"collection":[{"href":"https:\/\/jundiai.sp.gov.br\/noticias\/wp-json\/wp\/v2\/posts"}],"about":[{"href":"https:\/\/jundiai.sp.gov.br\/noticias\/wp-json\/wp\/v2\/types\/post"}],"author":[{"embeddable":true,"href":"https:\/\/jundiai.sp.gov.br\/noticias\/wp-json\/wp\/v2\/users\/133"}],"replies":[{"embeddable":true,"href":"https:\/\/jundiai.sp.gov.br\/noticias\/wp-json\/wp\/v2\/comments?post=372025"}],"version-history":[{"count":1,"href":"https:\/\/jundiai.sp.gov.br\/noticias\/wp-json\/wp\/v2\/posts\/372025\/revisions"}],"predecessor-version":[{"id":372028,"href":"https:\/\/jundiai.sp.gov.br\/noticias\/wp-json\/wp\/v2\/posts\/372025\/revisions\/372028"}],"wp:featuredmedia":[{"embeddable":true,"href":"https:\/\/jundiai.sp.gov.br\/noticias\/wp-json\/wp\/v2\/media\/372026"}],"wp:attachment":[{"href":"https:\/\/jundiai.sp.gov.br\/noticias\/wp-json\/wp\/v2\/media?parent=372025"}],"wp:term":[{"taxonomy":"category","embeddable":true,"href":"https:\/\/jundiai.sp.gov.br\/noticias\/wp-json\/wp\/v2\/categories?post=372025"},{"taxonomy":"post_tag","embeddable":true,"href":"https:\/\/jundiai.sp.gov.br\/noticias\/wp-json\/wp\/v2\/tags?post=372025"},{"taxonomy":"ods","embeddable":true,"href":"https:\/\/jundiai.sp.gov.br\/noticias\/wp-json\/wp\/v2\/ods?post=372025"}],"curies":[{"name":"wp","href":"https:\/\/api.w.org\/{rel}","templated":true}]}}