{"id":372094,"date":"2026-01-01T07:46:00","date_gmt":"2026-01-01T10:46:00","guid":{"rendered":"https:\/\/jundiai.sp.gov.br\/noticias\/?p=372094"},"modified":"2025-12-30T09:31:06","modified_gmt":"2025-12-30T12:31:06","slug":"mundo-das-criancas-e-parque-da-cidade-sao-destino-certo-para-o-fim-de-semana-e-as-ferias","status":"publish","type":"post","link":"https:\/\/jundiai.sp.gov.br\/noticias\/2026\/01\/01\/mundo-das-criancas-e-parque-da-cidade-sao-destino-certo-para-o-fim-de-semana-e-as-ferias\/","title":{"rendered":"Mundo das Crian\u00e7as e Parque da Cidade s\u00e3o destino certo para o fim de semana e as f\u00e9rias"},"content":{"rendered":"\n<p>Com a chegada das f\u00e9rias de fim de ano e a retomada do funcionamento ap\u00f3s o feriado de Ano Novo, os parques administrados pela DAE Jundia\u00ed se consolidam como excelentes op\u00e7\u00f5es de lazer gratuito para moradores e visitantes. O Parque da Cidade e o Mundo das Crian\u00e7as oferecem estrutura completa para quem deseja aproveitar o tempo livre ao ar livre, em contato com a natureza e em fam\u00edlia.<\/p>\n\n\n\n<figure class=\"wp-block-gallery has-nested-images columns-default is-cropped wp-block-gallery-1 is-layout-flex wp-block-gallery-is-layout-flex\">\n<figure class=\"wp-block-image size-large\"><img loading=\"lazy\" decoding=\"async\" width=\"640\" height=\"480\" data-id=\"372095\" src=\"https:\/\/jundiai.sp.gov.br\/noticias\/wp-content\/uploads\/sites\/32\/2025\/12\/mundo-das-criancas-jundiai_01.jpg\" alt=\"\" class=\"wp-image-372095\" srcset=\"https:\/\/jundiai.sp.gov.br\/noticias\/wp-content\/uploads\/sites\/32\/2025\/12\/mundo-das-criancas-jundiai_01.jpg 640w, https:\/\/jundiai.sp.gov.br\/noticias\/wp-content\/uploads\/sites\/32\/2025\/12\/mundo-das-criancas-jundiai_01-300x225.jpg 300w\" sizes=\"auto, (max-width: 640px) 100vw, 640px\" \/><figcaption class=\"wp-element-caption\">Foguete <\/figcaption><\/figure>\n\n\n\n<figure class=\"wp-block-image size-large\"><img loading=\"lazy\" decoding=\"async\" width=\"900\" height=\"506\" data-id=\"372096\" src=\"https:\/\/jundiai.sp.gov.br\/noticias\/wp-content\/uploads\/sites\/32\/2025\/12\/espaco-das-aguas-900x506-1.jpeg\" alt=\"\" class=\"wp-image-372096\" srcset=\"https:\/\/jundiai.sp.gov.br\/noticias\/wp-content\/uploads\/sites\/32\/2025\/12\/espaco-das-aguas-900x506-1.jpeg 900w, https:\/\/jundiai.sp.gov.br\/noticias\/wp-content\/uploads\/sites\/32\/2025\/12\/espaco-das-aguas-900x506-1-300x169.jpeg 300w, https:\/\/jundiai.sp.gov.br\/noticias\/wp-content\/uploads\/sites\/32\/2025\/12\/espaco-das-aguas-900x506-1-768x432.jpeg 768w\" sizes=\"auto, (max-width: 900px) 100vw, 900px\" \/><figcaption class=\"wp-element-caption\">Mundo das \u00c1guas <\/figcaption><\/figure>\n<\/figure>\n\n\n\n<p>No Mundo das Crian\u00e7as, o clima de f\u00e9rias est\u00e1 presente em cada espa\u00e7o. O parque conta com brinquedos ao ar livre, fontes interativas, espelho d\u2019\u00e1gua, cachoeira, ciclovias, \u00e1reas de parkour e locais apropriados para piqueniques. Com uma estrutura pensada para estimular a imagina\u00e7\u00e3o e o brincar livre, o espa\u00e7o convida crian\u00e7as e fam\u00edlias a aproveitarem o dia inteiro com seguran\u00e7a, lazer e divers\u00e3o.<\/p>\n\n\n\n<p>J\u00e1 o Parque da Cidade \u00e9 ideal para quem busca atividades esportivas, lazer e momentos de descanso. O local oferece quadras esportivas, pista de caminhada, playgrounds e amplas \u00e1reas verdes, perfeitas tanto para a pr\u00e1tica de exerc\u00edcios quanto para contemplar a natureza e relaxar.<\/p>\n\n\n\n<p>Com acesso f\u00e1cil e estrutura completa, os dois parques se destacam como alternativas gratuitas para todos os estilos de f\u00e9rias, desde quem procura tranquilidade at\u00e9 quem prefere movimento e atividades ao ar livre.<\/p>\n\n\n\n<figure class=\"wp-block-gallery has-nested-images columns-default is-cropped wp-block-gallery-2 is-layout-flex wp-block-gallery-is-layout-flex\">\n<figure class=\"wp-block-image size-large\"><img loading=\"lazy\" decoding=\"async\" width=\"1280\" height=\"854\" data-id=\"372097\" src=\"https:\/\/jundiai.sp.gov.br\/noticias\/wp-content\/uploads\/sites\/32\/2025\/12\/parque-do-engordadouro_c_-2.jpg\" alt=\"\" class=\"wp-image-372097\" srcset=\"https:\/\/jundiai.sp.gov.br\/noticias\/wp-content\/uploads\/sites\/32\/2025\/12\/parque-do-engordadouro_c_-2.jpg 1280w, https:\/\/jundiai.sp.gov.br\/noticias\/wp-content\/uploads\/sites\/32\/2025\/12\/parque-do-engordadouro_c_-2-300x200.jpg 300w, https:\/\/jundiai.sp.gov.br\/noticias\/wp-content\/uploads\/sites\/32\/2025\/12\/parque-do-engordadouro_c_-2-768x512.jpg 768w, https:\/\/jundiai.sp.gov.br\/noticias\/wp-content\/uploads\/sites\/32\/2025\/12\/parque-do-engordadouro_c_-2-450x300.jpg 450w\" sizes=\"auto, (max-width: 1280px) 100vw, 1280px\" \/><figcaption class=\"wp-element-caption\">Pista de Caminhada <\/figcaption><\/figure>\n\n\n\n<figure class=\"wp-block-image size-large\"><img loading=\"lazy\" decoding=\"async\" width=\"550\" height=\"367\" data-id=\"372098\" src=\"https:\/\/jundiai.sp.gov.br\/noticias\/wp-content\/uploads\/sites\/32\/2025\/12\/vista-do-lago-do-dae.jpg\" alt=\"\" class=\"wp-image-372098\" srcset=\"https:\/\/jundiai.sp.gov.br\/noticias\/wp-content\/uploads\/sites\/32\/2025\/12\/vista-do-lago-do-dae.jpg 550w, https:\/\/jundiai.sp.gov.br\/noticias\/wp-content\/uploads\/sites\/32\/2025\/12\/vista-do-lago-do-dae-300x200.jpg 300w, https:\/\/jundiai.sp.gov.br\/noticias\/wp-content\/uploads\/sites\/32\/2025\/12\/vista-do-lago-do-dae-450x300.jpg 450w\" sizes=\"auto, (max-width: 550px) 100vw, 550px\" \/><figcaption class=\"wp-element-caption\">Vista do Lago<\/figcaption><\/figure>\n<\/figure>\n\n\n\n<p>Neste per\u00edodo, a dica \u00e9 simples: prepare a garrafinha de \u00e1gua, use protetor solar e aproveite. As f\u00e9rias podem ser vividas nos parques, com op\u00e7\u00f5es de lazer para todas as idades.<\/p>\n\n\n\n<h3 class=\"wp-block-heading\">Funcionamento no fim de ano<\/h3>\n\n\n\n<p>Os parques estar\u00e3o fechados nos dias 31 de dezembro e 1\u00ba de janeiro. Ap\u00f3s essas datas, o funcionamento retorna normalmente:<\/p>\n\n\n\n<ul class=\"wp-block-list\">\n<li><strong>Parque da Cidade<\/strong>: aberto diariamente a partir das 6h30.\n<ul class=\"wp-block-list\">\n<li>De segunda a sexta-feira: at\u00e9 as 19h<\/li>\n\n\n\n<li>S\u00e1bados, domingos e feriados: at\u00e9 as 18h<\/li>\n<\/ul>\n<\/li>\n\n\n\n<li><strong>Mundo das Crian\u00e7as<\/strong>: aberto de ter\u00e7a a domingo, das 7h \u00e0s 17h.<\/li>\n<\/ul>\n\n\n\n<p><strong>Assessoria de Imprensa <br>Fotos: Fot\u00f3grafos PMJ<\/strong><\/p>\n","protected":false},"excerpt":{"rendered":"<p>Com a chegada das f\u00e9rias de fim de ano e a retomada do funcionamento ap\u00f3s o feriado de Ano Novo, os parques administrados pela DAE Jundia\u00ed se consolidam como excelentes op\u00e7\u00f5es de lazer gratuito para moradores e visitantes. O Parque da Cidade e o Mundo das Crian\u00e7as oferecem estrutura completa para quem deseja aproveitar o [&hellip;]<\/p>\n","protected":false},"author":69,"featured_media":372096,"comment_status":"closed","ping_status":"closed","sticky":false,"template":"","format":"standard","meta":{"footnotes":""},"categories":[2],"tags":[6090,6100,1436,47],"ods":[],"class_list":["post-372094","post","type-post","status-publish","format-standard","has-post-thumbnail","hentry","category-noticias","tag-ano-novo","tag-ferias-20226","tag-mundo-das-criancas","tag-parque-da-cidade"],"_links":{"self":[{"href":"https:\/\/jundiai.sp.gov.br\/noticias\/wp-json\/wp\/v2\/posts\/372094","targetHints":{"allow":["GET"]}}],"collection":[{"href":"https:\/\/jundiai.sp.gov.br\/noticias\/wp-json\/wp\/v2\/posts"}],"about":[{"href":"https:\/\/jundiai.sp.gov.br\/noticias\/wp-json\/wp\/v2\/types\/post"}],"author":[{"embeddable":true,"href":"https:\/\/jundiai.sp.gov.br\/noticias\/wp-json\/wp\/v2\/users\/69"}],"replies":[{"embeddable":true,"href":"https:\/\/jundiai.sp.gov.br\/noticias\/wp-json\/wp\/v2\/comments?post=372094"}],"version-history":[{"count":1,"href":"https:\/\/jundiai.sp.gov.br\/noticias\/wp-json\/wp\/v2\/posts\/372094\/revisions"}],"predecessor-version":[{"id":372099,"href":"https:\/\/jundiai.sp.gov.br\/noticias\/wp-json\/wp\/v2\/posts\/372094\/revisions\/372099"}],"wp:featuredmedia":[{"embeddable":true,"href":"https:\/\/jundiai.sp.gov.br\/noticias\/wp-json\/wp\/v2\/media\/372096"}],"wp:attachment":[{"href":"https:\/\/jundiai.sp.gov.br\/noticias\/wp-json\/wp\/v2\/media?parent=372094"}],"wp:term":[{"taxonomy":"category","embeddable":true,"href":"https:\/\/jundiai.sp.gov.br\/noticias\/wp-json\/wp\/v2\/categories?post=372094"},{"taxonomy":"post_tag","embeddable":true,"href":"https:\/\/jundiai.sp.gov.br\/noticias\/wp-json\/wp\/v2\/tags?post=372094"},{"taxonomy":"ods","embeddable":true,"href":"https:\/\/jundiai.sp.gov.br\/noticias\/wp-json\/wp\/v2\/ods?post=372094"}],"curies":[{"name":"wp","href":"https:\/\/api.w.org\/{rel}","templated":true}]}}