{"id":373506,"date":"2026-01-31T14:30:00","date_gmt":"2026-01-31T17:30:00","guid":{"rendered":"https:\/\/jundiai.sp.gov.br\/noticias\/?p=373506"},"modified":"2026-01-30T12:02:06","modified_gmt":"2026-01-30T15:02:06","slug":"sustentabilidade-ja-e-marca-registrada-da-41a-festa-da-uva-e-12a-expo-vinhos-de-jundiai","status":"publish","type":"post","link":"https:\/\/jundiai.sp.gov.br\/noticias\/2026\/01\/31\/sustentabilidade-ja-e-marca-registrada-da-41a-festa-da-uva-e-12a-expo-vinhos-de-jundiai\/","title":{"rendered":"Sustentabilidade j\u00e1 \u00e9 marca registrada da 41\u00aa Festa da Uva e 12\u00aa Expo Vinhos de Jundia\u00ed"},"content":{"rendered":"\n<p>A 41\u00aa Festa da Uva e 12\u00aa Expo Vinhos de Jundia\u00ed se destaca n\u00e3o apenas pela celebra\u00e7\u00e3o da cultura, da tradi\u00e7\u00e3o e da agricultura local, mas tamb\u00e9m pelo conjunto de a\u00e7\u00f5es voltadas \u00e0 sustentabilidade e \u00e0 preserva\u00e7\u00e3o do meio ambiente. Ao longo do evento, visitantes e expositores s\u00e3o convidados a participar ativamente de iniciativas que reduzem o impacto ambiental e estimulam a conscientiza\u00e7\u00e3o ecol\u00f3gica.<\/p>\n\n\n\n<p>Entre as principais medidas adotadas est\u00e1 a coleta seletiva de res\u00edduos, com orienta\u00e7\u00f5es para o descarte correto de materiais recicl\u00e1veis e org\u00e2nicos em diferentes pontos do Parque da Uva. Para minimizar o uso de pl\u00e1sticos descart\u00e1veis, a festa tamb\u00e9m passou a utilizar copos reutiliz\u00e1veis e canudos de papel em todas as \u00e1reas de alimenta\u00e7\u00e3o.<\/p>\n\n\n\n<figure class=\"wp-block-gallery has-nested-images columns-default is-cropped wp-block-gallery-1 is-layout-flex wp-block-gallery-is-layout-flex\">\n<figure class=\"wp-block-image size-large\"><img loading=\"lazy\" decoding=\"async\" width=\"1280\" height=\"854\" data-id=\"373507\" src=\"https:\/\/jundiai.sp.gov.br\/noticias\/wp-content\/uploads\/sites\/32\/2026\/01\/55049290417_331ede1c6d_o-1280x854.jpg\" alt=\"\" class=\"wp-image-373507\" srcset=\"https:\/\/jundiai.sp.gov.br\/noticias\/wp-content\/uploads\/sites\/32\/2026\/01\/55049290417_331ede1c6d_o-1280x854.jpg 1280w, https:\/\/jundiai.sp.gov.br\/noticias\/wp-content\/uploads\/sites\/32\/2026\/01\/55049290417_331ede1c6d_o-300x200.jpg 300w, https:\/\/jundiai.sp.gov.br\/noticias\/wp-content\/uploads\/sites\/32\/2026\/01\/55049290417_331ede1c6d_o-768x512.jpg 768w, https:\/\/jundiai.sp.gov.br\/noticias\/wp-content\/uploads\/sites\/32\/2026\/01\/55049290417_331ede1c6d_o-1536x1024.jpg 1536w, https:\/\/jundiai.sp.gov.br\/noticias\/wp-content\/uploads\/sites\/32\/2026\/01\/55049290417_331ede1c6d_o-450x300.jpg 450w, https:\/\/jundiai.sp.gov.br\/noticias\/wp-content\/uploads\/sites\/32\/2026\/01\/55049290417_331ede1c6d_o.jpg 1900w\" sizes=\"auto, (max-width: 1280px) 100vw, 1280px\" \/><figcaption class=\"wp-element-caption\">A fam\u00edlia aderiu ao copo reutiliz\u00e1vel<\/figcaption><\/figure>\n\n\n\n<figure class=\"wp-block-image size-large\"><img loading=\"lazy\" decoding=\"async\" width=\"1280\" height=\"854\" data-id=\"373508\" src=\"https:\/\/jundiai.sp.gov.br\/noticias\/wp-content\/uploads\/sites\/32\/2026\/01\/55049708475_c4366884bd_o-1280x854.jpg\" alt=\"\" class=\"wp-image-373508\" srcset=\"https:\/\/jundiai.sp.gov.br\/noticias\/wp-content\/uploads\/sites\/32\/2026\/01\/55049708475_c4366884bd_o-1280x854.jpg 1280w, https:\/\/jundiai.sp.gov.br\/noticias\/wp-content\/uploads\/sites\/32\/2026\/01\/55049708475_c4366884bd_o-300x200.jpg 300w, https:\/\/jundiai.sp.gov.br\/noticias\/wp-content\/uploads\/sites\/32\/2026\/01\/55049708475_c4366884bd_o-768x512.jpg 768w, https:\/\/jundiai.sp.gov.br\/noticias\/wp-content\/uploads\/sites\/32\/2026\/01\/55049708475_c4366884bd_o-1536x1024.jpg 1536w, https:\/\/jundiai.sp.gov.br\/noticias\/wp-content\/uploads\/sites\/32\/2026\/01\/55049708475_c4366884bd_o-450x300.jpg 450w, https:\/\/jundiai.sp.gov.br\/noticias\/wp-content\/uploads\/sites\/32\/2026\/01\/55049708475_c4366884bd_o.jpg 1900w\" sizes=\"auto, (max-width: 1280px) 100vw, 1280px\" \/><figcaption class=\"wp-element-caption\">Na Vila do Vinho as ta\u00e7as<br> fazem sucesso<\/figcaption><\/figure>\n\n\n\n<figure class=\"wp-block-image size-large\"><img loading=\"lazy\" decoding=\"async\" width=\"1280\" height=\"854\" data-id=\"373509\" src=\"https:\/\/jundiai.sp.gov.br\/noticias\/wp-content\/uploads\/sites\/32\/2026\/01\/54316655599_92475cb9f8_k-1280x854-1.jpeg\" alt=\"\" class=\"wp-image-373509\" srcset=\"https:\/\/jundiai.sp.gov.br\/noticias\/wp-content\/uploads\/sites\/32\/2026\/01\/54316655599_92475cb9f8_k-1280x854-1.jpeg 1280w, https:\/\/jundiai.sp.gov.br\/noticias\/wp-content\/uploads\/sites\/32\/2026\/01\/54316655599_92475cb9f8_k-1280x854-1-300x200.jpeg 300w, https:\/\/jundiai.sp.gov.br\/noticias\/wp-content\/uploads\/sites\/32\/2026\/01\/54316655599_92475cb9f8_k-1280x854-1-768x512.jpeg 768w, https:\/\/jundiai.sp.gov.br\/noticias\/wp-content\/uploads\/sites\/32\/2026\/01\/54316655599_92475cb9f8_k-1280x854-1-450x300.jpeg 450w\" sizes=\"auto, (max-width: 1280px) 100vw, 1280px\" \/><figcaption class=\"wp-element-caption\">Robson Fran\u00e7a e Evelyn Ribeiro aderiram as ta\u00e7as<\/figcaption><\/figure>\n<\/figure>\n\n\n\n<p>Na \u00e1rea de degusta\u00e7\u00e3o de vinhos, a pr\u00e1tica segue o modelo j\u00e1 consolidado em edi\u00e7\u00f5es anteriores. Os visitantes podem adquirir ta\u00e7as de vidro ou acr\u00edlico, que al\u00e9m de garantirem uma experi\u00eancia mais qualificada, funcionam como souvenires sustent\u00e1veis, incentivando a reutiliza\u00e7\u00e3o e reduzindo significativamente o descarte de copos pl\u00e1sticos.<\/p>\n\n\n\n<p>A iniciativa \u00e9 bem recebida pelo p\u00fablico. Os visitantes Robson Fran\u00e7a e Evelyn Ribeiro, moradores de V\u00e1rzea Paulista, aprovaram a proposta. \u201cAdorei essa a\u00e7\u00e3o de sustentabilidade. As festas geralmente n\u00e3o apresentam solu\u00e7\u00f5es sustent\u00e1veis para a preserva\u00e7\u00e3o do meio ambiente\u201d, destacou Evelyn.<\/p>\n\n\n\n<p>Um dos patrocinadores da 41\u00aa Festa da Uva e 12\u00aa Expo Vinhos 2026, a Coca-Cola FEMSA Brasil, que opera em Jundia\u00ed a maior f\u00e1brica do Sistema Coca-Cola no mundo em volume de produ\u00e7\u00e3o, leva ao evento seu portf\u00f3lio de bebidas n\u00e3o alco\u00f3licas aliado a a\u00e7\u00f5es concretas de sustentabilidade.<\/p>\n\n\n\n<p>Como parte desse compromisso, todo o res\u00edduo de embalagens PET gerado durante o evento \u00e9 coletado e destinado \u00e0o programa sustentaPET, iniciativa da Coca-Cola FEMSA Brasil voltada \u00e0 transforma\u00e7\u00e3o de embalagens p\u00f3s-consumo em novas garrafas, promovendo a economia circular.<\/p>\n\n\n\n<figure class=\"wp-block-gallery has-nested-images columns-default is-cropped wp-block-gallery-2 is-layout-flex wp-block-gallery-is-layout-flex\">\n<figure class=\"wp-block-image size-large\"><img loading=\"lazy\" decoding=\"async\" width=\"1280\" height=\"854\" data-id=\"373510\" src=\"https:\/\/jundiai.sp.gov.br\/noticias\/wp-content\/uploads\/sites\/32\/2026\/01\/55049293067_bee63622e3_o-1280x854.jpg\" alt=\"\" class=\"wp-image-373510\" srcset=\"https:\/\/jundiai.sp.gov.br\/noticias\/wp-content\/uploads\/sites\/32\/2026\/01\/55049293067_bee63622e3_o-1280x854.jpg 1280w, https:\/\/jundiai.sp.gov.br\/noticias\/wp-content\/uploads\/sites\/32\/2026\/01\/55049293067_bee63622e3_o-300x200.jpg 300w, https:\/\/jundiai.sp.gov.br\/noticias\/wp-content\/uploads\/sites\/32\/2026\/01\/55049293067_bee63622e3_o-768x512.jpg 768w, https:\/\/jundiai.sp.gov.br\/noticias\/wp-content\/uploads\/sites\/32\/2026\/01\/55049293067_bee63622e3_o-1536x1024.jpg 1536w, https:\/\/jundiai.sp.gov.br\/noticias\/wp-content\/uploads\/sites\/32\/2026\/01\/55049293067_bee63622e3_o-450x300.jpg 450w, https:\/\/jundiai.sp.gov.br\/noticias\/wp-content\/uploads\/sites\/32\/2026\/01\/55049293067_bee63622e3_o.jpg 1900w\" sizes=\"auto, (max-width: 1280px) 100vw, 1280px\" \/><figcaption class=\"wp-element-caption\">O casal n\u00e3o perdeu tempo e garantiu o copo reutiliz\u00e1vel <\/figcaption><\/figure>\n\n\n\n<figure class=\"wp-block-image size-large\"><img loading=\"lazy\" decoding=\"async\" width=\"1280\" height=\"854\" data-id=\"373511\" src=\"https:\/\/jundiai.sp.gov.br\/noticias\/wp-content\/uploads\/sites\/32\/2026\/01\/55049564173_f4e25c0e4c_o-1280x854.jpg\" alt=\"\" class=\"wp-image-373511\" srcset=\"https:\/\/jundiai.sp.gov.br\/noticias\/wp-content\/uploads\/sites\/32\/2026\/01\/55049564173_f4e25c0e4c_o-1280x854.jpg 1280w, https:\/\/jundiai.sp.gov.br\/noticias\/wp-content\/uploads\/sites\/32\/2026\/01\/55049564173_f4e25c0e4c_o-300x200.jpg 300w, https:\/\/jundiai.sp.gov.br\/noticias\/wp-content\/uploads\/sites\/32\/2026\/01\/55049564173_f4e25c0e4c_o-768x512.jpg 768w, https:\/\/jundiai.sp.gov.br\/noticias\/wp-content\/uploads\/sites\/32\/2026\/01\/55049564173_f4e25c0e4c_o-1536x1024.jpg 1536w, https:\/\/jundiai.sp.gov.br\/noticias\/wp-content\/uploads\/sites\/32\/2026\/01\/55049564173_f4e25c0e4c_o-450x300.jpg 450w, https:\/\/jundiai.sp.gov.br\/noticias\/wp-content\/uploads\/sites\/32\/2026\/01\/55049564173_f4e25c0e4c_o.jpg 1900w\" sizes=\"auto, (max-width: 1280px) 100vw, 1280px\" \/><figcaption class=\"wp-element-caption\">As ta\u00e7as de acr\u00edlico brilharam no brinde ao p\u00f4r do sol<\/figcaption><\/figure>\n\n\n\n<figure class=\"wp-block-image size-large\"><img loading=\"lazy\" decoding=\"async\" width=\"1280\" height=\"854\" data-id=\"373512\" src=\"https:\/\/jundiai.sp.gov.br\/noticias\/wp-content\/uploads\/sites\/32\/2026\/01\/55046164698_07e0f30a68_4k-1280x854.jpg\" alt=\"\" class=\"wp-image-373512\" srcset=\"https:\/\/jundiai.sp.gov.br\/noticias\/wp-content\/uploads\/sites\/32\/2026\/01\/55046164698_07e0f30a68_4k-1280x854.jpg 1280w, https:\/\/jundiai.sp.gov.br\/noticias\/wp-content\/uploads\/sites\/32\/2026\/01\/55046164698_07e0f30a68_4k-300x200.jpg 300w, https:\/\/jundiai.sp.gov.br\/noticias\/wp-content\/uploads\/sites\/32\/2026\/01\/55046164698_07e0f30a68_4k-768x512.jpg 768w, https:\/\/jundiai.sp.gov.br\/noticias\/wp-content\/uploads\/sites\/32\/2026\/01\/55046164698_07e0f30a68_4k-1536x1024.jpg 1536w, https:\/\/jundiai.sp.gov.br\/noticias\/wp-content\/uploads\/sites\/32\/2026\/01\/55046164698_07e0f30a68_4k-450x300.jpg 450w, https:\/\/jundiai.sp.gov.br\/noticias\/wp-content\/uploads\/sites\/32\/2026\/01\/55046164698_07e0f30a68_4k.jpg 1900w\" sizes=\"auto, (max-width: 1280px) 100vw, 1280px\" \/><figcaption class=\"wp-element-caption\">Copos de papel s\u00e3o permitidos durante a festa. <\/figcaption><\/figure>\n<\/figure>\n\n\n\n<p>\u201cO patroc\u00ednio da 41\u00aa Festa da Uva e 12\u00aa Expo Vinhos 2026 est\u00e1 diretamente alinhado ao nosso compromisso com o desenvolvimento das regi\u00f5es onde atuamos. Ao incentivar e valorizar eventos culturais e tur\u00edsticos tradicionais, fortalecemos a economia local, promovemos a identidade do territ\u00f3rio e ampliamos o impacto positivo junto \u00e0s comunidades atendidas pela companhia, especialmente em Jundia\u00ed, munic\u00edpio estrat\u00e9gico para nossas opera\u00e7\u00f5es e onde j\u00e1 desenvolvemos iniciativas sociais, educativas e ambientais\u201d, afirma Fabiana Taislam, head de ESG e Comunica\u00e7\u00e3o Externa da Coca-Cola FEMSA Brasil.<\/p>\n\n\n\n<p>O patroc\u00ednio da companhia ocorre por meio de recursos federais captados via Lei Rouanet de Incentivo \u00e0 Cultura.<\/p>\n\n\n\n<p>Para a secret\u00e1ria de Agroneg\u00f3cio, Abastecimento e Turismo, Marcela Moro, as a\u00e7\u00f5es de sustentabilidade refor\u00e7am o papel da Festa da Uva como um evento que dialoga com o presente e o futuro da cidade. \u201cA Festa da Uva e a Expo Vinhos s\u00e3o muito mais do que um evento: s\u00e3o a express\u00e3o da nossa hist\u00f3ria, da for\u00e7a do produtor rural e da voca\u00e7\u00e3o tur\u00edstica de Jundia\u00ed. Contar com parcerias respons\u00e1veis podem contribuir para o desenvolvimento econ\u00f4mico, cultural e ambiental da cidade. Iniciativas como a destina\u00e7\u00e3o correta dos res\u00edduos PET est\u00e3o totalmente alinhadas ao nosso compromisso com a sustentabilidade e com a realiza\u00e7\u00e3o de um evento cada vez mais consciente, inclusivo e conectado com o futuro\u201d, destaca a secret\u00e1ria.<\/p>\n\n\n\n<p>Com essas a\u00e7\u00f5es, a Festa da Uva reafirma seu papel como um dos maiores eventos do pa\u00eds, aliando tradi\u00e7\u00e3o, inova\u00e7\u00e3o e responsabilidade ambiental, e mostrando que \u00e9 poss\u00edvel celebrar a cultura local com respeito ao meio ambiente.<\/p>\n\n\n\n<p><strong>Assessoria de Imprensa <br>Fotos: Fot\u00f3grafos PMJ<\/strong><\/p>\n\n\n\n<p><\/p>\n","protected":false},"excerpt":{"rendered":"<p>A 41\u00aa Festa da Uva e 12\u00aa Expo Vinhos de Jundia\u00ed se destaca n\u00e3o apenas pela celebra\u00e7\u00e3o da cultura, da tradi\u00e7\u00e3o e da agricultura local, mas tamb\u00e9m pelo conjunto de a\u00e7\u00f5es voltadas \u00e0 sustentabilidade e \u00e0 preserva\u00e7\u00e3o do meio ambiente. Ao longo do evento, visitantes e expositores s\u00e3o convidados a participar ativamente de iniciativas que [&hellip;]<\/p>\n","protected":false},"author":69,"featured_media":373508,"comment_status":"closed","ping_status":"0","sticky":false,"template":"","format":"standard","meta":{"footnotes":""},"categories":[2],"tags":[],"ods":[],"class_list":["post-373506","post","type-post","status-publish","format-standard","has-post-thumbnail","hentry","category-noticias"],"_links":{"self":[{"href":"https:\/\/jundiai.sp.gov.br\/noticias\/wp-json\/wp\/v2\/posts\/373506","targetHints":{"allow":["GET"]}}],"collection":[{"href":"https:\/\/jundiai.sp.gov.br\/noticias\/wp-json\/wp\/v2\/posts"}],"about":[{"href":"https:\/\/jundiai.sp.gov.br\/noticias\/wp-json\/wp\/v2\/types\/post"}],"author":[{"embeddable":true,"href":"https:\/\/jundiai.sp.gov.br\/noticias\/wp-json\/wp\/v2\/users\/69"}],"replies":[{"embeddable":true,"href":"https:\/\/jundiai.sp.gov.br\/noticias\/wp-json\/wp\/v2\/comments?post=373506"}],"version-history":[{"count":1,"href":"https:\/\/jundiai.sp.gov.br\/noticias\/wp-json\/wp\/v2\/posts\/373506\/revisions"}],"predecessor-version":[{"id":373522,"href":"https:\/\/jundiai.sp.gov.br\/noticias\/wp-json\/wp\/v2\/posts\/373506\/revisions\/373522"}],"wp:featuredmedia":[{"embeddable":true,"href":"https:\/\/jundiai.sp.gov.br\/noticias\/wp-json\/wp\/v2\/media\/373508"}],"wp:attachment":[{"href":"https:\/\/jundiai.sp.gov.br\/noticias\/wp-json\/wp\/v2\/media?parent=373506"}],"wp:term":[{"taxonomy":"category","embeddable":true,"href":"https:\/\/jundiai.sp.gov.br\/noticias\/wp-json\/wp\/v2\/categories?post=373506"},{"taxonomy":"post_tag","embeddable":true,"href":"https:\/\/jundiai.sp.gov.br\/noticias\/wp-json\/wp\/v2\/tags?post=373506"},{"taxonomy":"ods","embeddable":true,"href":"https:\/\/jundiai.sp.gov.br\/noticias\/wp-json\/wp\/v2\/ods?post=373506"}],"curies":[{"name":"wp","href":"https:\/\/api.w.org\/{rel}","templated":true}]}}