{"id":378351,"date":"2026-04-26T11:14:00","date_gmt":"2026-04-26T14:14:00","guid":{"rendered":"https:\/\/jundiai.sp.gov.br\/noticias\/?p=378351"},"modified":"2026-04-24T11:35:21","modified_gmt":"2026-04-24T14:35:21","slug":"com-reconhecimento-estadual-cecco-fortalece-autonomia-inclusao-e-qualidade-de-vida-em-jundiai","status":"publish","type":"post","link":"https:\/\/jundiai.sp.gov.br\/noticias\/2026\/04\/26\/com-reconhecimento-estadual-cecco-fortalece-autonomia-inclusao-e-qualidade-de-vida-em-jundiai\/","title":{"rendered":"Jundia\u00ed recebe pr\u00eamio estadual por projeto que une sa\u00fade mental, lazer e autonomia"},"content":{"rendered":"\n<p>O sorriso e a flexibilidade da Cl\u00e1udia Figueiredo, 54, n\u00e3o enganam: por tr\u00e1s da alegria e dos movimentos precisos durante as aulas de gin\u00e1stica no Centro de Conviv\u00eancia, Cultura, Trabalho e Gera\u00e7\u00e3o de Renda (CECCO), h\u00e1 muita supera\u00e7\u00e3o, const\u00e2ncia nas atividades e vontade de viver ap\u00f3s enfrentar uma longa depress\u00e3o. \u201cQuando eu venho aqui, entro de um jeito e saio de outro\u201d, diz.<\/p>\n\n\n\n<figure class=\"wp-block-image size-large\"><img loading=\"lazy\" decoding=\"async\" width=\"1280\" height=\"854\" src=\"https:\/\/jundiai.sp.gov.br\/noticias\/wp-content\/uploads\/sites\/32\/2026\/04\/atividades_convivencia_no_cecco_d-8-1-1280x854.jpg\" alt=\"\" class=\"wp-image-378356\" srcset=\"https:\/\/jundiai.sp.gov.br\/noticias\/wp-content\/uploads\/sites\/32\/2026\/04\/atividades_convivencia_no_cecco_d-8-1-1280x854.jpg 1280w, https:\/\/jundiai.sp.gov.br\/noticias\/wp-content\/uploads\/sites\/32\/2026\/04\/atividades_convivencia_no_cecco_d-8-1-300x200.jpg 300w, https:\/\/jundiai.sp.gov.br\/noticias\/wp-content\/uploads\/sites\/32\/2026\/04\/atividades_convivencia_no_cecco_d-8-1-768x512.jpg 768w, https:\/\/jundiai.sp.gov.br\/noticias\/wp-content\/uploads\/sites\/32\/2026\/04\/atividades_convivencia_no_cecco_d-8-1-1536x1024.jpg 1536w, https:\/\/jundiai.sp.gov.br\/noticias\/wp-content\/uploads\/sites\/32\/2026\/04\/atividades_convivencia_no_cecco_d-8-1-450x300.jpg 450w, https:\/\/jundiai.sp.gov.br\/noticias\/wp-content\/uploads\/sites\/32\/2026\/04\/atividades_convivencia_no_cecco_d-8-1.jpg 1900w\" sizes=\"auto, (max-width: 1280px) 100vw, 1280px\" \/><figcaption class=\"wp-element-caption\">Cl\u00e1udia Figueiredo, 54, se supera a cada dia nas atividades oferecidas pelo CECCO<\/figcaption><\/figure>\n\n\n\n<p>A hist\u00f3ria da Cl\u00e1udia \u00e9 a de muitas outras pessoas que frequentam o CECCO, localizado no Parque Continental, em Jundia\u00ed. Vinculado \u00e0 Secretaria de Promo\u00e7\u00e3o da Sa\u00fade, o equipamento \u00e9 refer\u00eancia enquanto n\u00e3o apenas local para se exercitar, mas principalmente de transforma\u00e7\u00e3o social e de conviv\u00eancia, oferecendo pr\u00e1ticas integrativas e complementares em sa\u00fade como medita\u00e7\u00e3o, auriculoterapia, Lian Gong, dan\u00e7a circular e gin\u00e1stica corporal.<\/p>\n\n\n\n<div class=\"wp-block-columns is-layout-flex wp-container-core-columns-is-layout-9d6595d7 wp-block-columns-is-layout-flex\">\n<div class=\"wp-block-column is-layout-flow wp-block-column-is-layout-flow\">\n<figure class=\"wp-block-image size-large\"><img loading=\"lazy\" decoding=\"async\" width=\"1280\" height=\"854\" src=\"https:\/\/jundiai.sp.gov.br\/noticias\/wp-content\/uploads\/sites\/32\/2026\/04\/atividades_convivencia_no_cecco_d-10-1280x854.jpg\" alt=\"\" class=\"wp-image-378358\" srcset=\"https:\/\/jundiai.sp.gov.br\/noticias\/wp-content\/uploads\/sites\/32\/2026\/04\/atividades_convivencia_no_cecco_d-10-1280x854.jpg 1280w, https:\/\/jundiai.sp.gov.br\/noticias\/wp-content\/uploads\/sites\/32\/2026\/04\/atividades_convivencia_no_cecco_d-10-300x200.jpg 300w, https:\/\/jundiai.sp.gov.br\/noticias\/wp-content\/uploads\/sites\/32\/2026\/04\/atividades_convivencia_no_cecco_d-10-768x512.jpg 768w, https:\/\/jundiai.sp.gov.br\/noticias\/wp-content\/uploads\/sites\/32\/2026\/04\/atividades_convivencia_no_cecco_d-10-1536x1024.jpg 1536w, https:\/\/jundiai.sp.gov.br\/noticias\/wp-content\/uploads\/sites\/32\/2026\/04\/atividades_convivencia_no_cecco_d-10-450x300.jpg 450w, https:\/\/jundiai.sp.gov.br\/noticias\/wp-content\/uploads\/sites\/32\/2026\/04\/atividades_convivencia_no_cecco_d-10.jpg 1900w\" sizes=\"auto, (max-width: 1280px) 100vw, 1280px\" \/><figcaption class=\"wp-element-caption\">Gin\u00e1stica corporal re\u00fane pessoas de todas as idades<\/figcaption><\/figure>\n<\/div>\n\n\n\n<div class=\"wp-block-column is-layout-flow wp-block-column-is-layout-flow\">\n<figure class=\"wp-block-image size-large\"><img loading=\"lazy\" decoding=\"async\" width=\"1280\" height=\"854\" src=\"https:\/\/jundiai.sp.gov.br\/noticias\/wp-content\/uploads\/sites\/32\/2026\/04\/atividades_convivencia_no_cecco_d-25-1280x854.jpg\" alt=\"\" class=\"wp-image-378359\" srcset=\"https:\/\/jundiai.sp.gov.br\/noticias\/wp-content\/uploads\/sites\/32\/2026\/04\/atividades_convivencia_no_cecco_d-25-1280x854.jpg 1280w, https:\/\/jundiai.sp.gov.br\/noticias\/wp-content\/uploads\/sites\/32\/2026\/04\/atividades_convivencia_no_cecco_d-25-300x200.jpg 300w, https:\/\/jundiai.sp.gov.br\/noticias\/wp-content\/uploads\/sites\/32\/2026\/04\/atividades_convivencia_no_cecco_d-25-768x512.jpg 768w, https:\/\/jundiai.sp.gov.br\/noticias\/wp-content\/uploads\/sites\/32\/2026\/04\/atividades_convivencia_no_cecco_d-25-1536x1024.jpg 1536w, https:\/\/jundiai.sp.gov.br\/noticias\/wp-content\/uploads\/sites\/32\/2026\/04\/atividades_convivencia_no_cecco_d-25-450x300.jpg 450w, https:\/\/jundiai.sp.gov.br\/noticias\/wp-content\/uploads\/sites\/32\/2026\/04\/atividades_convivencia_no_cecco_d-25.jpg 1900w\" sizes=\"auto, (max-width: 1280px) 100vw, 1280px\" \/><figcaption class=\"wp-element-caption\">Adultos da APAE participam de oficina culin\u00e1ria <\/figcaption><\/figure>\n<\/div>\n<\/div>\n\n\n\n<p>Entre as iniciativas que mais t\u00eam mobilizado os conviventes est\u00e1 o \u201cRol\u00ea Cultural\u201d, criado em 2025. A proposta \u00e9 simples, mas potente: promover passeios culturais na cidade de S\u00e3o Paulo, com deslocamento realizado de trem, incentivando a autonomia, o protagonismo e a ocupa\u00e7\u00e3o dos espa\u00e7os p\u00fablicos. \u201cOs \u2018rol\u00eas\u2019 s\u00e3o maravilhosos, conhecemos gente nova e se diverte muito\u201d, diz Claudia, que tamb\u00e9m \u00e9 parte do Comit\u00ea Gestor do projeto.<\/p>\n\n\n\n<p>A relev\u00e2ncia da iniciativa ultrapassou os limites do munic\u00edpio. O \u201cRol\u00ea Cultural\u201d foi premiado durante o 39\u00ba Congresso de Secret\u00e1rios Municipais de Sa\u00fade do Estado de S\u00e3o Paulo (COSEMS), um dos principais espa\u00e7os de troca de experi\u00eancias e reconhecimento de boas pr\u00e1ticas em sa\u00fade p\u00fablica, reafirmando o projeto e o CECCO na reconstru\u00e7\u00e3o de hist\u00f3rias.&nbsp;<\/p>\n\n\n\n<figure class=\"wp-block-image size-full\"><img loading=\"lazy\" decoding=\"async\" width=\"1024\" height=\"683\" src=\"https:\/\/jundiai.sp.gov.br\/noticias\/wp-content\/uploads\/sites\/32\/2026\/04\/whatsapp-image-2026-04-16-at-13-59-27.jpeg\" alt=\"\" class=\"wp-image-378357\" srcset=\"https:\/\/jundiai.sp.gov.br\/noticias\/wp-content\/uploads\/sites\/32\/2026\/04\/whatsapp-image-2026-04-16-at-13-59-27.jpeg 1024w, https:\/\/jundiai.sp.gov.br\/noticias\/wp-content\/uploads\/sites\/32\/2026\/04\/whatsapp-image-2026-04-16-at-13-59-27-300x200.jpeg 300w, https:\/\/jundiai.sp.gov.br\/noticias\/wp-content\/uploads\/sites\/32\/2026\/04\/whatsapp-image-2026-04-16-at-13-59-27-768x512.jpeg 768w, https:\/\/jundiai.sp.gov.br\/noticias\/wp-content\/uploads\/sites\/32\/2026\/04\/whatsapp-image-2026-04-16-at-13-59-27-450x300.jpeg 450w\" sizes=\"auto, (max-width: 1024px) 100vw, 1024px\" \/><figcaption class=\"wp-element-caption\">Andreia Pinto Souza, diretora de Planejamento, Gest\u00e3o e Finan\u00e7as da Secretaria de Promo\u00e7\u00e3o da Sa\u00fade, recebendo o pr\u00eamio durante o 39\u00ba COSEMS<\/figcaption><\/figure>\n\n\n\n<p>\u201cEsse reconhecimento mostra a import\u00e2ncia da promo\u00e7\u00e3o da sa\u00fade. Quando trabalhamos na l\u00f3gica da troca de experi\u00eancias, entendemos que \u00e9 poss\u00edvel promover v\u00ednculo e sa\u00fade mental\u201d, salienta a gerente do CECCO, Fernanda Torres Apollonio.<\/p>\n\n\n\n<p><strong>Assessoria de Imprensa<br>Fotos: Fot\u00f3grafo PMJ<\/strong><\/p>\n","protected":false},"excerpt":{"rendered":"<p>O sorriso e a flexibilidade da Cl\u00e1udia Figueiredo, 54, n\u00e3o enganam: por tr\u00e1s da alegria e dos movimentos precisos durante as aulas de gin\u00e1stica no Centro de Conviv\u00eancia, Cultura, Trabalho e Gera\u00e7\u00e3o de Renda (CECCO), h\u00e1 muita supera\u00e7\u00e3o, const\u00e2ncia nas atividades e vontade de viver ap\u00f3s enfrentar uma longa depress\u00e3o. \u201cQuando eu venho aqui, entro [&hellip;]<\/p>\n","protected":false},"author":133,"featured_media":378354,"comment_status":"closed","ping_status":"closed","sticky":false,"template":"","format":"standard","meta":{"footnotes":""},"categories":[2],"tags":[1118,981],"ods":[],"class_list":["post-378351","post","type-post","status-publish","format-standard","has-post-thumbnail","hentry","category-noticias","tag-cecco","tag-promocao-da-saude"],"_links":{"self":[{"href":"https:\/\/jundiai.sp.gov.br\/noticias\/wp-json\/wp\/v2\/posts\/378351","targetHints":{"allow":["GET"]}}],"collection":[{"href":"https:\/\/jundiai.sp.gov.br\/noticias\/wp-json\/wp\/v2\/posts"}],"about":[{"href":"https:\/\/jundiai.sp.gov.br\/noticias\/wp-json\/wp\/v2\/types\/post"}],"author":[{"embeddable":true,"href":"https:\/\/jundiai.sp.gov.br\/noticias\/wp-json\/wp\/v2\/users\/133"}],"replies":[{"embeddable":true,"href":"https:\/\/jundiai.sp.gov.br\/noticias\/wp-json\/wp\/v2\/comments?post=378351"}],"version-history":[{"count":3,"href":"https:\/\/jundiai.sp.gov.br\/noticias\/wp-json\/wp\/v2\/posts\/378351\/revisions"}],"predecessor-version":[{"id":378461,"href":"https:\/\/jundiai.sp.gov.br\/noticias\/wp-json\/wp\/v2\/posts\/378351\/revisions\/378461"}],"wp:featuredmedia":[{"embeddable":true,"href":"https:\/\/jundiai.sp.gov.br\/noticias\/wp-json\/wp\/v2\/media\/378354"}],"wp:attachment":[{"href":"https:\/\/jundiai.sp.gov.br\/noticias\/wp-json\/wp\/v2\/media?parent=378351"}],"wp:term":[{"taxonomy":"category","embeddable":true,"href":"https:\/\/jundiai.sp.gov.br\/noticias\/wp-json\/wp\/v2\/categories?post=378351"},{"taxonomy":"post_tag","embeddable":true,"href":"https:\/\/jundiai.sp.gov.br\/noticias\/wp-json\/wp\/v2\/tags?post=378351"},{"taxonomy":"ods","embeddable":true,"href":"https:\/\/jundiai.sp.gov.br\/noticias\/wp-json\/wp\/v2\/ods?post=378351"}],"curies":[{"name":"wp","href":"https:\/\/api.w.org\/{rel}","templated":true}]}}