{"id":378432,"date":"2026-04-26T07:30:00","date_gmt":"2026-04-26T10:30:00","guid":{"rendered":"https:\/\/jundiai.sp.gov.br\/noticias\/?p=378432"},"modified":"2026-04-24T11:36:07","modified_gmt":"2026-04-24T14:36:07","slug":"sem-pausa-nos-atendimentos-ubs-tamoio-apos-ampliacao-sera-a-maior-de-jundiai-em-tamanho","status":"publish","type":"post","link":"https:\/\/jundiai.sp.gov.br\/noticias\/2026\/04\/26\/sem-pausa-nos-atendimentos-ubs-tamoio-apos-ampliacao-sera-a-maior-de-jundiai-em-tamanho\/","title":{"rendered":"Sem pausa nos atendimentos, UBS Tamoio ap\u00f3s amplia\u00e7\u00e3o ser\u00e1 a maior de Jundia\u00ed em tamanho"},"content":{"rendered":"\n<p>Davina Batista, de 62 anos, frequenta a UBS Tamoio h\u00e1 mais de 30 anos e segue confiando no servi\u00e7o. Agora, passa por um tratamento espec\u00edfico para h\u00e9rnia de hiato. \u201cE estou sendo bem atendida, eu gosto daqui. Sem contar que enquanto muita gente nega a vacina, eu tomo at\u00e9 na testa\u201d, disse, rindo, ap\u00f3s aproveitar a consulta para se vacinar contra a gripe.&nbsp;<\/p>\n\n\n\n<figure class=\"wp-block-image size-large\"><img loading=\"lazy\" decoding=\"async\" width=\"1280\" height=\"854\" src=\"https:\/\/jundiai.sp.gov.br\/noticias\/wp-content\/uploads\/sites\/32\/2026\/04\/ubs_tamoio_d-2-1280x854.jpg\" alt=\"\" class=\"wp-image-378434\" srcset=\"https:\/\/jundiai.sp.gov.br\/noticias\/wp-content\/uploads\/sites\/32\/2026\/04\/ubs_tamoio_d-2-1280x854.jpg 1280w, https:\/\/jundiai.sp.gov.br\/noticias\/wp-content\/uploads\/sites\/32\/2026\/04\/ubs_tamoio_d-2-300x200.jpg 300w, https:\/\/jundiai.sp.gov.br\/noticias\/wp-content\/uploads\/sites\/32\/2026\/04\/ubs_tamoio_d-2-768x512.jpg 768w, https:\/\/jundiai.sp.gov.br\/noticias\/wp-content\/uploads\/sites\/32\/2026\/04\/ubs_tamoio_d-2-1536x1024.jpg 1536w, https:\/\/jundiai.sp.gov.br\/noticias\/wp-content\/uploads\/sites\/32\/2026\/04\/ubs_tamoio_d-2-450x300.jpg 450w, https:\/\/jundiai.sp.gov.br\/noticias\/wp-content\/uploads\/sites\/32\/2026\/04\/ubs_tamoio_d-2.jpg 1900w\" sizes=\"auto, (max-width: 1280px) 100vw, 1280px\" \/><figcaption class=\"wp-element-caption\">Davina Batista, 62, \u00e9 paciente da UBS Tamoio h\u00e1 mais de 30 anos e elogia o atendimento da equipe<\/figcaption><\/figure>\n\n\n\n<p>J\u00e1 Larissa de Carvalho Sousa, 35, esteve na unidade pela primeira vez recentemente e saiu positivamente surpresa com o atendimento na pediatria dos dois filhos. \u201cA m\u00e9dica solicitou exames que, quando t\u00ednhamos conv\u00eanio m\u00e9dico, nunca foram pedidos. Fiquei impressionada, gostei bastante.\u201d<\/p>\n\n\n\n<p>Enquanto usu\u00e1rios antigos e novos aprovam o atendimento, a UBS Tamoio passa por uma transforma\u00e7\u00e3o que promete ampliar ainda mais sua capacidade. At\u00e9 o final do ano, a jun\u00e7\u00e3o da unidade com a obra em andamento no espa\u00e7o ao lado (entrada pela Avenida dos Imigrantes) vai gerar a maior UBS de Jundia\u00ed em \u00e1rea constru\u00edda, sendo mais um importante investimento da Prefeitura de Jundia\u00ed na Aten\u00e7\u00e3o B\u00e1sica. &#8220;A amplia\u00e7\u00e3o da UBS Tamoio, que ser\u00e1 a maior j\u00e1 constru\u00edda de toda a nossa cidade, \u00e9 um passo importante para fortalecer a rede de sa\u00fade, ampliando a capacidade de atendimento e garantindo mais conforto, acolhimento e qualidade para os usu\u00e1rios&#8221;, destaca o prefeito Gustavo Martinelli.<\/p>\n\n\n\n<div class=\"wp-block-columns is-layout-flex wp-container-core-columns-is-layout-9d6595d7 wp-block-columns-is-layout-flex\">\n<div class=\"wp-block-column is-layout-flow wp-block-column-is-layout-flow\">\n<figure class=\"wp-block-image size-large\"><img loading=\"lazy\" decoding=\"async\" width=\"1280\" height=\"853\" src=\"https:\/\/jundiai.sp.gov.br\/noticias\/wp-content\/uploads\/sites\/32\/2026\/04\/obra_ubs_tamoio_d-10-1280x853.jpg\" alt=\"\" class=\"wp-image-378576\" srcset=\"https:\/\/jundiai.sp.gov.br\/noticias\/wp-content\/uploads\/sites\/32\/2026\/04\/obra_ubs_tamoio_d-10-1280x853.jpg 1280w, https:\/\/jundiai.sp.gov.br\/noticias\/wp-content\/uploads\/sites\/32\/2026\/04\/obra_ubs_tamoio_d-10-300x200.jpg 300w, https:\/\/jundiai.sp.gov.br\/noticias\/wp-content\/uploads\/sites\/32\/2026\/04\/obra_ubs_tamoio_d-10-768x512.jpg 768w, https:\/\/jundiai.sp.gov.br\/noticias\/wp-content\/uploads\/sites\/32\/2026\/04\/obra_ubs_tamoio_d-10-1536x1023.jpg 1536w, https:\/\/jundiai.sp.gov.br\/noticias\/wp-content\/uploads\/sites\/32\/2026\/04\/obra_ubs_tamoio_d-10-450x300.jpg 450w, https:\/\/jundiai.sp.gov.br\/noticias\/wp-content\/uploads\/sites\/32\/2026\/04\/obra_ubs_tamoio_d-10.jpg 1900w\" sizes=\"auto, (max-width: 1280px) 100vw, 1280px\" \/><figcaption class=\"wp-element-caption\">UBS ser\u00e1 a maior de Jundia\u00ed em tamanho, com 1.128 m\u00b2 de \u00e1rea constru\u00edda<\/figcaption><\/figure>\n<\/div>\n<\/div>\n\n\n\n<p>Com amplia\u00e7\u00e3o de 122%, a unidade passar\u00e1 dos atuais 507,53 m\u00b2 para 1.128 m\u00b2, o que permitir\u00e1 dobrar a capacidade de atendimento. O novo espa\u00e7o contar\u00e1 com 16 consult\u00f3rios, sendo tr\u00eas odontol\u00f3gicos e um de reabilita\u00e7\u00e3o, al\u00e9m de sala de vacina e farm\u00e1cia ampliadas, salas de medica\u00e7\u00e3o, curativos, multiuso e para atividades coletivas, espa\u00e7o de emerg\u00eancia e observa\u00e7\u00e3o e uma \u00e1rea espec\u00edfica para orienta\u00e7\u00e3o \u00e0 amamenta\u00e7\u00e3o&nbsp; novidade no equipamento.&nbsp;<\/p>\n\n\n\n<p>A recep\u00e7\u00e3o tamb\u00e9m ser\u00e1 reformulada, com cadeiras para garantir mais conforto, acolhimento e acessibilidade aos usu\u00e1rios, conforme preconiza o atendimento humanizado. At\u00e9 o momento, 45% das obras j\u00e1 foi executado. Durante a execu\u00e7\u00e3o, os atendimentos seguem funcionando normalmente na unidade, que existe desde 2010. <\/p>\n\n\n\n<p>Atualmente, a unidade conta com mais de 28 mil usu\u00e1rios cadastrados e recebe, em m\u00e9dia, cerca de 600 pessoas por dia.<\/p>\n\n\n\n<figure class=\"wp-block-image size-large\"><img loading=\"lazy\" decoding=\"async\" width=\"1280\" height=\"854\" src=\"https:\/\/jundiai.sp.gov.br\/noticias\/wp-content\/uploads\/sites\/32\/2026\/04\/chatgpt-image-22-de-abr-de-2026-17_17_16-1280x854.png\" alt=\"\" class=\"wp-image-378439\" srcset=\"https:\/\/jundiai.sp.gov.br\/noticias\/wp-content\/uploads\/sites\/32\/2026\/04\/chatgpt-image-22-de-abr-de-2026-17_17_16-1280x854.png 1280w, https:\/\/jundiai.sp.gov.br\/noticias\/wp-content\/uploads\/sites\/32\/2026\/04\/chatgpt-image-22-de-abr-de-2026-17_17_16-300x200.png 300w, https:\/\/jundiai.sp.gov.br\/noticias\/wp-content\/uploads\/sites\/32\/2026\/04\/chatgpt-image-22-de-abr-de-2026-17_17_16-768x512.png 768w, https:\/\/jundiai.sp.gov.br\/noticias\/wp-content\/uploads\/sites\/32\/2026\/04\/chatgpt-image-22-de-abr-de-2026-17_17_16-450x300.png 450w, https:\/\/jundiai.sp.gov.br\/noticias\/wp-content\/uploads\/sites\/32\/2026\/04\/chatgpt-image-22-de-abr-de-2026-17_17_16.png 1535w\" sizes=\"auto, (max-width: 1280px) 100vw, 1280px\" \/><figcaption class=\"wp-element-caption\">Unidade tem mais de 28 mil usu\u00e1rios cadastrados e recebe cerca de 600 pessoas por dia para atendimento<\/figcaption><\/figure>\n\n\n\n<p>Al\u00e9m da Tamoio, o munic\u00edpio conta com outras UBSs em obras, entre elas a Ivoturucaia, a Maring\u00e1 e a Rio Acima.<\/p>\n\n\n\n<p><strong>Assessoria de Imprensa<br>Foto: Fot\u00f3grafos PMJ<\/strong><\/p>\n","protected":false},"excerpt":{"rendered":"<p>Davina Batista, de 62 anos, frequenta a UBS Tamoio h\u00e1 mais de 30 anos e segue confiando no servi\u00e7o. Agora, passa por um tratamento espec\u00edfico para h\u00e9rnia de hiato. \u201cE estou sendo bem atendida, eu gosto daqui. Sem contar que enquanto muita gente nega a vacina, eu tomo at\u00e9 na testa\u201d, disse, rindo, ap\u00f3s aproveitar [&hellip;]<\/p>\n","protected":false},"author":133,"featured_media":378576,"comment_status":"closed","ping_status":"closed","sticky":false,"template":"","format":"standard","meta":{"footnotes":""},"categories":[4620,2],"tags":[4866,981,4504],"ods":[],"class_list":["post-378432","post","type-post","status-publish","format-standard","has-post-thumbnail","hentry","category-destaques","category-noticias","tag-atencao-basica","tag-promocao-da-saude","tag-ubs-tamoio"],"_links":{"self":[{"href":"https:\/\/jundiai.sp.gov.br\/noticias\/wp-json\/wp\/v2\/posts\/378432","targetHints":{"allow":["GET"]}}],"collection":[{"href":"https:\/\/jundiai.sp.gov.br\/noticias\/wp-json\/wp\/v2\/posts"}],"about":[{"href":"https:\/\/jundiai.sp.gov.br\/noticias\/wp-json\/wp\/v2\/types\/post"}],"author":[{"embeddable":true,"href":"https:\/\/jundiai.sp.gov.br\/noticias\/wp-json\/wp\/v2\/users\/133"}],"replies":[{"embeddable":true,"href":"https:\/\/jundiai.sp.gov.br\/noticias\/wp-json\/wp\/v2\/comments?post=378432"}],"version-history":[{"count":8,"href":"https:\/\/jundiai.sp.gov.br\/noticias\/wp-json\/wp\/v2\/posts\/378432\/revisions"}],"predecessor-version":[{"id":378579,"href":"https:\/\/jundiai.sp.gov.br\/noticias\/wp-json\/wp\/v2\/posts\/378432\/revisions\/378579"}],"wp:featuredmedia":[{"embeddable":true,"href":"https:\/\/jundiai.sp.gov.br\/noticias\/wp-json\/wp\/v2\/media\/378576"}],"wp:attachment":[{"href":"https:\/\/jundiai.sp.gov.br\/noticias\/wp-json\/wp\/v2\/media?parent=378432"}],"wp:term":[{"taxonomy":"category","embeddable":true,"href":"https:\/\/jundiai.sp.gov.br\/noticias\/wp-json\/wp\/v2\/categories?post=378432"},{"taxonomy":"post_tag","embeddable":true,"href":"https:\/\/jundiai.sp.gov.br\/noticias\/wp-json\/wp\/v2\/tags?post=378432"},{"taxonomy":"ods","embeddable":true,"href":"https:\/\/jundiai.sp.gov.br\/noticias\/wp-json\/wp\/v2\/ods?post=378432"}],"curies":[{"name":"wp","href":"https:\/\/api.w.org\/{rel}","templated":true}]}}