{"id":378494,"date":"2026-04-27T11:30:00","date_gmt":"2026-04-27T14:30:00","guid":{"rendered":"https:\/\/jundiai.sp.gov.br\/noticias\/?p=378494"},"modified":"2026-04-27T10:24:29","modified_gmt":"2026-04-27T13:24:29","slug":"praca-na-regiao-do-retiro-recebe-plantio-de-ipes-e-ganha-novo-visual","status":"publish","type":"post","link":"https:\/\/jundiai.sp.gov.br\/noticias\/2026\/04\/27\/praca-na-regiao-do-retiro-recebe-plantio-de-ipes-e-ganha-novo-visual\/","title":{"rendered":"Pra\u00e7a na regi\u00e3o do Retiro recebe plantio de ip\u00eas e ganha novo visual"},"content":{"rendered":"\n<p>A Pra\u00e7a dos Ip\u00eas, na regi\u00e3o do Retiro, come\u00e7a a ganhar um novo visual e se transformar em um espa\u00e7o ainda mais atrativo para a popula\u00e7\u00e3o. O local est\u00e1 recebendo o plantio de 36 \u00e1rvores de ip\u00eas nas cores roxo, amarelo e branco, refor\u00e7ando a proposta de valoriza\u00e7\u00e3o paisag\u00edstica e ambiental.<\/p>\n\n\n\n<p>Com cerca de 5 mil metros quadrados, a pra\u00e7a ser\u00e1 uma nova op\u00e7\u00e3o de lazer, conviv\u00eancia e encontro para os moradores. O projeto inclui a implanta\u00e7\u00e3o de uma arena multiuso, que dever\u00e1 receber atividades culturais e eventos ao longo do ano.<\/p>\n\n\n\n<p>Entre os destaques, est\u00e1 a cria\u00e7\u00e3o de uma \u00e1rea central destinada ao Varej\u00e3o Noturno, iniciativa que vai ampliar as op\u00e7\u00f5es de compras e lazer na regi\u00e3o, fortalecendo a economia local e incentivando a ocupa\u00e7\u00e3o qualificada do espa\u00e7o p\u00fablico.<\/p>\n\n\n\n<figure class=\"wp-block-image size-large\"><img loading=\"lazy\" decoding=\"async\" width=\"1280\" height=\"854\" src=\"https:\/\/jundiai.sp.gov.br\/noticias\/wp-content\/uploads\/sites\/32\/2026\/04\/paisagismo_parque_dos_ipes-2-1280x854.jpg\" alt=\"\" class=\"wp-image-378495\" srcset=\"https:\/\/jundiai.sp.gov.br\/noticias\/wp-content\/uploads\/sites\/32\/2026\/04\/paisagismo_parque_dos_ipes-2-1280x854.jpg 1280w, https:\/\/jundiai.sp.gov.br\/noticias\/wp-content\/uploads\/sites\/32\/2026\/04\/paisagismo_parque_dos_ipes-2-300x200.jpg 300w, https:\/\/jundiai.sp.gov.br\/noticias\/wp-content\/uploads\/sites\/32\/2026\/04\/paisagismo_parque_dos_ipes-2-768x512.jpg 768w, https:\/\/jundiai.sp.gov.br\/noticias\/wp-content\/uploads\/sites\/32\/2026\/04\/paisagismo_parque_dos_ipes-2-1536x1024.jpg 1536w, https:\/\/jundiai.sp.gov.br\/noticias\/wp-content\/uploads\/sites\/32\/2026\/04\/paisagismo_parque_dos_ipes-2-450x300.jpg 450w, https:\/\/jundiai.sp.gov.br\/noticias\/wp-content\/uploads\/sites\/32\/2026\/04\/paisagismo_parque_dos_ipes-2.jpg 1900w\" sizes=\"auto, (max-width: 1280px) 100vw, 1280px\" \/><figcaption class=\"wp-element-caption\">Pra\u00e7a Parque dos Ip\u00eas recebe novo paisagismo<\/figcaption><\/figure>\n\n\n\n<p>Os trabalhos s\u00e3o executados pela Unidade de Desenvolvimento Ambiental (UNIDAM), da Secretaria de Infraestrutura e Servi\u00e7os P\u00fablicos (SMISP) da Prefeitura de Jundia\u00ed. Al\u00e9m dos ip\u00eas, o projeto prev\u00ea o plantio de outras esp\u00e9cies, como palmeiras, ampliando a diversidade vegetal. A pra\u00e7a tamb\u00e9m contar\u00e1 com c\u00e2meras de monitoramento da Guarda Municipal, refor\u00e7ando a seguran\u00e7a dos frequentadores.<\/p>\n\n\n\n<figure class=\"wp-block-gallery has-nested-images columns-default is-cropped wp-block-gallery-1 is-layout-flex wp-block-gallery-is-layout-flex\">\n<figure class=\"wp-block-image size-large\"><img loading=\"lazy\" decoding=\"async\" width=\"1280\" height=\"854\" data-id=\"378496\" src=\"https:\/\/jundiai.sp.gov.br\/noticias\/wp-content\/uploads\/sites\/32\/2026\/04\/paisagismo_parque_dos_ipes-3-1280x854.jpg\" alt=\"\" class=\"wp-image-378496\" srcset=\"https:\/\/jundiai.sp.gov.br\/noticias\/wp-content\/uploads\/sites\/32\/2026\/04\/paisagismo_parque_dos_ipes-3-1280x854.jpg 1280w, https:\/\/jundiai.sp.gov.br\/noticias\/wp-content\/uploads\/sites\/32\/2026\/04\/paisagismo_parque_dos_ipes-3-300x200.jpg 300w, https:\/\/jundiai.sp.gov.br\/noticias\/wp-content\/uploads\/sites\/32\/2026\/04\/paisagismo_parque_dos_ipes-3-768x512.jpg 768w, https:\/\/jundiai.sp.gov.br\/noticias\/wp-content\/uploads\/sites\/32\/2026\/04\/paisagismo_parque_dos_ipes-3-1536x1024.jpg 1536w, https:\/\/jundiai.sp.gov.br\/noticias\/wp-content\/uploads\/sites\/32\/2026\/04\/paisagismo_parque_dos_ipes-3-450x300.jpg 450w, https:\/\/jundiai.sp.gov.br\/noticias\/wp-content\/uploads\/sites\/32\/2026\/04\/paisagismo_parque_dos_ipes-3.jpg 1900w\" sizes=\"auto, (max-width: 1280px) 100vw, 1280px\" \/><\/figure>\n\n\n\n<figure class=\"wp-block-image size-large\"><img loading=\"lazy\" decoding=\"async\" width=\"1280\" height=\"854\" data-id=\"378497\" src=\"https:\/\/jundiai.sp.gov.br\/noticias\/wp-content\/uploads\/sites\/32\/2026\/04\/paisagismo_parque_dos_ipes-6-1280x854.jpg\" alt=\"\" class=\"wp-image-378497\" srcset=\"https:\/\/jundiai.sp.gov.br\/noticias\/wp-content\/uploads\/sites\/32\/2026\/04\/paisagismo_parque_dos_ipes-6-1280x854.jpg 1280w, https:\/\/jundiai.sp.gov.br\/noticias\/wp-content\/uploads\/sites\/32\/2026\/04\/paisagismo_parque_dos_ipes-6-300x200.jpg 300w, https:\/\/jundiai.sp.gov.br\/noticias\/wp-content\/uploads\/sites\/32\/2026\/04\/paisagismo_parque_dos_ipes-6-768x512.jpg 768w, https:\/\/jundiai.sp.gov.br\/noticias\/wp-content\/uploads\/sites\/32\/2026\/04\/paisagismo_parque_dos_ipes-6-1536x1024.jpg 1536w, https:\/\/jundiai.sp.gov.br\/noticias\/wp-content\/uploads\/sites\/32\/2026\/04\/paisagismo_parque_dos_ipes-6-450x300.jpg 450w, https:\/\/jundiai.sp.gov.br\/noticias\/wp-content\/uploads\/sites\/32\/2026\/04\/paisagismo_parque_dos_ipes-6.jpg 1900w\" sizes=\"auto, (max-width: 1280px) 100vw, 1280px\" \/><\/figure>\n\n\n\n<figure class=\"wp-block-image size-large\"><img loading=\"lazy\" decoding=\"async\" width=\"1280\" height=\"854\" data-id=\"378498\" src=\"https:\/\/jundiai.sp.gov.br\/noticias\/wp-content\/uploads\/sites\/32\/2026\/04\/paisagismo_parque_dos_ipes-10-1280x854.jpg\" alt=\"\" class=\"wp-image-378498\" srcset=\"https:\/\/jundiai.sp.gov.br\/noticias\/wp-content\/uploads\/sites\/32\/2026\/04\/paisagismo_parque_dos_ipes-10-1280x854.jpg 1280w, https:\/\/jundiai.sp.gov.br\/noticias\/wp-content\/uploads\/sites\/32\/2026\/04\/paisagismo_parque_dos_ipes-10-300x200.jpg 300w, https:\/\/jundiai.sp.gov.br\/noticias\/wp-content\/uploads\/sites\/32\/2026\/04\/paisagismo_parque_dos_ipes-10-768x512.jpg 768w, https:\/\/jundiai.sp.gov.br\/noticias\/wp-content\/uploads\/sites\/32\/2026\/04\/paisagismo_parque_dos_ipes-10-1536x1024.jpg 1536w, https:\/\/jundiai.sp.gov.br\/noticias\/wp-content\/uploads\/sites\/32\/2026\/04\/paisagismo_parque_dos_ipes-10-450x300.jpg 450w, https:\/\/jundiai.sp.gov.br\/noticias\/wp-content\/uploads\/sites\/32\/2026\/04\/paisagismo_parque_dos_ipes-10.jpg 1900w\" sizes=\"auto, (max-width: 1280px) 100vw, 1280px\" \/><\/figure>\n<\/figure>\n\n\n\n<p><strong>Assessoria de Imprensa<br>Fotos: Fot\u00f3grafo PMJ<\/strong><\/p>\n","protected":false},"excerpt":{"rendered":"<p>A Pra\u00e7a dos Ip\u00eas, na regi\u00e3o do Retiro, come\u00e7a a ganhar um novo visual e se transformar em um espa\u00e7o ainda mais atrativo para a popula\u00e7\u00e3o. O local est\u00e1 recebendo o plantio de 36 \u00e1rvores de ip\u00eas nas cores roxo, amarelo e branco, refor\u00e7ando a proposta de valoriza\u00e7\u00e3o paisag\u00edstica e ambiental. Com cerca de 5 [&hellip;]<\/p>\n","protected":false},"author":123,"featured_media":378495,"comment_status":"closed","ping_status":"closed","sticky":false,"template":"","format":"standard","meta":{"footnotes":""},"categories":[4620,2],"tags":[985,742],"ods":[],"class_list":["post-378494","post","type-post","status-publish","format-standard","has-post-thumbnail","hentry","category-destaques","category-noticias","tag-infraestrutura-e-servicos-publicos","tag-unidade-de-desenvolvimento-ambiental-unidam"],"_links":{"self":[{"href":"https:\/\/jundiai.sp.gov.br\/noticias\/wp-json\/wp\/v2\/posts\/378494","targetHints":{"allow":["GET"]}}],"collection":[{"href":"https:\/\/jundiai.sp.gov.br\/noticias\/wp-json\/wp\/v2\/posts"}],"about":[{"href":"https:\/\/jundiai.sp.gov.br\/noticias\/wp-json\/wp\/v2\/types\/post"}],"author":[{"embeddable":true,"href":"https:\/\/jundiai.sp.gov.br\/noticias\/wp-json\/wp\/v2\/users\/123"}],"replies":[{"embeddable":true,"href":"https:\/\/jundiai.sp.gov.br\/noticias\/wp-json\/wp\/v2\/comments?post=378494"}],"version-history":[{"count":4,"href":"https:\/\/jundiai.sp.gov.br\/noticias\/wp-json\/wp\/v2\/posts\/378494\/revisions"}],"predecessor-version":[{"id":378582,"href":"https:\/\/jundiai.sp.gov.br\/noticias\/wp-json\/wp\/v2\/posts\/378494\/revisions\/378582"}],"wp:featuredmedia":[{"embeddable":true,"href":"https:\/\/jundiai.sp.gov.br\/noticias\/wp-json\/wp\/v2\/media\/378495"}],"wp:attachment":[{"href":"https:\/\/jundiai.sp.gov.br\/noticias\/wp-json\/wp\/v2\/media?parent=378494"}],"wp:term":[{"taxonomy":"category","embeddable":true,"href":"https:\/\/jundiai.sp.gov.br\/noticias\/wp-json\/wp\/v2\/categories?post=378494"},{"taxonomy":"post_tag","embeddable":true,"href":"https:\/\/jundiai.sp.gov.br\/noticias\/wp-json\/wp\/v2\/tags?post=378494"},{"taxonomy":"ods","embeddable":true,"href":"https:\/\/jundiai.sp.gov.br\/noticias\/wp-json\/wp\/v2\/ods?post=378494"}],"curies":[{"name":"wp","href":"https:\/\/api.w.org\/{rel}","templated":true}]}}