{"id":378507,"date":"2026-04-26T09:00:00","date_gmt":"2026-04-26T12:00:00","guid":{"rendered":"https:\/\/jundiai.sp.gov.br\/noticias\/?p=378507"},"modified":"2026-04-24T11:35:27","modified_gmt":"2026-04-24T14:35:27","slug":"serra-do-japi-revela-novas-especies-de-libelulas-e-reforca-vocacao-para-pesquisa-e-conservacao","status":"publish","type":"post","link":"https:\/\/jundiai.sp.gov.br\/noticias\/2026\/04\/26\/serra-do-japi-revela-novas-especies-de-libelulas-e-reforca-vocacao-para-pesquisa-e-conservacao\/","title":{"rendered":"Serra do Japi revela novas esp\u00e9cies de lib\u00e9lulas e refor\u00e7a voca\u00e7\u00e3o para pesquisa e conserva\u00e7\u00e3o"},"content":{"rendered":"\n<p>A Serra do Japi volta a se destacar no cen\u00e1rio cient\u00edfico com a divulga\u00e7\u00e3o de um invent\u00e1rio preliminar de odonatos, grupo de insetos que inclui lib\u00e9lulas e donzelinhas. O estudo registrou 22 esp\u00e9cies na Reserva Biol\u00f3gica (ReBio), o equivalente a 7,5% de toda a fauna conhecida desse grupo no estado de S\u00e3o Paulo, incluindo tr\u00eas esp\u00e9cies in\u00e9ditas para o territ\u00f3rio paulista.\u00a0<\/p>\n\n\n\n<div class=\"wp-block-columns is-layout-flex wp-container-core-columns-is-layout-9d6595d7 wp-block-columns-is-layout-flex\">\n<div class=\"wp-block-column is-layout-flow wp-block-column-is-layout-flow\">\n<figure class=\"wp-block-image size-large\"><img loading=\"lazy\" decoding=\"async\" width=\"720\" height=\"960\" src=\"https:\/\/jundiai.sp.gov.br\/noticias\/wp-content\/uploads\/sites\/32\/2026\/04\/whatsapp-image-2026-04-22-at-16-50-32-2-720x960.jpeg\" alt=\"\" class=\"wp-image-378513\" srcset=\"https:\/\/jundiai.sp.gov.br\/noticias\/wp-content\/uploads\/sites\/32\/2026\/04\/whatsapp-image-2026-04-22-at-16-50-32-2-720x960.jpeg 720w, https:\/\/jundiai.sp.gov.br\/noticias\/wp-content\/uploads\/sites\/32\/2026\/04\/whatsapp-image-2026-04-22-at-16-50-32-2-300x400.jpeg 300w, https:\/\/jundiai.sp.gov.br\/noticias\/wp-content\/uploads\/sites\/32\/2026\/04\/whatsapp-image-2026-04-22-at-16-50-32-2-768x1024.jpeg 768w, https:\/\/jundiai.sp.gov.br\/noticias\/wp-content\/uploads\/sites\/32\/2026\/04\/whatsapp-image-2026-04-22-at-16-50-32-2-1152x1536.jpeg 1152w, https:\/\/jundiai.sp.gov.br\/noticias\/wp-content\/uploads\/sites\/32\/2026\/04\/whatsapp-image-2026-04-22-at-16-50-32-2.jpeg 1200w\" sizes=\"auto, (max-width: 720px) 100vw, 720px\" \/><figcaption class=\"wp-element-caption\">A presen\u00e7a de lib\u00e9lulas e donzelinhas \u00e9 um indicativo da qualidade ambiental<\/figcaption><\/figure>\n<\/div>\n\n\n\n<div class=\"wp-block-column is-layout-flow wp-block-column-is-layout-flow\">\n<figure class=\"wp-block-image size-large\"><img loading=\"lazy\" decoding=\"async\" width=\"742\" height=\"960\" src=\"https:\/\/jundiai.sp.gov.br\/noticias\/wp-content\/uploads\/sites\/32\/2026\/04\/whatsapp-image-2026-04-22-at-16-49-40-1-742x960.jpeg\" alt=\"\" class=\"wp-image-378514\" srcset=\"https:\/\/jundiai.sp.gov.br\/noticias\/wp-content\/uploads\/sites\/32\/2026\/04\/whatsapp-image-2026-04-22-at-16-49-40-1-742x960.jpeg 742w, https:\/\/jundiai.sp.gov.br\/noticias\/wp-content\/uploads\/sites\/32\/2026\/04\/whatsapp-image-2026-04-22-at-16-49-40-1-300x388.jpeg 300w, https:\/\/jundiai.sp.gov.br\/noticias\/wp-content\/uploads\/sites\/32\/2026\/04\/whatsapp-image-2026-04-22-at-16-49-40-1-768x994.jpeg 768w, https:\/\/jundiai.sp.gov.br\/noticias\/wp-content\/uploads\/sites\/32\/2026\/04\/whatsapp-image-2026-04-22-at-16-49-40-1-1187x1536.jpeg 1187w, https:\/\/jundiai.sp.gov.br\/noticias\/wp-content\/uploads\/sites\/32\/2026\/04\/whatsapp-image-2026-04-22-at-16-49-40-1.jpeg 1236w\" sizes=\"auto, (max-width: 742px) 100vw, 742px\" \/><figcaption class=\"wp-element-caption\">Levantamento identificou 22 esp\u00e9cies de odonatos na Serra do Japi<\/figcaption><\/figure>\n<\/div>\n<\/div>\n\n\n\n<p>O estudo foi realizado na Reserva Biol\u00f3gica da Serra do Japi (Rebio), uma das principais \u00e1reas de preserva\u00e7\u00e3o da Mata Atl\u00e2ntica no interior paulista, e refor\u00e7a seu papel como ref\u00fagio para esp\u00e9cies sens\u00edveis. Entre os destaques est\u00e3o <em>Heteragrion tiradentense<\/em>, <em>Brechmorhoga goncalvensis<\/em> e <em>Rhionaeschna planaltica<\/em>, registradas pela primeira vez no estado e dependentes de ambientes bem preservados, como riachos sombreados.<\/p>\n\n\n\n<p>Segundo a pesquisadora Aline Gon\u00e7alves, autora do artigo \u201cLista preliminar de lib\u00e9lulas e donzelinhas (Insecta: Odonata) da Reserva Biol\u00f3gica da Serra do Japi, Jundia\u00ed, S\u00e3o Paulo, Brasil, e novos registros para o estado\u201d, com orienta\u00e7\u00e3o de Jean Carlos Santos e Maria Virginia Urso-Guimar\u00e3es, o estudo evidenciou a riqueza ainda pouco conhecida da regi\u00e3o<\/p>\n\n\n\n<p>\u201cA Serra do Japi mostrou um potencial enorme para novas descobertas. Mesmo em um estado bastante estudado como S\u00e3o Paulo, ainda encontramos esp\u00e9cies que nunca haviam sido registradas aqui, o que refor\u00e7a a import\u00e2ncia de estudar e preservar essas \u00e1reas\u201d, afirma.<\/p>\n\n\n\n<p>O trabalho envolveu amostragem em 11 pontos da reserva, com coletas padronizadas e an\u00e1lise em laborat\u00f3rio, resultando na incorpora\u00e7\u00e3o dos esp\u00e9cimes a uma cole\u00e7\u00e3o cient\u00edfica. \u201cA Serra do Japi tem uma variedade de micro-habitats que permite a coexist\u00eancia de esp\u00e9cies com diferentes exig\u00eancias ecol\u00f3gicas. Isso mostra como o ambiente \u00e9 complexo e equilibrado\u201d, explica a pesquisadora.<\/p>\n\n\n\n<figure class=\"wp-block-image size-large\"><img loading=\"lazy\" decoding=\"async\" width=\"1280\" height=\"853\" src=\"https:\/\/jundiai.sp.gov.br\/noticias\/wp-content\/uploads\/sites\/32\/2026\/04\/whatsapp-image-2026-04-22-at-16-49-52-1280x853.jpeg\" alt=\"\" class=\"wp-image-378515\" srcset=\"https:\/\/jundiai.sp.gov.br\/noticias\/wp-content\/uploads\/sites\/32\/2026\/04\/whatsapp-image-2026-04-22-at-16-49-52-1280x853.jpeg 1280w, https:\/\/jundiai.sp.gov.br\/noticias\/wp-content\/uploads\/sites\/32\/2026\/04\/whatsapp-image-2026-04-22-at-16-49-52-300x200.jpeg 300w, https:\/\/jundiai.sp.gov.br\/noticias\/wp-content\/uploads\/sites\/32\/2026\/04\/whatsapp-image-2026-04-22-at-16-49-52-768x512.jpeg 768w, https:\/\/jundiai.sp.gov.br\/noticias\/wp-content\/uploads\/sites\/32\/2026\/04\/whatsapp-image-2026-04-22-at-16-49-52-1536x1023.jpeg 1536w, https:\/\/jundiai.sp.gov.br\/noticias\/wp-content\/uploads\/sites\/32\/2026\/04\/whatsapp-image-2026-04-22-at-16-49-52-450x300.jpeg 450w, https:\/\/jundiai.sp.gov.br\/noticias\/wp-content\/uploads\/sites\/32\/2026\/04\/whatsapp-image-2026-04-22-at-16-49-52.jpeg 1600w\" sizes=\"auto, (max-width: 1280px) 100vw, 1280px\" \/><figcaption class=\"wp-element-caption\">Alunos do curso de Entomologia da Universidade de S\u00e3o Paulo, do qual a pesquisadora Aline Gon\u00e7alves faz parte, na Serra do Japi<\/figcaption><\/figure>\n\n\n\n<p>Para o superintendente da Funda\u00e7\u00e3o Serra do Japi, Fl\u00e1vio Gramolelli Junior, os resultados refor\u00e7am a import\u00e2ncia da regi\u00e3o. \u201cA Serra do Japi \u00e9 essencial para a ci\u00eancia. A Base Ecol\u00f3gica permite pesquisas em ambiente preservado, favorecendo descobertas e fortalecendo a prote\u00e7\u00e3o da biodiversidade\u201d, afirma.<\/p>\n\n\n\n<p>O levantamento \u00e9 preliminar, e a expectativa \u00e9 que novas pesquisas ampliem o n\u00famero de esp\u00e9cies registradas. Os resultados mostram que ainda h\u00e1 muito a ser descoberto, especialmente em \u00e1reas protegidas como a Serra do Japi.<\/p>\n\n\n\n<p><strong>Assessoria de Imprensa<br>Fotos: Divulga\u00e7\u00e3o<\/strong><\/p>\n","protected":false},"excerpt":{"rendered":"<p>A Serra do Japi volta a se destacar no cen\u00e1rio cient\u00edfico com a divulga\u00e7\u00e3o de um invent\u00e1rio preliminar de odonatos, grupo de insetos que inclui lib\u00e9lulas e donzelinhas. O estudo registrou 22 esp\u00e9cies na Reserva Biol\u00f3gica (ReBio), o equivalente a 7,5% de toda a fauna conhecida desse grupo no estado de S\u00e3o Paulo, incluindo tr\u00eas [&hellip;]<\/p>\n","protected":false},"author":124,"featured_media":378513,"comment_status":"closed","ping_status":"closed","sticky":false,"template":"","format":"standard","meta":{"footnotes":""},"categories":[2],"tags":[574,6492,5145,6491,323],"ods":[],"class_list":["post-378507","post","type-post","status-publish","format-standard","has-post-thumbnail","hentry","category-noticias","tag-fundacao-serra-do-japi","tag-odonatos","tag-pesquisa-cientifica-2","tag-reserva-biologica-rebio","tag-serra-do-japi"],"_links":{"self":[{"href":"https:\/\/jundiai.sp.gov.br\/noticias\/wp-json\/wp\/v2\/posts\/378507","targetHints":{"allow":["GET"]}}],"collection":[{"href":"https:\/\/jundiai.sp.gov.br\/noticias\/wp-json\/wp\/v2\/posts"}],"about":[{"href":"https:\/\/jundiai.sp.gov.br\/noticias\/wp-json\/wp\/v2\/types\/post"}],"author":[{"embeddable":true,"href":"https:\/\/jundiai.sp.gov.br\/noticias\/wp-json\/wp\/v2\/users\/124"}],"replies":[{"embeddable":true,"href":"https:\/\/jundiai.sp.gov.br\/noticias\/wp-json\/wp\/v2\/comments?post=378507"}],"version-history":[{"count":7,"href":"https:\/\/jundiai.sp.gov.br\/noticias\/wp-json\/wp\/v2\/posts\/378507\/revisions"}],"predecessor-version":[{"id":378538,"href":"https:\/\/jundiai.sp.gov.br\/noticias\/wp-json\/wp\/v2\/posts\/378507\/revisions\/378538"}],"wp:featuredmedia":[{"embeddable":true,"href":"https:\/\/jundiai.sp.gov.br\/noticias\/wp-json\/wp\/v2\/media\/378513"}],"wp:attachment":[{"href":"https:\/\/jundiai.sp.gov.br\/noticias\/wp-json\/wp\/v2\/media?parent=378507"}],"wp:term":[{"taxonomy":"category","embeddable":true,"href":"https:\/\/jundiai.sp.gov.br\/noticias\/wp-json\/wp\/v2\/categories?post=378507"},{"taxonomy":"post_tag","embeddable":true,"href":"https:\/\/jundiai.sp.gov.br\/noticias\/wp-json\/wp\/v2\/tags?post=378507"},{"taxonomy":"ods","embeddable":true,"href":"https:\/\/jundiai.sp.gov.br\/noticias\/wp-json\/wp\/v2\/ods?post=378507"}],"curies":[{"name":"wp","href":"https:\/\/api.w.org\/{rel}","templated":true}]}}