{"id":378562,"date":"2026-04-27T08:20:00","date_gmt":"2026-04-27T11:20:00","guid":{"rendered":"https:\/\/jundiai.sp.gov.br\/noticias\/?p=378562"},"modified":"2026-04-24T11:17:44","modified_gmt":"2026-04-24T14:17:44","slug":"emprego-da-gente-realiza-edicao-no-retiro-com-700-vagas-de-emprego-e-oportunidades-para-jovens-aprendizes","status":"publish","type":"post","link":"https:\/\/jundiai.sp.gov.br\/noticias\/2026\/04\/27\/emprego-da-gente-realiza-edicao-no-retiro-com-700-vagas-de-emprego-e-oportunidades-para-jovens-aprendizes\/","title":{"rendered":"Emprego da Gente realiza edi\u00e7\u00e3o no Retiro com 700 vagas de emprego e oportunidades para jovens aprendizes"},"content":{"rendered":"\n<p>O programa Emprego da Gente realiza mais uma edi\u00e7\u00e3o descentralizada, desta vez no bairro do Retiro, oferecendo mais de 700 vagas de emprego com a participa\u00e7\u00e3o de 21 empresas. A a\u00e7\u00e3o em parceria com a Par\u00f3quia S\u00e3o Jos\u00e9 Oper\u00e1rio e a Associa\u00e7\u00e3o de Moradores do Bairro, ser\u00e1 realizada no dia 6 de maio (ter\u00e7a-feira), das 9h \u00e0s 13h, na Rua \u00c2ngelo Lotierzo, 270 (entrada pelo Sal\u00e3o Paroquial).<\/p>\n\n\n\n<figure class=\"wp-block-gallery has-nested-images columns-default is-cropped wp-block-gallery-1 is-layout-flex wp-block-gallery-is-layout-flex\">\n<figure class=\"wp-block-image size-large\"><img loading=\"lazy\" decoding=\"async\" width=\"1280\" height=\"854\" data-id=\"378563\" src=\"https:\/\/jundiai.sp.gov.br\/noticias\/wp-content\/uploads\/sites\/32\/2026\/04\/emprego_da_gente_vetor_oeste_v-23-1280x854.jpg\" alt=\"\" class=\"wp-image-378563\" srcset=\"https:\/\/jundiai.sp.gov.br\/noticias\/wp-content\/uploads\/sites\/32\/2026\/04\/emprego_da_gente_vetor_oeste_v-23-1280x854.jpg 1280w, https:\/\/jundiai.sp.gov.br\/noticias\/wp-content\/uploads\/sites\/32\/2026\/04\/emprego_da_gente_vetor_oeste_v-23-300x200.jpg 300w, https:\/\/jundiai.sp.gov.br\/noticias\/wp-content\/uploads\/sites\/32\/2026\/04\/emprego_da_gente_vetor_oeste_v-23-768x512.jpg 768w, https:\/\/jundiai.sp.gov.br\/noticias\/wp-content\/uploads\/sites\/32\/2026\/04\/emprego_da_gente_vetor_oeste_v-23-1536x1024.jpg 1536w, https:\/\/jundiai.sp.gov.br\/noticias\/wp-content\/uploads\/sites\/32\/2026\/04\/emprego_da_gente_vetor_oeste_v-23-450x300.jpg 450w, https:\/\/jundiai.sp.gov.br\/noticias\/wp-content\/uploads\/sites\/32\/2026\/04\/emprego_da_gente_vetor_oeste_v-23.jpg 1900w\" sizes=\"auto, (max-width: 1280px) 100vw, 1280px\" \/><figcaption class=\"wp-element-caption\">Emprego da Gente no Vetor Oeste<\/figcaption><\/figure>\n<\/figure>\n\n\n\n<p>Estar\u00e3o dispon\u00edveis vagas em diversas \u00e1reas e n\u00edveis de escolaridade, como pedreiro, motorista, estoquista, operador de m\u00e1quinas, auxiliar de lavanderia, cozinheiro, repositor, log\u00edstica, jovem aprendiz, entre outras fun\u00e7\u00f5es, incluindo oportunidades para pessoas com defici\u00eancia (PcD). Para os jovens aprendizes haver\u00e1 a participa\u00e7\u00e3o de uma empresa qualificadora para auxiliar quem busca o primeiro emprego. A iniciativa facilita a inser\u00e7\u00e3o dos jovens no mercado de trabalho, oferecendo orienta\u00e7\u00e3o e encaminhamento para vagas compat\u00edveis com o perfil, al\u00e9m de contribuir para a forma\u00e7\u00e3o profissional desde o in\u00edcio da carreira.<\/p>\n\n\n\n<p>Nesta edi\u00e7\u00e3o, o mutir\u00e3o tamb\u00e9m contar\u00e1 com a participa\u00e7\u00e3o de uma qualificadora respons\u00e1vel pelo recrutamento de jovens aprendizes, ampliando as oportunidades para quem busca o primeiro emprego. A iniciativa facilita a inser\u00e7\u00e3o dos jovens no mercado de trabalho, oferecendo orienta\u00e7\u00e3o e encaminhamento para vagas compat\u00edveis com o perfil, al\u00e9m de contribuir para a forma\u00e7\u00e3o profissional desde o in\u00edcio da carreira.<\/p>\n\n\n\n<p>Ao descentralizar os processos seletivos, o programa reduz custos com deslocamento, amplia o acesso da popula\u00e7\u00e3o ao mercado de trabalho e ainda favorece a contrata\u00e7\u00e3o de profissionais que residem na pr\u00f3pria regi\u00e3o. Para as empresas, o modelo garante mais agilidade na sele\u00e7\u00e3o e contato direto com candidatos j\u00e1 interessados nas vagas.<\/p>\n\n\n\n<p>A iniciativa integra o eixo Emprega +, do programa Desenvolve +, coordenado pela Secretaria de Desenvolvimento Econ\u00f4mico, Ci\u00eancia e Tecnologia. O objetivo \u00e9 aproximar trabalhadores e empresas, levando processos seletivos diretamente aos bairros, facilitando o acesso \u00e0s oportunidades e tornando as contrata\u00e7\u00f5es mais r\u00e1pidas e eficientes.<\/p>\n\n\n\n<h2 class=\"wp-block-heading\">Como participar<\/h2>\n\n\n\n<p>N\u00e3o \u00e9 necess\u00e1rio fazer inscri\u00e7\u00e3o pr\u00e9via. Os interessados devem comparecer ao local com documentos pessoais e curr\u00edculo atualizado. A orienta\u00e7\u00e3o \u00e9 chegar com anteced\u00eancia para aproveitar melhor as oportunidades e conversar com mais de uma empresa.<\/p>\n\n\n\n<p><strong>Assessoria de Imprensa <br>Fotos: Arquivo PMJ<\/strong><\/p>\n","protected":false},"excerpt":{"rendered":"<p>O programa Emprego da Gente realiza mais uma edi\u00e7\u00e3o descentralizada, desta vez no bairro do Retiro, oferecendo mais de 700 vagas de emprego com a participa\u00e7\u00e3o de 21 empresas. A a\u00e7\u00e3o em parceria com a Par\u00f3quia S\u00e3o Jos\u00e9 Oper\u00e1rio e a Associa\u00e7\u00e3o de Moradores do Bairro, ser\u00e1 realizada no dia 6 de maio (ter\u00e7a-feira), das [&hellip;]<\/p>\n","protected":false},"author":69,"featured_media":378563,"comment_status":"closed","ping_status":"0","sticky":false,"template":"","format":"standard","meta":{"footnotes":""},"categories":[4620,2],"tags":[5546,5547,5561,5567,4796],"ods":[],"class_list":["post-378562","post","type-post","status-publish","format-standard","has-post-thumbnail","hentry","category-destaques","category-noticias","tag-desenvolve","tag-emprega","tag-emprego-da-gente","tag-secretaria-de-desenvolvimento-economico-ciencia-e-tecnologia","tag-vagas-de-emprego"],"_links":{"self":[{"href":"https:\/\/jundiai.sp.gov.br\/noticias\/wp-json\/wp\/v2\/posts\/378562","targetHints":{"allow":["GET"]}}],"collection":[{"href":"https:\/\/jundiai.sp.gov.br\/noticias\/wp-json\/wp\/v2\/posts"}],"about":[{"href":"https:\/\/jundiai.sp.gov.br\/noticias\/wp-json\/wp\/v2\/types\/post"}],"author":[{"embeddable":true,"href":"https:\/\/jundiai.sp.gov.br\/noticias\/wp-json\/wp\/v2\/users\/69"}],"replies":[{"embeddable":true,"href":"https:\/\/jundiai.sp.gov.br\/noticias\/wp-json\/wp\/v2\/comments?post=378562"}],"version-history":[{"count":2,"href":"https:\/\/jundiai.sp.gov.br\/noticias\/wp-json\/wp\/v2\/posts\/378562\/revisions"}],"predecessor-version":[{"id":378569,"href":"https:\/\/jundiai.sp.gov.br\/noticias\/wp-json\/wp\/v2\/posts\/378562\/revisions\/378569"}],"wp:featuredmedia":[{"embeddable":true,"href":"https:\/\/jundiai.sp.gov.br\/noticias\/wp-json\/wp\/v2\/media\/378563"}],"wp:attachment":[{"href":"https:\/\/jundiai.sp.gov.br\/noticias\/wp-json\/wp\/v2\/media?parent=378562"}],"wp:term":[{"taxonomy":"category","embeddable":true,"href":"https:\/\/jundiai.sp.gov.br\/noticias\/wp-json\/wp\/v2\/categories?post=378562"},{"taxonomy":"post_tag","embeddable":true,"href":"https:\/\/jundiai.sp.gov.br\/noticias\/wp-json\/wp\/v2\/tags?post=378562"},{"taxonomy":"ods","embeddable":true,"href":"https:\/\/jundiai.sp.gov.br\/noticias\/wp-json\/wp\/v2\/ods?post=378562"}],"curies":[{"name":"wp","href":"https:\/\/api.w.org\/{rel}","templated":true}]}}