{"id":378588,"date":"2026-04-26T14:41:00","date_gmt":"2026-04-26T17:41:00","guid":{"rendered":"https:\/\/jundiai.sp.gov.br\/noticias\/?p=378588"},"modified":"2026-04-24T15:44:52","modified_gmt":"2026-04-24T18:44:52","slug":"prefeitura-abre-inscricoes-para-curso-gratuito-de-hortas-urbanas-em-jundiai","status":"publish","type":"post","link":"https:\/\/jundiai.sp.gov.br\/noticias\/2026\/04\/26\/prefeitura-abre-inscricoes-para-curso-gratuito-de-hortas-urbanas-em-jundiai\/","title":{"rendered":"Prefeitura abre inscri\u00e7\u00f5es para curso gratuito de hortas urbanas em Jundia\u00ed\u00a0"},"content":{"rendered":"\n<p>Moradores interessados em cultivo sustent\u00e1vel e no uso de \u00e1reas p\u00fablicas para produ\u00e7\u00e3o de alimentos j\u00e1 podem se inscrever em um novo curso de hortas urbanas, oferecido pela Secretaria Municipal de Planejamento Urbano e Meio Ambiente (SMPUMA). A forma\u00e7\u00e3o \u00e9 gratuita e faz parte das a\u00e7\u00f5es do munic\u00edpio para incentivar a agricultura urbana e o aproveitamento de espa\u00e7os ociosos.<\/p>\n\n\n\n<div class=\"wp-block-columns is-layout-flex wp-container-core-columns-is-layout-9d6595d7 wp-block-columns-is-layout-flex\">\n<div class=\"wp-block-column is-layout-flow wp-block-column-is-layout-flow\">\n<figure class=\"wp-block-image size-full\"><img loading=\"lazy\" decoding=\"async\" width=\"941\" height=\"706\" src=\"https:\/\/jundiai.sp.gov.br\/noticias\/wp-content\/uploads\/sites\/32\/2026\/04\/whatsapp-image-2026-04-24-at-14-33-03-1.jpeg\" alt=\"\" class=\"wp-image-378616\" srcset=\"https:\/\/jundiai.sp.gov.br\/noticias\/wp-content\/uploads\/sites\/32\/2026\/04\/whatsapp-image-2026-04-24-at-14-33-03-1.jpeg 941w, https:\/\/jundiai.sp.gov.br\/noticias\/wp-content\/uploads\/sites\/32\/2026\/04\/whatsapp-image-2026-04-24-at-14-33-03-1-300x225.jpeg 300w, https:\/\/jundiai.sp.gov.br\/noticias\/wp-content\/uploads\/sites\/32\/2026\/04\/whatsapp-image-2026-04-24-at-14-33-03-1-768x576.jpeg 768w\" sizes=\"auto, (max-width: 941px) 100vw, 941px\" \/><\/figure>\n<\/div>\n<\/div>\n\n\n\n<p>As hortas urbanas s\u00e3o implantadas em \u00e1reas p\u00fablicas, por meio de cess\u00e3o de uso do solo concedida a moradores de Jundia\u00ed, de forma prec\u00e1ria e n\u00e3o onerosa. A participa\u00e7\u00e3o no curso \u00e9 um dos requisitos para quem deseja pleitear a utiliza\u00e7\u00e3o desses espa\u00e7os.<\/p>\n\n\n\n<p>Com carga hor\u00e1ria de 15 horas\/aula, o curso ser\u00e1 realizado nos dias 13, 20 e 27 de maio (quartas-feiras), das 8h \u00e0s 13h, na UNIDAM, localizada na Rua Ernesto Gon\u00e7alves Rosa Junior, 150, no Jardim Florestal.<\/p>\n\n\n\n<p>\u00c9 importante destacar que a participa\u00e7\u00e3o no curso n\u00e3o garante automaticamente a cess\u00e3o de uma \u00e1rea p\u00fablica, que depende do cumprimento de crit\u00e9rios estabelecidos em decreto e da disponibilidade or\u00e7ament\u00e1ria para implanta\u00e7\u00e3o da infraestrutura inicial. Para os atuais permission\u00e1rios, a frequ\u00eancia \u00e9 obrigat\u00f3ria e condiciona a manuten\u00e7\u00e3o do uso das \u00e1reas j\u00e1 concedidas.<\/p>\n\n\n\n<div class=\"wp-block-columns is-layout-flex wp-container-core-columns-is-layout-9d6595d7 wp-block-columns-is-layout-flex\">\n<div class=\"wp-block-column is-layout-flow wp-block-column-is-layout-flow\">\n<figure class=\"wp-block-image size-full\"><img loading=\"lazy\" decoding=\"async\" width=\"1209\" height=\"907\" src=\"https:\/\/jundiai.sp.gov.br\/noticias\/wp-content\/uploads\/sites\/32\/2026\/04\/whatsapp-image-2026-04-24-at-14-33-45.jpeg\" alt=\"\" class=\"wp-image-378617\" srcset=\"https:\/\/jundiai.sp.gov.br\/noticias\/wp-content\/uploads\/sites\/32\/2026\/04\/whatsapp-image-2026-04-24-at-14-33-45.jpeg 1209w, https:\/\/jundiai.sp.gov.br\/noticias\/wp-content\/uploads\/sites\/32\/2026\/04\/whatsapp-image-2026-04-24-at-14-33-45-300x225.jpeg 300w, https:\/\/jundiai.sp.gov.br\/noticias\/wp-content\/uploads\/sites\/32\/2026\/04\/whatsapp-image-2026-04-24-at-14-33-45-768x576.jpeg 768w\" sizes=\"auto, (max-width: 1209px) 100vw, 1209px\" \/><\/figure>\n<\/div>\n\n\n\n<div class=\"wp-block-column is-layout-flow wp-block-column-is-layout-flow\">\n<figure class=\"wp-block-image size-full\"><img loading=\"lazy\" decoding=\"async\" width=\"963\" height=\"722\" src=\"https:\/\/jundiai.sp.gov.br\/noticias\/wp-content\/uploads\/sites\/32\/2026\/04\/whatsapp-image-2026-04-24-at-14-34-52.jpeg\" alt=\"\" class=\"wp-image-378618\" srcset=\"https:\/\/jundiai.sp.gov.br\/noticias\/wp-content\/uploads\/sites\/32\/2026\/04\/whatsapp-image-2026-04-24-at-14-34-52.jpeg 963w, https:\/\/jundiai.sp.gov.br\/noticias\/wp-content\/uploads\/sites\/32\/2026\/04\/whatsapp-image-2026-04-24-at-14-34-52-300x225.jpeg 300w, https:\/\/jundiai.sp.gov.br\/noticias\/wp-content\/uploads\/sites\/32\/2026\/04\/whatsapp-image-2026-04-24-at-14-34-52-768x576.jpeg 768w\" sizes=\"auto, (max-width: 963px) 100vw, 963px\" \/><\/figure>\n<\/div>\n<\/div>\n\n\n\n<p>Os interessados devem se inscrever at\u00e9 o dia 6 de maio, por meio do <a href=\"https:\/\/docs.google.com\/forms\/d\/e\/1FAIpQLSdHjP9J8nVwAgEvRKBJTfO03NNPvo9JNGDHvQttr9yR09oRjg\/viewform\">formul\u00e1rio on-line<\/a>.<\/p>\n\n\n\n<p>A confirma\u00e7\u00e3o dos selecionados ser\u00e1 enviada por e-mail at\u00e9 o dia 8 de maio. D\u00favidas podem ser encaminhadas para urbanismo@jundiai.sp.gov.br.<\/p>\n\n\n\n<p><strong>Servi\u00e7o<\/strong><br>Curso de Hortas Urbanas<br>Data: 13, 20 e 27 de maio (quartas-feiras)<br>Hor\u00e1rio: das 8h \u00e0s 13h<br>Local: UNIDAM \u2013 Rua Ernesto Gon\u00e7alves Rosa Junior, 150, Jardim Florestal<br>Inscri\u00e7\u00f5es: at\u00e9 6 de maio (link no texto)<\/p>\n\n\n\n<p><strong>Assessoria de Imprensa<br>Fotos: Arquivo PMJ<\/strong><\/p>\n","protected":false},"excerpt":{"rendered":"<p>Moradores interessados em cultivo sustent\u00e1vel e no uso de \u00e1reas p\u00fablicas para produ\u00e7\u00e3o de alimentos j\u00e1 podem se inscrever em um novo curso de hortas urbanas, oferecido pela Secretaria Municipal de Planejamento Urbano e Meio Ambiente (SMPUMA). A forma\u00e7\u00e3o \u00e9 gratuita e faz parte das a\u00e7\u00f5es do munic\u00edpio para incentivar a agricultura urbana e o [&hellip;]<\/p>\n","protected":false},"author":124,"featured_media":378616,"comment_status":"closed","ping_status":"0","sticky":false,"template":"","format":"standard","meta":{"footnotes":""},"categories":[2],"tags":[6495,5754,742],"ods":[],"class_list":["post-378588","post","type-post","status-publish","format-standard","has-post-thumbnail","hentry","category-noticias","tag-hortas-urbanas","tag-secretaria-municipal-de-planejamento-urbano-e-meio-ambiente-smpuma","tag-unidade-de-desenvolvimento-ambiental-unidam"],"_links":{"self":[{"href":"https:\/\/jundiai.sp.gov.br\/noticias\/wp-json\/wp\/v2\/posts\/378588","targetHints":{"allow":["GET"]}}],"collection":[{"href":"https:\/\/jundiai.sp.gov.br\/noticias\/wp-json\/wp\/v2\/posts"}],"about":[{"href":"https:\/\/jundiai.sp.gov.br\/noticias\/wp-json\/wp\/v2\/types\/post"}],"author":[{"embeddable":true,"href":"https:\/\/jundiai.sp.gov.br\/noticias\/wp-json\/wp\/v2\/users\/124"}],"replies":[{"embeddable":true,"href":"https:\/\/jundiai.sp.gov.br\/noticias\/wp-json\/wp\/v2\/comments?post=378588"}],"version-history":[{"count":2,"href":"https:\/\/jundiai.sp.gov.br\/noticias\/wp-json\/wp\/v2\/posts\/378588\/revisions"}],"predecessor-version":[{"id":378642,"href":"https:\/\/jundiai.sp.gov.br\/noticias\/wp-json\/wp\/v2\/posts\/378588\/revisions\/378642"}],"wp:featuredmedia":[{"embeddable":true,"href":"https:\/\/jundiai.sp.gov.br\/noticias\/wp-json\/wp\/v2\/media\/378616"}],"wp:attachment":[{"href":"https:\/\/jundiai.sp.gov.br\/noticias\/wp-json\/wp\/v2\/media?parent=378588"}],"wp:term":[{"taxonomy":"category","embeddable":true,"href":"https:\/\/jundiai.sp.gov.br\/noticias\/wp-json\/wp\/v2\/categories?post=378588"},{"taxonomy":"post_tag","embeddable":true,"href":"https:\/\/jundiai.sp.gov.br\/noticias\/wp-json\/wp\/v2\/tags?post=378588"},{"taxonomy":"ods","embeddable":true,"href":"https:\/\/jundiai.sp.gov.br\/noticias\/wp-json\/wp\/v2\/ods?post=378588"}],"curies":[{"name":"wp","href":"https:\/\/api.w.org\/{rel}","templated":true}]}}