{"id":378595,"date":"2026-04-27T10:30:00","date_gmt":"2026-04-27T13:30:00","guid":{"rendered":"https:\/\/jundiai.sp.gov.br\/noticias\/?p=378595"},"modified":"2026-04-27T10:24:08","modified_gmt":"2026-04-27T13:24:08","slug":"prefeitura-de-jundiai-garante-transporte-gratuito-ao-parque-do-corrupira-no-dia-do-trabalhador","status":"publish","type":"post","link":"https:\/\/jundiai.sp.gov.br\/noticias\/2026\/04\/27\/prefeitura-de-jundiai-garante-transporte-gratuito-ao-parque-do-corrupira-no-dia-do-trabalhador\/","title":{"rendered":"Prefeitura de Jundia\u00ed garante transporte gratuito ao Parque do Corrupira no Dia do Trabalhador"},"content":{"rendered":"\n<p>A Prefeitura de Jundia\u00ed, atrav\u00e9s da Secretaria Municipal de Mobilidade e Transporte (SMMT), colocar\u00e1 em opera\u00e7\u00e3o na pr\u00f3xima sexta-feira (01), feriado do Dia do Trabalho, a linha especial 311. Ela \u00e9 gratuita e ligar\u00e1 o Pa\u00e7o Municipal ao Parque Corrupira (passando pelo Terminal CECAP) das 7h45 \u00e0s 17h45, com \u00f4nibus indo e voltando a cada 30 minutos.<\/p>\n\n\n\n<figure class=\"wp-block-image size-large\"><img loading=\"lazy\" decoding=\"async\" width=\"1280\" height=\"720\" src=\"https:\/\/jundiai.sp.gov.br\/noticias\/wp-content\/uploads\/sites\/32\/2026\/04\/linha-311_02-1280x720.jpeg\" alt=\"\" class=\"wp-image-378597\" srcset=\"https:\/\/jundiai.sp.gov.br\/noticias\/wp-content\/uploads\/sites\/32\/2026\/04\/linha-311_02-1280x720.jpeg 1280w, https:\/\/jundiai.sp.gov.br\/noticias\/wp-content\/uploads\/sites\/32\/2026\/04\/linha-311_02-300x169.jpeg 300w, https:\/\/jundiai.sp.gov.br\/noticias\/wp-content\/uploads\/sites\/32\/2026\/04\/linha-311_02-768x432.jpeg 768w, https:\/\/jundiai.sp.gov.br\/noticias\/wp-content\/uploads\/sites\/32\/2026\/04\/linha-311_02-1536x864.jpeg 1536w, https:\/\/jundiai.sp.gov.br\/noticias\/wp-content\/uploads\/sites\/32\/2026\/04\/linha-311_02.jpeg 1900w\" sizes=\"auto, (max-width: 1280px) 100vw, 1280px\" \/><figcaption class=\"wp-element-caption\">Mun\u00edcipes poder\u00e3o utilizar a linha 311, gratuitamente, das 7h45 \u00e0s 17h45 do dia 1\u00ba de maio<\/figcaption><\/figure>\n\n\n\n<p>O principal objetivo da linha 311 \u00e9 dar op\u00e7\u00e3o dos mun\u00edcipes para se deslocarem ao Corrupira e participarem das comemora\u00e7\u00f5es do Dia do Trabalhador. A Prefeitura, por meio da integra\u00e7\u00e3o de diversas secretarias, preparou atividades gratuitas ao longo de todo o dia, com op\u00e7\u00f5es para todas as idades, promovendo conviv\u00eancia, bem-estar e momentos em fam\u00edlia em um dos locais mais tradicionais e queridos pelos jundiaienses.<\/p>\n\n\n\n<p>Segundo o diretor do Departamento de Transporte P\u00fablico da SMMT, Bruno Palhari, com a linha especial e gratuita em opera\u00e7\u00e3o os mun\u00edcipes n\u00e3o precisar\u00e3o se deslocar ao parque de carro. \u201cQuem fizer a op\u00e7\u00e3o pela linha 311 n\u00e3o ter\u00e1 que se preocupar em achar vaga para estacionar seu ve\u00edculo no Corrupira. Os cidad\u00e3os poder\u00e3o, por exemplo, deixar seu carro no Pa\u00e7o e se deslocar ao parque com mais comodidade\u201d, afirmou Bruno.<\/p>\n\n\n\n<p>A SMMT vem disponibilizando linhas especiais durante datas e eventos importantes da cidade, como o Natal Luz (em dezembro) e a Festa da Uva (em janeiro e fevereiro), com boa aceita\u00e7\u00e3o por parte da popula\u00e7\u00e3o. \u201cQueremos contribuir para que os jundiaienses e visitantes possam curtir os eventos do Dia do Trabalhador se deslocando gratuitamente com mais tranquilidade e rapidez\u201d, finalizou a secret\u00e1ria de Mobilidade e Transporte de Jundia\u00ed, Ana Paula de Almeida.<\/p>\n\n\n\n<p>Clique <a href=\"https:\/\/jundiai.sp.gov.br\/noticias\/2026\/04\/17\/apos-um-ano-da-reabertura-corrupira-celebra-o-dia-do-trabalhador-com-programacao-especial\/\" data-type=\"link\" data-id=\"https:\/\/jundiai.sp.gov.br\/noticias\/2026\/04\/17\/apos-um-ano-da-reabertura-corrupira-celebra-o-dia-do-trabalhador-com-programacao-especial\/\" target=\"_blank\" rel=\"noreferrer noopener\">aqui<\/a> para saber mais sobre as comemora\u00e7\u00f5es do Dia do Trabalhador em Jundia\u00ed.<\/p>\n\n\n\n<p><strong>Assessoria de Imprensa<\/strong><br><strong>Foto: Divulga\u00e7\u00e3o SMMT<\/strong><\/p>\n\n\n\n<p><\/p>\n","protected":false},"excerpt":{"rendered":"<p>A Prefeitura de Jundia\u00ed, atrav\u00e9s da Secretaria Municipal de Mobilidade e Transporte (SMMT), colocar\u00e1 em opera\u00e7\u00e3o na pr\u00f3xima sexta-feira (01), feriado do Dia do Trabalho, a linha especial 311. Ela \u00e9 gratuita e ligar\u00e1 o Pa\u00e7o Municipal ao Parque Corrupira (passando pelo Terminal CECAP) das 7h45 \u00e0s 17h45, com \u00f4nibus indo e voltando a cada [&hellip;]<\/p>\n","protected":false},"author":54,"featured_media":378599,"comment_status":"closed","ping_status":"closed","sticky":false,"template":"","format":"standard","meta":{"footnotes":""},"categories":[4620,2],"tags":[982,5001,5936,5778],"ods":[],"class_list":["post-378595","post","type-post","status-publish","format-standard","has-post-thumbnail","hentry","category-destaques","category-noticias","tag-mobilidade-e-transporte","tag-parque-corrupira","tag-secretaria-municipal-de-mobilidade-e-transporte-smmt","tag-smmt"],"_links":{"self":[{"href":"https:\/\/jundiai.sp.gov.br\/noticias\/wp-json\/wp\/v2\/posts\/378595","targetHints":{"allow":["GET"]}}],"collection":[{"href":"https:\/\/jundiai.sp.gov.br\/noticias\/wp-json\/wp\/v2\/posts"}],"about":[{"href":"https:\/\/jundiai.sp.gov.br\/noticias\/wp-json\/wp\/v2\/types\/post"}],"author":[{"embeddable":true,"href":"https:\/\/jundiai.sp.gov.br\/noticias\/wp-json\/wp\/v2\/users\/54"}],"replies":[{"embeddable":true,"href":"https:\/\/jundiai.sp.gov.br\/noticias\/wp-json\/wp\/v2\/comments?post=378595"}],"version-history":[{"count":5,"href":"https:\/\/jundiai.sp.gov.br\/noticias\/wp-json\/wp\/v2\/posts\/378595\/revisions"}],"predecessor-version":[{"id":378648,"href":"https:\/\/jundiai.sp.gov.br\/noticias\/wp-json\/wp\/v2\/posts\/378595\/revisions\/378648"}],"wp:featuredmedia":[{"embeddable":true,"href":"https:\/\/jundiai.sp.gov.br\/noticias\/wp-json\/wp\/v2\/media\/378599"}],"wp:attachment":[{"href":"https:\/\/jundiai.sp.gov.br\/noticias\/wp-json\/wp\/v2\/media?parent=378595"}],"wp:term":[{"taxonomy":"category","embeddable":true,"href":"https:\/\/jundiai.sp.gov.br\/noticias\/wp-json\/wp\/v2\/categories?post=378595"},{"taxonomy":"post_tag","embeddable":true,"href":"https:\/\/jundiai.sp.gov.br\/noticias\/wp-json\/wp\/v2\/tags?post=378595"},{"taxonomy":"ods","embeddable":true,"href":"https:\/\/jundiai.sp.gov.br\/noticias\/wp-json\/wp\/v2\/ods?post=378595"}],"curies":[{"name":"wp","href":"https:\/\/api.w.org\/{rel}","templated":true}]}}