{"id":378602,"date":"2026-04-28T09:00:00","date_gmt":"2026-04-28T12:00:00","guid":{"rendered":"https:\/\/jundiai.sp.gov.br\/noticias\/?p=378602"},"modified":"2026-04-24T17:43:28","modified_gmt":"2026-04-24T20:43:28","slug":"dia-do-trabalhador-tera-entrada-solidaria-no-parque-do-corrupira","status":"publish","type":"post","link":"https:\/\/jundiai.sp.gov.br\/noticias\/2026\/04\/28\/dia-do-trabalhador-tera-entrada-solidaria-no-parque-do-corrupira\/","title":{"rendered":"Dia do Trabalhador ter\u00e1 entrada solid\u00e1ria no Parque do Corrupira"},"content":{"rendered":"\n<p>A solidariedade tamb\u00e9m ser\u00e1 protagonista na Festa do Dia do Trabalhador, promovida pela Prefeitura de Jundia\u00ed no dia 1\u00ba de maio, no Parque do Corrupira. Quem participar do evento poder\u00e1 contribuir com o Fundo Social de Solidariedade de Jundia\u00ed por meio da doa\u00e7\u00e3o de 1 kg de alimento n\u00e3o perec\u00edvel na entrada do parque, refor\u00e7ando o esp\u00edrito de cuidado com o pr\u00f3ximo. <\/p>\n\n\n\n<p>Com in\u00edcio \u00e0s 8h, a Festa do Dia do Trabalhador vai reunir lazer, cultura, servi\u00e7os e entretenimento ao longo de todo o dia, com uma programa\u00e7\u00e3o diversificada e pensada para toda a fam\u00edlia.<\/p>\n\n\n\n<figure class=\"wp-block-image size-large\"><img loading=\"lazy\" decoding=\"async\" width=\"1280\" height=\"956\" src=\"https:\/\/jundiai.sp.gov.br\/noticias\/wp-content\/uploads\/sites\/32\/2026\/04\/doacao-corrupira-2-1280x956.jpg\" alt=\"\" class=\"wp-image-378695\" srcset=\"https:\/\/jundiai.sp.gov.br\/noticias\/wp-content\/uploads\/sites\/32\/2026\/04\/doacao-corrupira-2-1280x956.jpg 1280w, https:\/\/jundiai.sp.gov.br\/noticias\/wp-content\/uploads\/sites\/32\/2026\/04\/doacao-corrupira-2-300x224.jpg 300w, https:\/\/jundiai.sp.gov.br\/noticias\/wp-content\/uploads\/sites\/32\/2026\/04\/doacao-corrupira-2-768x573.jpg 768w, https:\/\/jundiai.sp.gov.br\/noticias\/wp-content\/uploads\/sites\/32\/2026\/04\/doacao-corrupira-2-1536x1147.jpg 1536w, https:\/\/jundiai.sp.gov.br\/noticias\/wp-content\/uploads\/sites\/32\/2026\/04\/doacao-corrupira-2-2048x1529.jpg 2048w\" sizes=\"auto, (max-width: 1280px) 100vw, 1280px\" \/><figcaption class=\"wp-element-caption\">A programa\u00e7\u00e3o prev\u00ea divers\u00e3o para toda a fam\u00edlia <\/figcaption><\/figure>\n\n\n\n<p>Os mantimentos arrecadados passam por um processo de triagem e s\u00e3o destinados \u00e0 montagem de cestas b\u00e1sicas, que atendem fam\u00edlias vinculadas a mais de 100 entidades cadastradas no Fundo Social. Um gesto simples, mas com grande impacto na vida de quem mais precisa.<\/p>\n\n\n\n<p>Para garantir a qualidade das doa\u00e7\u00f5es, \u00e9 fundamental que os alimentos estejam dentro do prazo de validade e em condi\u00e7\u00f5es adequadas para consumo. \u201cA doa\u00e7\u00e3o consciente \u00e9 essencial para que possamos atender com dignidade as fam\u00edlias assistidas\u201d, destaca a diretora do Fundo Social, C\u00e1ssia Carpi.<\/p>\n\n\n\n<p>Ap\u00f3s um ano de sua reabertura, o Parque do Corrupira, localizado na Avenida Nicola Accieri, 1900, se consolidou como um dos principais espa\u00e7os para eventos e atividades ao ar livre em Jundia\u00ed, resgatando uma tradi\u00e7\u00e3o entre os moradores da cidade.<\/p>\n\n\n\n<p><strong>Assessoria de Imprensa<br>Fotos: Arquivo PMJ<\/strong><\/p>\n","protected":false},"excerpt":{"rendered":"<p>A solidariedade tamb\u00e9m ser\u00e1 protagonista na Festa do Dia do Trabalhador, promovida pela Prefeitura de Jundia\u00ed no dia 1\u00ba de maio, no Parque do Corrupira. Quem participar do evento poder\u00e1 contribuir com o Fundo Social de Solidariedade de Jundia\u00ed por meio da doa\u00e7\u00e3o de 1 kg de alimento n\u00e3o perec\u00edvel na entrada do parque, refor\u00e7ando [&hellip;]<\/p>\n","protected":false},"author":134,"featured_media":378695,"comment_status":"closed","ping_status":"closed","sticky":false,"template":"","format":"standard","meta":{"footnotes":""},"categories":[4620,2],"tags":[5007,416,5001,5147],"ods":[],"class_list":["post-378602","post","type-post","status-publish","format-standard","has-post-thumbnail","hentry","category-destaques","category-noticias","tag-dia-do-trabalhador","tag-fundo-social-de-solidariedade-funss","tag-parque-corrupira","tag-solidariedade"],"_links":{"self":[{"href":"https:\/\/jundiai.sp.gov.br\/noticias\/wp-json\/wp\/v2\/posts\/378602","targetHints":{"allow":["GET"]}}],"collection":[{"href":"https:\/\/jundiai.sp.gov.br\/noticias\/wp-json\/wp\/v2\/posts"}],"about":[{"href":"https:\/\/jundiai.sp.gov.br\/noticias\/wp-json\/wp\/v2\/types\/post"}],"author":[{"embeddable":true,"href":"https:\/\/jundiai.sp.gov.br\/noticias\/wp-json\/wp\/v2\/users\/134"}],"replies":[{"embeddable":true,"href":"https:\/\/jundiai.sp.gov.br\/noticias\/wp-json\/wp\/v2\/comments?post=378602"}],"version-history":[{"count":3,"href":"https:\/\/jundiai.sp.gov.br\/noticias\/wp-json\/wp\/v2\/posts\/378602\/revisions"}],"predecessor-version":[{"id":378696,"href":"https:\/\/jundiai.sp.gov.br\/noticias\/wp-json\/wp\/v2\/posts\/378602\/revisions\/378696"}],"wp:featuredmedia":[{"embeddable":true,"href":"https:\/\/jundiai.sp.gov.br\/noticias\/wp-json\/wp\/v2\/media\/378695"}],"wp:attachment":[{"href":"https:\/\/jundiai.sp.gov.br\/noticias\/wp-json\/wp\/v2\/media?parent=378602"}],"wp:term":[{"taxonomy":"category","embeddable":true,"href":"https:\/\/jundiai.sp.gov.br\/noticias\/wp-json\/wp\/v2\/categories?post=378602"},{"taxonomy":"post_tag","embeddable":true,"href":"https:\/\/jundiai.sp.gov.br\/noticias\/wp-json\/wp\/v2\/tags?post=378602"},{"taxonomy":"ods","embeddable":true,"href":"https:\/\/jundiai.sp.gov.br\/noticias\/wp-json\/wp\/v2\/ods?post=378602"}],"curies":[{"name":"wp","href":"https:\/\/api.w.org\/{rel}","templated":true}]}}