{"id":378622,"date":"2026-04-27T17:30:00","date_gmt":"2026-04-27T20:30:00","guid":{"rendered":"https:\/\/jundiai.sp.gov.br\/noticias\/?p=378622"},"modified":"2026-04-27T16:00:48","modified_gmt":"2026-04-27T19:00:48","slug":"dia-do-trabalhador-tambem-sera-de-multivacinacao-no-parque-do-corrupira","status":"publish","type":"post","link":"https:\/\/jundiai.sp.gov.br\/noticias\/2026\/04\/27\/dia-do-trabalhador-tambem-sera-de-multivacinacao-no-parque-do-corrupira\/","title":{"rendered":"Dia do Trabalhador tamb\u00e9m ser\u00e1 de multivacina\u00e7\u00e3o no Parque do Corrupira"},"content":{"rendered":"\n<p>Quem for curtir o Dia do Trabalhador no Parque do Corrupira, em Jundia\u00ed, tamb\u00e9m poder\u00e1 aproveitar para atualizar a carteira de vacina\u00e7\u00e3o. Durante o evento, no dia 1\u00ba de maio, das 9h \u00e0s 16h, haver\u00e1 um espa\u00e7o destinado \u00e0 imuniza\u00e7\u00e3o da popula\u00e7\u00e3o.<\/p>\n\n\n\n<figure class=\"wp-block-image size-large\"><img loading=\"lazy\" decoding=\"async\" width=\"1280\" height=\"854\" src=\"https:\/\/jundiai.sp.gov.br\/noticias\/wp-content\/uploads\/sites\/32\/2026\/04\/vacinacao_idosos_clinica_da_familia_v-37-1-1280x854.jpg\" alt=\"\" class=\"wp-image-378631\" srcset=\"https:\/\/jundiai.sp.gov.br\/noticias\/wp-content\/uploads\/sites\/32\/2026\/04\/vacinacao_idosos_clinica_da_familia_v-37-1-1280x854.jpg 1280w, https:\/\/jundiai.sp.gov.br\/noticias\/wp-content\/uploads\/sites\/32\/2026\/04\/vacinacao_idosos_clinica_da_familia_v-37-1-300x200.jpg 300w, https:\/\/jundiai.sp.gov.br\/noticias\/wp-content\/uploads\/sites\/32\/2026\/04\/vacinacao_idosos_clinica_da_familia_v-37-1-768x512.jpg 768w, https:\/\/jundiai.sp.gov.br\/noticias\/wp-content\/uploads\/sites\/32\/2026\/04\/vacinacao_idosos_clinica_da_familia_v-37-1-1536x1024.jpg 1536w, https:\/\/jundiai.sp.gov.br\/noticias\/wp-content\/uploads\/sites\/32\/2026\/04\/vacinacao_idosos_clinica_da_familia_v-37-1-450x300.jpg 450w, https:\/\/jundiai.sp.gov.br\/noticias\/wp-content\/uploads\/sites\/32\/2026\/04\/vacinacao_idosos_clinica_da_familia_v-37-1.jpg 1900w\" sizes=\"auto, (max-width: 1280px) 100vw, 1280px\" \/><figcaption class=\"wp-element-caption\">Durante o evento, haver\u00e1 multivacina\u00e7\u00e3o, das 9h \u00e0s 16h<\/figcaption><\/figure>\n\n\n\n<p>O dia ser\u00e1 de multivacina\u00e7\u00e3o, com imunizantes como o da gripe (influenza), destinado aos p\u00fablicos priorit\u00e1rios definidos pelo Minist\u00e9rio da Sa\u00fade, como crian\u00e7as de 6 meses a menores de 6 anos, idosos a partir de 60 anos, gestantes e pu\u00e9rperas, al\u00e9m de trabalhadores da sa\u00fade, profissionais da educa\u00e7\u00e3o, pessoas com defici\u00eancia permanente, pessoas com doen\u00e7as cr\u00f4nicas, trabalhadores dos Correios, caminhoneiros, trabalhadores do transporte coletivo e profissionais das for\u00e7as de seguran\u00e7a.<\/p>\n\n\n\n<p>HPV &#8211; 9 a 19 anos<br>SCR &#8211; a partir dos 9 meses<br>FA &#8211; a partir dos 9 meses<br>dT &#8211; adolescentes e adultos<br>Hepatite &#8211; adolescentes e adultos<br>Influenza &#8211; grupo priorit\u00e1rios<br>ACWY &#8211; 11 a 14 anos<\/p>\n\n\n\n<p>Tamb\u00e9m estar\u00e3o dispon\u00edveis outras vacinas do calend\u00e1rio nacional. Poder\u00e3o ser aplicadas doses de HPV (9 a 19 anos), meningoc\u00f3cica ACWY (11 a 14 anos), difteria e t\u00e9tano (adolescentes a partir de 12 anos e adultos), hepatite B (adolescentes a partir de 12 anos e adultos), sarampo, caxumba e rub\u00e9ola (a partir de 9 meses) e febre amarela (a partir de 9 meses), conforme crit\u00e9rios do Minist\u00e9rio da Sa\u00fade e a situa\u00e7\u00e3o vacinal de cada pessoa.<\/p>\n\n\n\n<p>Para se vacinar, \u00e9 necess\u00e1rio apresentar documento com CPF e, se poss\u00edvel, a carteira de vacina\u00e7\u00e3o. No caso de crian\u00e7as, \u00e9 obrigat\u00f3ria a apresenta\u00e7\u00e3o da caderneta. Pessoas com comorbidades ou pertencentes a grupos espec\u00edficos devem levar comprovantes da condi\u00e7\u00e3o.<\/p>\n\n\n\n<p>Al\u00e9m da vacina\u00e7\u00e3o, o evento contar\u00e1 com diversas atra\u00e7\u00f5es ao longo do dia, incluindo feira livre, pra\u00e7a de alimenta\u00e7\u00e3o com food trucks, exposi\u00e7\u00e3o e venda de artesanato, al\u00e9m de atividades de lazer voltadas para toda a fam\u00edlia.<\/p>\n\n\n\n<p><strong>Assessoria de Imprensa<br>Fotos: Arquivo PMJ<\/strong><\/p>\n","protected":false},"excerpt":{"rendered":"<p>Quem for curtir o Dia do Trabalhador no Parque do Corrupira, em Jundia\u00ed, tamb\u00e9m poder\u00e1 aproveitar para atualizar a carteira de vacina\u00e7\u00e3o. Durante o evento, no dia 1\u00ba de maio, das 9h \u00e0s 16h, haver\u00e1 um espa\u00e7o destinado \u00e0 imuniza\u00e7\u00e3o da popula\u00e7\u00e3o. O dia ser\u00e1 de multivacina\u00e7\u00e3o, com imunizantes como o da gripe (influenza), destinado [&hellip;]<\/p>\n","protected":false},"author":133,"featured_media":378630,"comment_status":"closed","ping_status":"closed","sticky":false,"template":"","format":"standard","meta":{"footnotes":""},"categories":[2],"tags":[3129,981],"ods":[],"class_list":["post-378622","post","type-post","status-publish","format-standard","has-post-thumbnail","hentry","category-noticias","tag-multivacinacao","tag-promocao-da-saude"],"_links":{"self":[{"href":"https:\/\/jundiai.sp.gov.br\/noticias\/wp-json\/wp\/v2\/posts\/378622","targetHints":{"allow":["GET"]}}],"collection":[{"href":"https:\/\/jundiai.sp.gov.br\/noticias\/wp-json\/wp\/v2\/posts"}],"about":[{"href":"https:\/\/jundiai.sp.gov.br\/noticias\/wp-json\/wp\/v2\/types\/post"}],"author":[{"embeddable":true,"href":"https:\/\/jundiai.sp.gov.br\/noticias\/wp-json\/wp\/v2\/users\/133"}],"replies":[{"embeddable":true,"href":"https:\/\/jundiai.sp.gov.br\/noticias\/wp-json\/wp\/v2\/comments?post=378622"}],"version-history":[{"count":3,"href":"https:\/\/jundiai.sp.gov.br\/noticias\/wp-json\/wp\/v2\/posts\/378622\/revisions"}],"predecessor-version":[{"id":378761,"href":"https:\/\/jundiai.sp.gov.br\/noticias\/wp-json\/wp\/v2\/posts\/378622\/revisions\/378761"}],"wp:featuredmedia":[{"embeddable":true,"href":"https:\/\/jundiai.sp.gov.br\/noticias\/wp-json\/wp\/v2\/media\/378630"}],"wp:attachment":[{"href":"https:\/\/jundiai.sp.gov.br\/noticias\/wp-json\/wp\/v2\/media?parent=378622"}],"wp:term":[{"taxonomy":"category","embeddable":true,"href":"https:\/\/jundiai.sp.gov.br\/noticias\/wp-json\/wp\/v2\/categories?post=378622"},{"taxonomy":"post_tag","embeddable":true,"href":"https:\/\/jundiai.sp.gov.br\/noticias\/wp-json\/wp\/v2\/tags?post=378622"},{"taxonomy":"ods","embeddable":true,"href":"https:\/\/jundiai.sp.gov.br\/noticias\/wp-json\/wp\/v2\/ods?post=378622"}],"curies":[{"name":"wp","href":"https:\/\/api.w.org\/{rel}","templated":true}]}}