{"id":378634,"date":"2026-05-01T10:16:30","date_gmt":"2026-05-01T13:16:30","guid":{"rendered":"https:\/\/jundiai.sp.gov.br\/noticias\/?p=378634"},"modified":"2026-04-29T13:30:23","modified_gmt":"2026-04-29T16:30:23","slug":"4o-premio-jundiai-de-literatura-abre-inscricoes-e-premia-escritores-de-todo-o-pais","status":"publish","type":"post","link":"https:\/\/jundiai.sp.gov.br\/noticias\/2026\/05\/01\/4o-premio-jundiai-de-literatura-abre-inscricoes-e-premia-escritores-de-todo-o-pais\/","title":{"rendered":"4\u00ba Pr\u00eamio Jundia\u00ed de Literatura abre inscri\u00e7\u00f5es e premia escritores de todo o pa\u00eds"},"content":{"rendered":"\n<p>Com objetivo de fomentar a literatura e valorizar os escritores de Jundia\u00ed e de todo pa\u00eds, a Prefeitura de Jundia\u00ed, por meio da Secretaria Municipal de Cultura (SMCULT), em parceria com a Biblioteca P\u00fablica Municipal Professor Nelson Foot, lan\u00e7ou o edital \u201c4\u00ba Pr\u00eamio Jundia\u00ed de Literatura \u2013 Eixo Publica\u00e7\u00e3o de Textos\u201d, voltado \u00e0 sele\u00e7\u00e3o e premia\u00e7\u00e3o de obras autorais. <\/p>\n\n\n\n<p>As inscri\u00e7\u00f5es s\u00e3o gratuitas e seguem abertas at\u00e9 o dia 5 de junho de 2026, e todas as informa\u00e7\u00f5es, assim como o acesso ao formul\u00e1rio de inscri\u00e7\u00e3o, est\u00e3o dispon\u00edveis no site da <a href=\"https:\/\/cultura.jundiai.sp.gov.br\/editais-e-regulamentos\/\">Cultura<\/a>.<\/p>\n\n\n\n<figure class=\"wp-block-image size-full\"><img loading=\"lazy\" decoding=\"async\" width=\"1067\" height=\"800\" src=\"https:\/\/jundiai.sp.gov.br\/noticias\/wp-content\/uploads\/sites\/32\/2026\/04\/biblioteca-municipal-dia-do-livro-autores-jundiaienses-_ws-13-1200x800-2.jpg\" alt=\"\" class=\"wp-image-378643\" srcset=\"https:\/\/jundiai.sp.gov.br\/noticias\/wp-content\/uploads\/sites\/32\/2026\/04\/biblioteca-municipal-dia-do-livro-autores-jundiaienses-_ws-13-1200x800-2.jpg 1067w, https:\/\/jundiai.sp.gov.br\/noticias\/wp-content\/uploads\/sites\/32\/2026\/04\/biblioteca-municipal-dia-do-livro-autores-jundiaienses-_ws-13-1200x800-2-300x225.jpg 300w, https:\/\/jundiai.sp.gov.br\/noticias\/wp-content\/uploads\/sites\/32\/2026\/04\/biblioteca-municipal-dia-do-livro-autores-jundiaienses-_ws-13-1200x800-2-768x576.jpg 768w\" sizes=\"auto, (max-width: 1067px) 100vw, 1067px\" \/><figcaption class=\"wp-element-caption\">Inscri\u00e7\u00f5es abertas para o 4\u00ba Pr\u00eamio Jundia\u00ed de Literatura incentivam escritores de todo o pa\u00eds e valorizam novos talentos<\/figcaption><\/figure>\n\n\n\n<p>O concurso contempla diferentes estilos liter\u00e1rios, distribu\u00eddos em quatro categorias: \u201cTalento Mirim\u201d, com contos de aventura; \u201cJovem Talento\u201d, voltada ao conto de terror; \u201cCategoria Adulto\u201d, com foco em fic\u00e7\u00e3o dist\u00f3pica; e \u201cPrata da Casa\u201d, destinada exclusivamente aos moradores de Jundia\u00ed, no g\u00eanero prosa po\u00e9tica. Os textos devem ser in\u00e9ditos. Ao todo, ser\u00e3o selecionados cinco textos de cada categoria, com pr\u00eamios em dinheiro que variam conforme a coloca\u00e7\u00e3o dos autores, al\u00e9m das obras serem reunidas em um e-book.<\/p>\n\n\n\n<p>Mariana DeMarchi, vencedora em 2025 com o conto \u201cOnde o Trem Come\u00e7a\u201d, na categoria \u201cPrata da Casa\u201d, ressalta a import\u00e2ncia da iniciativa: \u201cEu sempre gostei de escrever, mas a vida me prendeu \u00e0 escrita acad\u00eamica, e o concurso me fez voltar \u00e0 literatura\u201d. A autora tamb\u00e9m destaca: \u201cEssa a\u00e7\u00e3o \u00e9 muito importante para incentivar a leitura, pois conhecemos mais escritores e tipos de escrita\u201d. Com esse incentivo, o concurso se consolida como uma iniciativa de valoriza\u00e7\u00e3o da produ\u00e7\u00e3o liter\u00e1ria e de fortalecimento da cultura no munic\u00edpio e no pa\u00eds.<\/p>\n\n\n\n<figure class=\"wp-block-image size-full\"><img loading=\"lazy\" decoding=\"async\" width=\"851\" height=\"638\" src=\"https:\/\/jundiai.sp.gov.br\/noticias\/wp-content\/uploads\/sites\/32\/2026\/04\/mariana-demarchi2.jpeg\" alt=\"\" class=\"wp-image-378644\" srcset=\"https:\/\/jundiai.sp.gov.br\/noticias\/wp-content\/uploads\/sites\/32\/2026\/04\/mariana-demarchi2.jpeg 851w, https:\/\/jundiai.sp.gov.br\/noticias\/wp-content\/uploads\/sites\/32\/2026\/04\/mariana-demarchi2-300x225.jpeg 300w, https:\/\/jundiai.sp.gov.br\/noticias\/wp-content\/uploads\/sites\/32\/2026\/04\/mariana-demarchi2-768x576.jpeg 768w\" sizes=\"auto, (max-width: 851px) 100vw, 851px\" \/><figcaption class=\"wp-element-caption\">Mariana DeMarchi, vencedora da edi\u00e7\u00e3o de 2025, destaca a import\u00e2ncia do concurso para incentivar a escrita e a leitura<\/figcaption><\/figure>\n\n\n\n<p><strong>Assessoria de Imprensa<br>Foto: Divulga\u00e7\u00e3o<\/strong><\/p>\n\n\n\n<p><\/p>\n","protected":false},"excerpt":{"rendered":"<p>Com objetivo de fomentar a literatura e valorizar os escritores de Jundia\u00ed e de todo pa\u00eds, a Prefeitura de Jundia\u00ed, por meio da Secretaria Municipal de Cultura (SMCULT), em parceria com a Biblioteca P\u00fablica Municipal Professor Nelson Foot, lan\u00e7ou o edital \u201c4\u00ba Pr\u00eamio Jundia\u00ed de Literatura \u2013 Eixo Publica\u00e7\u00e3o de Textos\u201d, voltado \u00e0 sele\u00e7\u00e3o e [&hellip;]<\/p>\n","protected":false},"author":124,"featured_media":378635,"comment_status":"closed","ping_status":"closed","sticky":false,"template":"","format":"standard","meta":{"footnotes":""},"categories":[2],"tags":[6498,6499,29,3301,5846],"ods":[],"class_list":["post-378634","post","type-post","status-publish","format-standard","has-post-thumbnail","hentry","category-noticias","tag-4o-premio-jundiai-de-literatura","tag-biblioteca-publica-municipal-professor-nelson-foot","tag-cultura","tag-literatura","tag-secretaria-municipal-de-cultura-smcult"],"_links":{"self":[{"href":"https:\/\/jundiai.sp.gov.br\/noticias\/wp-json\/wp\/v2\/posts\/378634","targetHints":{"allow":["GET"]}}],"collection":[{"href":"https:\/\/jundiai.sp.gov.br\/noticias\/wp-json\/wp\/v2\/posts"}],"about":[{"href":"https:\/\/jundiai.sp.gov.br\/noticias\/wp-json\/wp\/v2\/types\/post"}],"author":[{"embeddable":true,"href":"https:\/\/jundiai.sp.gov.br\/noticias\/wp-json\/wp\/v2\/users\/124"}],"replies":[{"embeddable":true,"href":"https:\/\/jundiai.sp.gov.br\/noticias\/wp-json\/wp\/v2\/comments?post=378634"}],"version-history":[{"count":2,"href":"https:\/\/jundiai.sp.gov.br\/noticias\/wp-json\/wp\/v2\/posts\/378634\/revisions"}],"predecessor-version":[{"id":378647,"href":"https:\/\/jundiai.sp.gov.br\/noticias\/wp-json\/wp\/v2\/posts\/378634\/revisions\/378647"}],"wp:featuredmedia":[{"embeddable":true,"href":"https:\/\/jundiai.sp.gov.br\/noticias\/wp-json\/wp\/v2\/media\/378635"}],"wp:attachment":[{"href":"https:\/\/jundiai.sp.gov.br\/noticias\/wp-json\/wp\/v2\/media?parent=378634"}],"wp:term":[{"taxonomy":"category","embeddable":true,"href":"https:\/\/jundiai.sp.gov.br\/noticias\/wp-json\/wp\/v2\/categories?post=378634"},{"taxonomy":"post_tag","embeddable":true,"href":"https:\/\/jundiai.sp.gov.br\/noticias\/wp-json\/wp\/v2\/tags?post=378634"},{"taxonomy":"ods","embeddable":true,"href":"https:\/\/jundiai.sp.gov.br\/noticias\/wp-json\/wp\/v2\/ods?post=378634"}],"curies":[{"name":"wp","href":"https:\/\/api.w.org\/{rel}","templated":true}]}}