{"id":378652,"date":"2026-04-28T14:00:00","date_gmt":"2026-04-28T17:00:00","guid":{"rendered":"https:\/\/jundiai.sp.gov.br\/noticias\/?p=378652"},"modified":"2026-04-28T11:19:54","modified_gmt":"2026-04-28T14:19:54","slug":"com-melhorias-praca-na-vila-sao-paulo-ganha-novo-visual-e-valoriza-a-convivencia","status":"publish","type":"post","link":"https:\/\/jundiai.sp.gov.br\/noticias\/2026\/04\/28\/com-melhorias-praca-na-vila-sao-paulo-ganha-novo-visual-e-valoriza-a-convivencia\/","title":{"rendered":"Com melhorias, pra\u00e7a na Vila S\u00e3o Paulo ganha novo visual e valoriza a conviv\u00eancia"},"content":{"rendered":"\n<p>A pra\u00e7a Ant\u00f4nio Jos\u00e9 de Carvalho (antiga MMDC), na Vila S\u00e3o Paulo, come\u00e7a a ganhar uma nova cara e refor\u00e7a seu papel como espa\u00e7o de conviv\u00eancia, lazer e pr\u00e1tica esportiva para a comunidade. As melhorias j\u00e1 em andamento trazem impactos diretos no dia a dia dos moradores, com mais conforto, seguran\u00e7a e valoriza\u00e7\u00e3o do bairro.<\/p>\n\n\n\n<p>Entre as interven\u00e7\u00f5es realizadas est\u00e3o a pintura das muretas e da rampa de acessibilidade, ampliando a seguran\u00e7a e a inclus\u00e3o para todos os usu\u00e1rios. O espa\u00e7o tamb\u00e9m come\u00e7ou a receber novas lixeiras, contribuindo para a organiza\u00e7\u00e3o e conserva\u00e7\u00e3o do ambiente. J\u00e1 a quadra esportiva, um dos pontos mais movimentados da pra\u00e7a, passar\u00e1 por melhorias com pintura das laterais, das traves e nova demarca\u00e7\u00e3o, garantindo melhores condi\u00e7\u00f5es para a pr\u00e1tica esportiva.<br><\/p>\n\n\n\n<figure class=\"wp-block-gallery has-nested-images columns-default is-cropped wp-block-gallery-1 is-layout-flex wp-block-gallery-is-layout-flex\">\n<figure class=\"wp-block-image size-large\"><img loading=\"lazy\" decoding=\"async\" width=\"1280\" height=\"854\" data-id=\"378653\" src=\"https:\/\/jundiai.sp.gov.br\/noticias\/wp-content\/uploads\/sites\/32\/2026\/04\/manutencao_praca_mmdc_vila_sao_paulo-12-1280x854.jpg\" alt=\"\" class=\"wp-image-378653\" srcset=\"https:\/\/jundiai.sp.gov.br\/noticias\/wp-content\/uploads\/sites\/32\/2026\/04\/manutencao_praca_mmdc_vila_sao_paulo-12-1280x854.jpg 1280w, https:\/\/jundiai.sp.gov.br\/noticias\/wp-content\/uploads\/sites\/32\/2026\/04\/manutencao_praca_mmdc_vila_sao_paulo-12-300x200.jpg 300w, https:\/\/jundiai.sp.gov.br\/noticias\/wp-content\/uploads\/sites\/32\/2026\/04\/manutencao_praca_mmdc_vila_sao_paulo-12-768x512.jpg 768w, https:\/\/jundiai.sp.gov.br\/noticias\/wp-content\/uploads\/sites\/32\/2026\/04\/manutencao_praca_mmdc_vila_sao_paulo-12-1536x1024.jpg 1536w, https:\/\/jundiai.sp.gov.br\/noticias\/wp-content\/uploads\/sites\/32\/2026\/04\/manutencao_praca_mmdc_vila_sao_paulo-12-450x300.jpg 450w, https:\/\/jundiai.sp.gov.br\/noticias\/wp-content\/uploads\/sites\/32\/2026\/04\/manutencao_praca_mmdc_vila_sao_paulo-12.jpg 1900w\" sizes=\"auto, (max-width: 1280px) 100vw, 1280px\" \/><\/figure>\n\n\n\n<figure class=\"wp-block-image size-large\"><img loading=\"lazy\" decoding=\"async\" width=\"1280\" height=\"854\" data-id=\"378654\" src=\"https:\/\/jundiai.sp.gov.br\/noticias\/wp-content\/uploads\/sites\/32\/2026\/04\/manutencao_praca_mmdc_vila_sao_paulo-2-1280x854.jpg\" alt=\"\" class=\"wp-image-378654\" srcset=\"https:\/\/jundiai.sp.gov.br\/noticias\/wp-content\/uploads\/sites\/32\/2026\/04\/manutencao_praca_mmdc_vila_sao_paulo-2-1280x854.jpg 1280w, https:\/\/jundiai.sp.gov.br\/noticias\/wp-content\/uploads\/sites\/32\/2026\/04\/manutencao_praca_mmdc_vila_sao_paulo-2-300x200.jpg 300w, https:\/\/jundiai.sp.gov.br\/noticias\/wp-content\/uploads\/sites\/32\/2026\/04\/manutencao_praca_mmdc_vila_sao_paulo-2-768x512.jpg 768w, https:\/\/jundiai.sp.gov.br\/noticias\/wp-content\/uploads\/sites\/32\/2026\/04\/manutencao_praca_mmdc_vila_sao_paulo-2-1536x1024.jpg 1536w, https:\/\/jundiai.sp.gov.br\/noticias\/wp-content\/uploads\/sites\/32\/2026\/04\/manutencao_praca_mmdc_vila_sao_paulo-2-450x300.jpg 450w, https:\/\/jundiai.sp.gov.br\/noticias\/wp-content\/uploads\/sites\/32\/2026\/04\/manutencao_praca_mmdc_vila_sao_paulo-2.jpg 1900w\" sizes=\"auto, (max-width: 1280px) 100vw, 1280px\" \/><\/figure>\n<figcaption class=\"blocks-gallery-caption wp-element-caption\">Prefeitura inicia manuten\u00e7\u00e3o da pra\u00e7a Ant\u00f4nio Jos\u00e9 de Carvalho (antiga MMDC)<\/figcaption><\/figure>\n\n\n\n<p><br>Moradora do bairro h\u00e1 37 anos, a personal trainer e professora de dan\u00e7a Cristiane Canova destaca a import\u00e2ncia da preserva\u00e7\u00e3o do espa\u00e7o p\u00fablico. &#8220;Eu utilizo bastante a pra\u00e7a, trago meu cachorro e vejo como \u00e9 importante manter tudo limpo. \u00c9 preciso descartar o lixo corretamente para n\u00e3o machucar os pets e as crian\u00e7as. Preservar \u00e9 cuidar do meio ambiente, da paisagem e garantir mais qualidade de vida para todos&#8221;, comentou.<\/p>\n\n\n\n<figure class=\"wp-block-gallery has-nested-images columns-default is-cropped wp-block-gallery-2 is-layout-flex wp-block-gallery-is-layout-flex\">\n<figure class=\"wp-block-image size-large\"><img loading=\"lazy\" decoding=\"async\" width=\"1280\" height=\"854\" data-id=\"378656\" src=\"https:\/\/jundiai.sp.gov.br\/noticias\/wp-content\/uploads\/sites\/32\/2026\/04\/manutencao_praca_mmdc_vila_sao_paulo-7-1280x854.jpg\" alt=\"\" class=\"wp-image-378656\" srcset=\"https:\/\/jundiai.sp.gov.br\/noticias\/wp-content\/uploads\/sites\/32\/2026\/04\/manutencao_praca_mmdc_vila_sao_paulo-7-1280x854.jpg 1280w, https:\/\/jundiai.sp.gov.br\/noticias\/wp-content\/uploads\/sites\/32\/2026\/04\/manutencao_praca_mmdc_vila_sao_paulo-7-300x200.jpg 300w, https:\/\/jundiai.sp.gov.br\/noticias\/wp-content\/uploads\/sites\/32\/2026\/04\/manutencao_praca_mmdc_vila_sao_paulo-7-768x512.jpg 768w, https:\/\/jundiai.sp.gov.br\/noticias\/wp-content\/uploads\/sites\/32\/2026\/04\/manutencao_praca_mmdc_vila_sao_paulo-7-1536x1024.jpg 1536w, https:\/\/jundiai.sp.gov.br\/noticias\/wp-content\/uploads\/sites\/32\/2026\/04\/manutencao_praca_mmdc_vila_sao_paulo-7-450x300.jpg 450w, https:\/\/jundiai.sp.gov.br\/noticias\/wp-content\/uploads\/sites\/32\/2026\/04\/manutencao_praca_mmdc_vila_sao_paulo-7.jpg 1900w\" sizes=\"auto, (max-width: 1280px) 100vw, 1280px\" \/><figcaption class=\"wp-element-caption\">Cristiane Canova &#8211; personal trainer e professora de dan\u00e7a<\/figcaption><\/figure>\n\n\n\n<figure class=\"wp-block-image size-large\"><img loading=\"lazy\" decoding=\"async\" width=\"1280\" height=\"854\" data-id=\"378657\" src=\"https:\/\/jundiai.sp.gov.br\/noticias\/wp-content\/uploads\/sites\/32\/2026\/04\/manutencao_praca_mmdc_vila_sao_paulo-8-1280x854.jpg\" alt=\"\" class=\"wp-image-378657\" srcset=\"https:\/\/jundiai.sp.gov.br\/noticias\/wp-content\/uploads\/sites\/32\/2026\/04\/manutencao_praca_mmdc_vila_sao_paulo-8-1280x854.jpg 1280w, https:\/\/jundiai.sp.gov.br\/noticias\/wp-content\/uploads\/sites\/32\/2026\/04\/manutencao_praca_mmdc_vila_sao_paulo-8-300x200.jpg 300w, https:\/\/jundiai.sp.gov.br\/noticias\/wp-content\/uploads\/sites\/32\/2026\/04\/manutencao_praca_mmdc_vila_sao_paulo-8-768x512.jpg 768w, https:\/\/jundiai.sp.gov.br\/noticias\/wp-content\/uploads\/sites\/32\/2026\/04\/manutencao_praca_mmdc_vila_sao_paulo-8-1536x1024.jpg 1536w, https:\/\/jundiai.sp.gov.br\/noticias\/wp-content\/uploads\/sites\/32\/2026\/04\/manutencao_praca_mmdc_vila_sao_paulo-8-450x300.jpg 450w, https:\/\/jundiai.sp.gov.br\/noticias\/wp-content\/uploads\/sites\/32\/2026\/04\/manutencao_praca_mmdc_vila_sao_paulo-8.jpg 1900w\" sizes=\"auto, (max-width: 1280px) 100vw, 1280px\" \/><figcaption class=\"wp-element-caption\">Rampa de acessibilidade<\/figcaption><\/figure>\n\n\n\n<figure class=\"wp-block-image size-large\"><img loading=\"lazy\" decoding=\"async\" width=\"1280\" height=\"854\" data-id=\"378658\" src=\"https:\/\/jundiai.sp.gov.br\/noticias\/wp-content\/uploads\/sites\/32\/2026\/04\/manutencao_praca_mmdc_vila_sao_paulo-10-1280x854.jpg\" alt=\"\" class=\"wp-image-378658\" srcset=\"https:\/\/jundiai.sp.gov.br\/noticias\/wp-content\/uploads\/sites\/32\/2026\/04\/manutencao_praca_mmdc_vila_sao_paulo-10-1280x854.jpg 1280w, https:\/\/jundiai.sp.gov.br\/noticias\/wp-content\/uploads\/sites\/32\/2026\/04\/manutencao_praca_mmdc_vila_sao_paulo-10-300x200.jpg 300w, https:\/\/jundiai.sp.gov.br\/noticias\/wp-content\/uploads\/sites\/32\/2026\/04\/manutencao_praca_mmdc_vila_sao_paulo-10-768x512.jpg 768w, https:\/\/jundiai.sp.gov.br\/noticias\/wp-content\/uploads\/sites\/32\/2026\/04\/manutencao_praca_mmdc_vila_sao_paulo-10-1536x1024.jpg 1536w, https:\/\/jundiai.sp.gov.br\/noticias\/wp-content\/uploads\/sites\/32\/2026\/04\/manutencao_praca_mmdc_vila_sao_paulo-10-450x300.jpg 450w, https:\/\/jundiai.sp.gov.br\/noticias\/wp-content\/uploads\/sites\/32\/2026\/04\/manutencao_praca_mmdc_vila_sao_paulo-10.jpg 1900w\" sizes=\"auto, (max-width: 1280px) 100vw, 1280px\" \/><figcaption class=\"wp-element-caption\">Quadra receber\u00e1 melhorias<\/figcaption><\/figure>\n<\/figure>\n\n\n\n<p>As melhorias fazem parte das a\u00e7\u00f5es do programa de manuten\u00e7\u00e3o e conserva\u00e7\u00e3o dos espa\u00e7os p\u00fablicos, realizadas pelas equipes da Secretaria de Infraestrutura e Servi\u00e7os P\u00fablicos (SMISP). O cronograma segue crit\u00e9rios t\u00e9cnicos e tamb\u00e9m atende as demandas do servi\u00e7o 156 da Prefeitura.<\/p>\n\n\n\n<p><strong>Assessoria de Imprensa<br>Fotos: Fot\u00f3grafo PMJ<\/strong><\/p>\n","protected":false},"excerpt":{"rendered":"<p>A pra\u00e7a Ant\u00f4nio Jos\u00e9 de Carvalho (antiga MMDC), na Vila S\u00e3o Paulo, come\u00e7a a ganhar uma nova cara e refor\u00e7a seu papel como espa\u00e7o de conviv\u00eancia, lazer e pr\u00e1tica esportiva para a comunidade. As melhorias j\u00e1 em andamento trazem impactos diretos no dia a dia dos moradores, com mais conforto, seguran\u00e7a e valoriza\u00e7\u00e3o do bairro. [&hellip;]<\/p>\n","protected":false},"author":123,"featured_media":378653,"comment_status":"closed","ping_status":"closed","sticky":false,"template":"","format":"standard","meta":{"footnotes":""},"categories":[4620,2],"tags":[985],"ods":[],"class_list":["post-378652","post","type-post","status-publish","format-standard","has-post-thumbnail","hentry","category-destaques","category-noticias","tag-infraestrutura-e-servicos-publicos"],"_links":{"self":[{"href":"https:\/\/jundiai.sp.gov.br\/noticias\/wp-json\/wp\/v2\/posts\/378652","targetHints":{"allow":["GET"]}}],"collection":[{"href":"https:\/\/jundiai.sp.gov.br\/noticias\/wp-json\/wp\/v2\/posts"}],"about":[{"href":"https:\/\/jundiai.sp.gov.br\/noticias\/wp-json\/wp\/v2\/types\/post"}],"author":[{"embeddable":true,"href":"https:\/\/jundiai.sp.gov.br\/noticias\/wp-json\/wp\/v2\/users\/123"}],"replies":[{"embeddable":true,"href":"https:\/\/jundiai.sp.gov.br\/noticias\/wp-json\/wp\/v2\/comments?post=378652"}],"version-history":[{"count":5,"href":"https:\/\/jundiai.sp.gov.br\/noticias\/wp-json\/wp\/v2\/posts\/378652\/revisions"}],"predecessor-version":[{"id":378700,"href":"https:\/\/jundiai.sp.gov.br\/noticias\/wp-json\/wp\/v2\/posts\/378652\/revisions\/378700"}],"wp:featuredmedia":[{"embeddable":true,"href":"https:\/\/jundiai.sp.gov.br\/noticias\/wp-json\/wp\/v2\/media\/378653"}],"wp:attachment":[{"href":"https:\/\/jundiai.sp.gov.br\/noticias\/wp-json\/wp\/v2\/media?parent=378652"}],"wp:term":[{"taxonomy":"category","embeddable":true,"href":"https:\/\/jundiai.sp.gov.br\/noticias\/wp-json\/wp\/v2\/categories?post=378652"},{"taxonomy":"post_tag","embeddable":true,"href":"https:\/\/jundiai.sp.gov.br\/noticias\/wp-json\/wp\/v2\/tags?post=378652"},{"taxonomy":"ods","embeddable":true,"href":"https:\/\/jundiai.sp.gov.br\/noticias\/wp-json\/wp\/v2\/ods?post=378652"}],"curies":[{"name":"wp","href":"https:\/\/api.w.org\/{rel}","templated":true}]}}