{"id":378704,"date":"2026-05-03T07:30:00","date_gmt":"2026-05-03T10:30:00","guid":{"rendered":"https:\/\/jundiai.sp.gov.br\/noticias\/?p=378704"},"modified":"2026-04-30T13:24:31","modified_gmt":"2026-04-30T16:24:31","slug":"jundiai-lanca-campanha-de-mobilidade-e-reforca-avancos-com-planejamento-e-investimentos","status":"publish","type":"post","link":"https:\/\/jundiai.sp.gov.br\/noticias\/2026\/05\/03\/jundiai-lanca-campanha-de-mobilidade-e-reforca-avancos-com-planejamento-e-investimentos\/","title":{"rendered":"Jundia\u00ed lan\u00e7a campanha de mobilidade e refor\u00e7a avan\u00e7os com planejamento e investimentos"},"content":{"rendered":"\n<p>A mobilidade urbana de Jundia\u00ed vem sendo estruturada com base em planejamento, integra\u00e7\u00e3o e vis\u00e3o de longo prazo. Para dar visibilidade a esse conjunto de a\u00e7\u00f5es, a Prefeitura lan\u00e7a a campanha \u201cO futuro pede passagem\u201d, que apresenta como a cidade tem enfrentado os desafios do crescimento com investimentos estrat\u00e9gicos, articula\u00e7\u00e3o regional e solu\u00e7\u00f5es voltadas \u00e0 qualidade de vida da popula\u00e7\u00e3o.<\/p>\n\n\n\n<p>A campanha, desenvolvida de forma integrada entre as secretarias de Mobilidade e Transporte (SMMT) e Comunica\u00e7\u00e3o (SMCOM), refor\u00e7a a mensagem \u201cJundia\u00ed se transforma e voc\u00ea vem com a gente\u201d, conectando projetos em andamento e entregas previstas que impactam diretamente o dia a dia de quem vive, trabalha e empreende no munic\u00edpio.<\/p>\n\n\n\n<p>De acordo com o prefeito Gustavo Martinelli, \u201ca campanha traduz uma prioridade de governo: preparar Jundia\u00ed para o futuro com uma mobilidade mais inteligente, segura e sustent\u00e1vel, acompanhando o crescimento da cidade e as demandas da popula\u00e7\u00e3o.\u201d<\/p>\n\n\n<div class=\"wp-block-image\">\n<figure class=\"aligncenter size-large\"><img loading=\"lazy\" decoding=\"async\" width=\"1110\" height=\"960\" src=\"https:\/\/jundiai.sp.gov.br\/noticias\/wp-content\/uploads\/sites\/32\/2026\/04\/ffd7eef1-a382-4a9f-ba9b-1507a3a43bb1-1110x960.jpg\" alt=\"\" class=\"wp-image-379092\" srcset=\"https:\/\/jundiai.sp.gov.br\/noticias\/wp-content\/uploads\/sites\/32\/2026\/04\/ffd7eef1-a382-4a9f-ba9b-1507a3a43bb1-1110x960.jpg 1110w, https:\/\/jundiai.sp.gov.br\/noticias\/wp-content\/uploads\/sites\/32\/2026\/04\/ffd7eef1-a382-4a9f-ba9b-1507a3a43bb1-300x260.jpg 300w, https:\/\/jundiai.sp.gov.br\/noticias\/wp-content\/uploads\/sites\/32\/2026\/04\/ffd7eef1-a382-4a9f-ba9b-1507a3a43bb1-768x664.jpg 768w, https:\/\/jundiai.sp.gov.br\/noticias\/wp-content\/uploads\/sites\/32\/2026\/04\/ffd7eef1-a382-4a9f-ba9b-1507a3a43bb1-1536x1329.jpg 1536w, https:\/\/jundiai.sp.gov.br\/noticias\/wp-content\/uploads\/sites\/32\/2026\/04\/ffd7eef1-a382-4a9f-ba9b-1507a3a43bb1.jpg 1600w\" sizes=\"auto, (max-width: 1110px) 100vw, 1110px\" \/><\/figure>\n<\/div>\n\n\n<p>A iniciativa tamb\u00e9m evidencia o papel estrat\u00e9gico da comunica\u00e7\u00e3o como ferramenta de pol\u00edtica p\u00fablica, capaz de informar, sensibilizar e engajar a popula\u00e7\u00e3o na constru\u00e7\u00e3o de uma cidade mais segura. Um exemplo \u00e9 a campanha \u201cN\u00e3o deixe um acidente contar sua hist\u00f3ria\u201d, lan\u00e7ada em julho de 2025, que alertou para o alto \u00edndice de mortes de motociclistas em Jundia\u00ed e ampliou o debate sobre comportamentos seguros no tr\u00e2nsito. Como reflexo desse trabalho cont\u00ednuo, o munic\u00edpio registrou queda no ranking de mortes no tr\u00e2nsito. De acordo com o Infosiga, Jundia\u00ed passou da primeira para a oitava coloca\u00e7\u00e3o no \u00edndice de \u00f3bitos por 100 mil habitantes entre cidades com mais de 300 mil habitantes. Nas vias urbanas, o desempenho \u00e9 ainda mais positivo, com o munic\u00edpio na 12\u00aa posi\u00e7\u00e3o, evidenciando a efetividade das medidas adotadas.<\/p>\n\n\n\n<p><strong>Confira os principais eixos contemplados na campanha:<\/strong><\/p>\n\n\n\n<p><strong>Transporte p\u00fablico mais moderno<\/strong><\/p>\n\n\n\n<p>A <a href=\"https:\/\/jundiai.sp.gov.br\/noticias\/2026\/04\/13\/jundiai-se-prepara-para-maior-entrega-de-transporte-publico-da-historia\/\">nova concess\u00e3o do transporte coletivo<\/a> marca uma mudan\u00e7a estrutural no sistema. Constru\u00edda com participa\u00e7\u00e3o popular, prev\u00ea a moderniza\u00e7\u00e3o da frota, com novos \u00f4nibus, mais conforto, tecnologia embarcada, acessibilidade e redu\u00e7\u00e3o significativa na emiss\u00e3o de poluentes. O modelo tamb\u00e9m amplia a capacidade de gest\u00e3o do munic\u00edpio, com foco na qualidade e efici\u00eancia do servi\u00e7o.<\/p>\n\n\n\n<p><strong>Articula\u00e7\u00e3o para obras estruturantes<\/strong><\/p>\n\n\n\n<p>A mobilidade tamb\u00e9m avan\u00e7a por meio da articula\u00e7\u00e3o com o Governo do Estado de S\u00e3o Paulo. Est\u00e3o previstas interven\u00e7\u00f5es como as transposi\u00e7\u00f5es na Rodovia Anhanguera e o conjunto de <a href=\"https:\/\/jundiai.sp.gov.br\/noticias\/2026\/04\/09\/inicio-das-obras-do-trem-intercidades-marca-novo-tempo-para-a-mobilidade-em-jundiai-e-regiao\/\">obras ligadas ao Trem Intercidades (TIC)<\/a>, que devem melhorar a integra\u00e7\u00e3o regional e a fluidez no tr\u00e2nsito.<\/p>\n\n\n\n<p><strong>Interven\u00e7\u00f5es nos pontos cr\u00edticos<\/strong><\/p>\n\n\n\n<p>Outro eixo de atua\u00e7\u00e3o est\u00e1 nas melhorias vi\u00e1rias em regi\u00f5es com maior fluxo e hist\u00f3rico de congestionamentos. As interven\u00e7\u00f5es incluem requalifica\u00e7\u00e3o de cruzamentos, ajustes vi\u00e1rios e obras que reduzem gargalos, ampliando a seguran\u00e7a e a organiza\u00e7\u00e3o do tr\u00e1fego, dentro das a\u00e7\u00f5es do <a href=\"https:\/\/jundiai.sp.gov.br\/noticias\/2026\/03\/21\/com-integracao-entre-departamentos-e-estudos-tecnicos-jundiai-avanca-na-mobilidade-e-na-seguranca-viaria\/\">programa Move A\u00ed.<\/a><\/p>\n\n\n\n<p><strong>Mobilidade que conecta a cidade<\/strong><\/p>\n\n\n\n<p>A campanha tamb\u00e9m destaca a <a href=\"https:\/\/jundiai.sp.gov.br\/noticias\/2026\/03\/23\/prefeitura-de-jundiai-abre-licitacao-para-reforma-do-terminal-rami-obras-devem-comecar-em-maio-deste-ano\/\">requalifica\u00e7\u00e3o de terminais urbanos<\/a> e outras a\u00e7\u00f5es que fortalecem a integra\u00e7\u00e3o entre modais, tornando o deslocamento mais acess\u00edvel, eficiente e alinhado \u00e0s necessidades da popula\u00e7\u00e3o.<\/p>\n\n\n\n<p><strong>Assessoria de Imprensa<\/strong><br><strong>Fotos: Fot\u00f3grafos PMJ<\/strong><\/p>\n","protected":false},"excerpt":{"rendered":"<p>A mobilidade urbana de Jundia\u00ed vem sendo estruturada com base em planejamento, integra\u00e7\u00e3o e vis\u00e3o de longo prazo. Para dar visibilidade a esse conjunto de a\u00e7\u00f5es, a Prefeitura lan\u00e7a a campanha \u201cO futuro pede passagem\u201d, que apresenta como a cidade tem enfrentado os desafios do crescimento com investimentos estrat\u00e9gicos, articula\u00e7\u00e3o regional e solu\u00e7\u00f5es voltadas \u00e0 [&hellip;]<\/p>\n","protected":false},"author":54,"featured_media":378882,"comment_status":"closed","ping_status":"0","sticky":false,"template":"","format":"standard","meta":{"footnotes":""},"categories":[4620,2],"tags":[982,6501,5936,6500,5778],"ods":[],"class_list":["post-378704","post","type-post","status-publish","format-standard","has-post-thumbnail","hentry","category-destaques","category-noticias","tag-mobilidade-e-transporte","tag-secretaria-municipal-de-comunicacao","tag-secretaria-municipal-de-mobilidade-e-transporte-smmt","tag-smcom","tag-smmt"],"_links":{"self":[{"href":"https:\/\/jundiai.sp.gov.br\/noticias\/wp-json\/wp\/v2\/posts\/378704","targetHints":{"allow":["GET"]}}],"collection":[{"href":"https:\/\/jundiai.sp.gov.br\/noticias\/wp-json\/wp\/v2\/posts"}],"about":[{"href":"https:\/\/jundiai.sp.gov.br\/noticias\/wp-json\/wp\/v2\/types\/post"}],"author":[{"embeddable":true,"href":"https:\/\/jundiai.sp.gov.br\/noticias\/wp-json\/wp\/v2\/users\/54"}],"replies":[{"embeddable":true,"href":"https:\/\/jundiai.sp.gov.br\/noticias\/wp-json\/wp\/v2\/comments?post=378704"}],"version-history":[{"count":3,"href":"https:\/\/jundiai.sp.gov.br\/noticias\/wp-json\/wp\/v2\/posts\/378704\/revisions"}],"predecessor-version":[{"id":379095,"href":"https:\/\/jundiai.sp.gov.br\/noticias\/wp-json\/wp\/v2\/posts\/378704\/revisions\/379095"}],"wp:featuredmedia":[{"embeddable":true,"href":"https:\/\/jundiai.sp.gov.br\/noticias\/wp-json\/wp\/v2\/media\/378882"}],"wp:attachment":[{"href":"https:\/\/jundiai.sp.gov.br\/noticias\/wp-json\/wp\/v2\/media?parent=378704"}],"wp:term":[{"taxonomy":"category","embeddable":true,"href":"https:\/\/jundiai.sp.gov.br\/noticias\/wp-json\/wp\/v2\/categories?post=378704"},{"taxonomy":"post_tag","embeddable":true,"href":"https:\/\/jundiai.sp.gov.br\/noticias\/wp-json\/wp\/v2\/tags?post=378704"},{"taxonomy":"ods","embeddable":true,"href":"https:\/\/jundiai.sp.gov.br\/noticias\/wp-json\/wp\/v2\/ods?post=378704"}],"curies":[{"name":"wp","href":"https:\/\/api.w.org\/{rel}","templated":true}]}}