{"id":378706,"date":"2026-04-25T12:34:12","date_gmt":"2026-04-25T15:34:12","guid":{"rendered":"https:\/\/jundiai.sp.gov.br\/noticias\/?p=378706"},"modified":"2026-04-25T12:34:12","modified_gmt":"2026-04-25T15:34:12","slug":"taca-das-favelas-de-jundiai-comecou-neste-final-de-semana-celebrando-a-uniao-entre-atletas-e-promovendo-sonhos","status":"publish","type":"post","link":"https:\/\/jundiai.sp.gov.br\/noticias\/2026\/04\/25\/taca-das-favelas-de-jundiai-comecou-neste-final-de-semana-celebrando-a-uniao-entre-atletas-e-promovendo-sonhos\/","title":{"rendered":"Ta\u00e7a das Favelas de Jundia\u00ed come\u00e7ou neste final de semana celebrando a uni\u00e3o entre atletas e promovendo sonhos"},"content":{"rendered":"\n<p>Come\u00e7ou neste s\u00e1bado (25), no Complexo Educacional, Cultural e Esportivo (CECE) Francisco Dal Santo, na Vila Rami, a 4\u00aa edi\u00e7\u00e3o da Ta\u00e7a das Favelas de Jundia\u00ed. O torneio \u00e9 promovido pela CUFA (Central \u00danica das Favelas), em parceria com a TV TEM, e conta com o apoio da Prefeitura, que oferece seguran\u00e7a com a Guarda Municipal, ambul\u00e2ncias durante as partidas, transporte para os atletas, cess\u00e3o de centros esportivos para treinos e exames m\u00e9dicos aos participantes.<\/p>\n\n\n\n<figure class=\"wp-block-image size-large\"><img loading=\"lazy\" decoding=\"async\" width=\"1280\" height=\"853\" src=\"https:\/\/jundiai.sp.gov.br\/noticias\/wp-content\/uploads\/sites\/32\/2026\/04\/abertura_da_taca_das_favelas-29-1280x853.jpg\" alt=\"\" class=\"wp-image-378720\" srcset=\"https:\/\/jundiai.sp.gov.br\/noticias\/wp-content\/uploads\/sites\/32\/2026\/04\/abertura_da_taca_das_favelas-29-1280x853.jpg 1280w, https:\/\/jundiai.sp.gov.br\/noticias\/wp-content\/uploads\/sites\/32\/2026\/04\/abertura_da_taca_das_favelas-29-300x200.jpg 300w, https:\/\/jundiai.sp.gov.br\/noticias\/wp-content\/uploads\/sites\/32\/2026\/04\/abertura_da_taca_das_favelas-29-768x512.jpg 768w, https:\/\/jundiai.sp.gov.br\/noticias\/wp-content\/uploads\/sites\/32\/2026\/04\/abertura_da_taca_das_favelas-29-1536x1024.jpg 1536w, https:\/\/jundiai.sp.gov.br\/noticias\/wp-content\/uploads\/sites\/32\/2026\/04\/abertura_da_taca_das_favelas-29-450x300.jpg 450w, https:\/\/jundiai.sp.gov.br\/noticias\/wp-content\/uploads\/sites\/32\/2026\/04\/abertura_da_taca_das_favelas-29.jpg 1800w\" sizes=\"auto, (max-width: 1280px) 100vw, 1280px\" \/><figcaption class=\"wp-element-caption\">Solenidade de abertura da 4\u00aa edi\u00e7\u00e3o da Ta\u00e7a das Favelas de Jundia\u00ed<\/figcaption><\/figure>\n\n\n\n<p>A secret\u00e1ria de Esporte e Lazer (SMEL), Rita Orsi, que participou da abertura do evento, destacou o impacto social do torneio.<\/p>\n\n\n\n<p>&#8220;\u00c9 uma pol\u00edtica p\u00fablica que leva oportunidades e transforma vidas. Esses jovens passam por um processo de aprendizado dentro e fora de campo, com disciplina, organiza\u00e7\u00e3o e conviv\u00eancia. \u00c9 uma grande alegria ver tudo isso acontecendo em parceria com tantas \u00e1reas da Prefeitura&#8221;, ressaltou.<\/p>\n\n\n\n<p><strong>24 equipes e mais de 700 atletas<\/strong><br>Nesta edi\u00e7\u00e3o, 720 atletas participam da competi\u00e7\u00e3o, distribu\u00eddos em 24 equipes, sendo 16 masculinas e 8 femininas. &#8220;A Ta\u00e7a tem sido um sucesso desde a primeira edi\u00e7\u00e3o e virou tradi\u00e7\u00e3o. \u00c9 um evento que mostra a pot\u00eancia das favelas. As crian\u00e7as j\u00e1 crescem sonhando em participar, isso \u00e9 esperan\u00e7a&#8221;, destacou Festa, presidente da CUFA.<\/p>\n\n\n\n<p><strong>Sonhos e oportunidades<\/strong><br>Mais do que um torneio, a Ta\u00e7a das Favelas representa uma vitrine para jovens talentos. Camila Cruz, zagueira do \u00c1gua Doce e participante desde a primeira edi\u00e7\u00e3o, refor\u00e7a a import\u00e2ncia da competi\u00e7\u00e3o. &#8220;A gente entra para mostrar nossa for\u00e7a. O futebol feminino est\u00e1 crescendo muito e \u00e9 uma grande oportunidade&#8221;, afirmou.<\/p>\n\n\n\n<p>Estreante na competi\u00e7\u00e3o, Juan Felipe, do Complexo Santa Gertrudes, tamb\u00e9m celebra a experi\u00eancia. &#8220;A expectativa \u00e9 grande. Queremos fazer uma boa campanha. \u00c9 tudo muito organizado, o campo \u00e9 excelente&#8221;, contou.<\/p>\n\n\n\n<figure class=\"wp-block-gallery has-nested-images columns-default is-cropped wp-block-gallery-1 is-layout-flex wp-block-gallery-is-layout-flex\">\n<figure class=\"wp-block-image size-large\"><img loading=\"lazy\" decoding=\"async\" width=\"1280\" height=\"853\" data-id=\"378708\" src=\"https:\/\/jundiai.sp.gov.br\/noticias\/wp-content\/uploads\/sites\/32\/2026\/04\/abertura_da_taca_das_favelas-2-1280x853.jpg\" alt=\"\" class=\"wp-image-378708\" srcset=\"https:\/\/jundiai.sp.gov.br\/noticias\/wp-content\/uploads\/sites\/32\/2026\/04\/abertura_da_taca_das_favelas-2-1280x853.jpg 1280w, https:\/\/jundiai.sp.gov.br\/noticias\/wp-content\/uploads\/sites\/32\/2026\/04\/abertura_da_taca_das_favelas-2-300x200.jpg 300w, https:\/\/jundiai.sp.gov.br\/noticias\/wp-content\/uploads\/sites\/32\/2026\/04\/abertura_da_taca_das_favelas-2-768x512.jpg 768w, https:\/\/jundiai.sp.gov.br\/noticias\/wp-content\/uploads\/sites\/32\/2026\/04\/abertura_da_taca_das_favelas-2-1536x1024.jpg 1536w, https:\/\/jundiai.sp.gov.br\/noticias\/wp-content\/uploads\/sites\/32\/2026\/04\/abertura_da_taca_das_favelas-2-450x300.jpg 450w, https:\/\/jundiai.sp.gov.br\/noticias\/wp-content\/uploads\/sites\/32\/2026\/04\/abertura_da_taca_das_favelas-2.jpg 1800w\" sizes=\"auto, (max-width: 1280px) 100vw, 1280px\" \/><figcaption class=\"wp-element-caption\">Juan Felipe &#8211; zagueiro<\/figcaption><\/figure>\n\n\n\n<figure class=\"wp-block-image size-large\"><img loading=\"lazy\" decoding=\"async\" width=\"1280\" height=\"853\" data-id=\"378714\" src=\"https:\/\/jundiai.sp.gov.br\/noticias\/wp-content\/uploads\/sites\/32\/2026\/04\/abertura_da_taca_das_favelas-20-1280x853.jpg\" alt=\"\" class=\"wp-image-378714\" srcset=\"https:\/\/jundiai.sp.gov.br\/noticias\/wp-content\/uploads\/sites\/32\/2026\/04\/abertura_da_taca_das_favelas-20-1280x853.jpg 1280w, https:\/\/jundiai.sp.gov.br\/noticias\/wp-content\/uploads\/sites\/32\/2026\/04\/abertura_da_taca_das_favelas-20-300x200.jpg 300w, https:\/\/jundiai.sp.gov.br\/noticias\/wp-content\/uploads\/sites\/32\/2026\/04\/abertura_da_taca_das_favelas-20-768x512.jpg 768w, https:\/\/jundiai.sp.gov.br\/noticias\/wp-content\/uploads\/sites\/32\/2026\/04\/abertura_da_taca_das_favelas-20-1536x1024.jpg 1536w, https:\/\/jundiai.sp.gov.br\/noticias\/wp-content\/uploads\/sites\/32\/2026\/04\/abertura_da_taca_das_favelas-20-450x300.jpg 450w, https:\/\/jundiai.sp.gov.br\/noticias\/wp-content\/uploads\/sites\/32\/2026\/04\/abertura_da_taca_das_favelas-20.jpg 1800w\" sizes=\"auto, (max-width: 1280px) 100vw, 1280px\" \/><\/figure>\n\n\n\n<figure class=\"wp-block-image size-large\"><img loading=\"lazy\" decoding=\"async\" width=\"1280\" height=\"853\" data-id=\"378712\" src=\"https:\/\/jundiai.sp.gov.br\/noticias\/wp-content\/uploads\/sites\/32\/2026\/04\/abertura_da_taca_das_favelas-25-1280x853.jpg\" alt=\"\" class=\"wp-image-378712\" srcset=\"https:\/\/jundiai.sp.gov.br\/noticias\/wp-content\/uploads\/sites\/32\/2026\/04\/abertura_da_taca_das_favelas-25-1280x853.jpg 1280w, https:\/\/jundiai.sp.gov.br\/noticias\/wp-content\/uploads\/sites\/32\/2026\/04\/abertura_da_taca_das_favelas-25-300x200.jpg 300w, https:\/\/jundiai.sp.gov.br\/noticias\/wp-content\/uploads\/sites\/32\/2026\/04\/abertura_da_taca_das_favelas-25-768x512.jpg 768w, https:\/\/jundiai.sp.gov.br\/noticias\/wp-content\/uploads\/sites\/32\/2026\/04\/abertura_da_taca_das_favelas-25-1536x1024.jpg 1536w, https:\/\/jundiai.sp.gov.br\/noticias\/wp-content\/uploads\/sites\/32\/2026\/04\/abertura_da_taca_das_favelas-25-450x300.jpg 450w, https:\/\/jundiai.sp.gov.br\/noticias\/wp-content\/uploads\/sites\/32\/2026\/04\/abertura_da_taca_das_favelas-25.jpg 1800w\" sizes=\"auto, (max-width: 1280px) 100vw, 1280px\" \/><\/figure>\n\n\n\n<figure class=\"wp-block-image size-large\"><img loading=\"lazy\" decoding=\"async\" width=\"1280\" height=\"853\" data-id=\"378711\" src=\"https:\/\/jundiai.sp.gov.br\/noticias\/wp-content\/uploads\/sites\/32\/2026\/04\/abertura_da_taca_das_favelas-1-1280x853.jpg\" alt=\"\" class=\"wp-image-378711\" srcset=\"https:\/\/jundiai.sp.gov.br\/noticias\/wp-content\/uploads\/sites\/32\/2026\/04\/abertura_da_taca_das_favelas-1-1280x853.jpg 1280w, https:\/\/jundiai.sp.gov.br\/noticias\/wp-content\/uploads\/sites\/32\/2026\/04\/abertura_da_taca_das_favelas-1-300x200.jpg 300w, https:\/\/jundiai.sp.gov.br\/noticias\/wp-content\/uploads\/sites\/32\/2026\/04\/abertura_da_taca_das_favelas-1-768x512.jpg 768w, https:\/\/jundiai.sp.gov.br\/noticias\/wp-content\/uploads\/sites\/32\/2026\/04\/abertura_da_taca_das_favelas-1-1536x1024.jpg 1536w, https:\/\/jundiai.sp.gov.br\/noticias\/wp-content\/uploads\/sites\/32\/2026\/04\/abertura_da_taca_das_favelas-1-450x300.jpg 450w, https:\/\/jundiai.sp.gov.br\/noticias\/wp-content\/uploads\/sites\/32\/2026\/04\/abertura_da_taca_das_favelas-1.jpg 1800w\" sizes=\"auto, (max-width: 1280px) 100vw, 1280px\" \/><figcaption class=\"wp-element-caption\">Rita Orsi &#8211; secret\u00e1ria da SMEL<\/figcaption><\/figure>\n\n\n\n<figure class=\"wp-block-image size-large\"><img loading=\"lazy\" decoding=\"async\" width=\"1280\" height=\"853\" data-id=\"378709\" src=\"https:\/\/jundiai.sp.gov.br\/noticias\/wp-content\/uploads\/sites\/32\/2026\/04\/abertura_da_taca_das_favelas-6-1280x853.jpg\" alt=\"\" class=\"wp-image-378709\" srcset=\"https:\/\/jundiai.sp.gov.br\/noticias\/wp-content\/uploads\/sites\/32\/2026\/04\/abertura_da_taca_das_favelas-6-1280x853.jpg 1280w, https:\/\/jundiai.sp.gov.br\/noticias\/wp-content\/uploads\/sites\/32\/2026\/04\/abertura_da_taca_das_favelas-6-300x200.jpg 300w, https:\/\/jundiai.sp.gov.br\/noticias\/wp-content\/uploads\/sites\/32\/2026\/04\/abertura_da_taca_das_favelas-6-768x512.jpg 768w, https:\/\/jundiai.sp.gov.br\/noticias\/wp-content\/uploads\/sites\/32\/2026\/04\/abertura_da_taca_das_favelas-6-1536x1024.jpg 1536w, https:\/\/jundiai.sp.gov.br\/noticias\/wp-content\/uploads\/sites\/32\/2026\/04\/abertura_da_taca_das_favelas-6-450x300.jpg 450w, https:\/\/jundiai.sp.gov.br\/noticias\/wp-content\/uploads\/sites\/32\/2026\/04\/abertura_da_taca_das_favelas-6.jpg 1800w\" sizes=\"auto, (max-width: 1280px) 100vw, 1280px\" \/><figcaption class=\"wp-element-caption\">Camila Cruz &#8211; zagueira<\/figcaption><\/figure>\n\n\n\n<figure class=\"wp-block-image size-large\"><img loading=\"lazy\" decoding=\"async\" width=\"1280\" height=\"853\" data-id=\"378710\" src=\"https:\/\/jundiai.sp.gov.br\/noticias\/wp-content\/uploads\/sites\/32\/2026\/04\/abertura_da_taca_das_favelas-43-1280x853.jpg\" alt=\"\" class=\"wp-image-378710\" srcset=\"https:\/\/jundiai.sp.gov.br\/noticias\/wp-content\/uploads\/sites\/32\/2026\/04\/abertura_da_taca_das_favelas-43-1280x853.jpg 1280w, https:\/\/jundiai.sp.gov.br\/noticias\/wp-content\/uploads\/sites\/32\/2026\/04\/abertura_da_taca_das_favelas-43-300x200.jpg 300w, https:\/\/jundiai.sp.gov.br\/noticias\/wp-content\/uploads\/sites\/32\/2026\/04\/abertura_da_taca_das_favelas-43-768x512.jpg 768w, https:\/\/jundiai.sp.gov.br\/noticias\/wp-content\/uploads\/sites\/32\/2026\/04\/abertura_da_taca_das_favelas-43-1536x1024.jpg 1536w, https:\/\/jundiai.sp.gov.br\/noticias\/wp-content\/uploads\/sites\/32\/2026\/04\/abertura_da_taca_das_favelas-43-450x300.jpg 450w, https:\/\/jundiai.sp.gov.br\/noticias\/wp-content\/uploads\/sites\/32\/2026\/04\/abertura_da_taca_das_favelas-43.jpg 1800w\" sizes=\"auto, (max-width: 1280px) 100vw, 1280px\" \/><figcaption class=\"wp-element-caption\">Festa &#8211; Presidente da CUFA<\/figcaption><\/figure>\n<\/figure>\n\n\n\n<p>Os jogos acontecem aos finais de semana, com a grande final marcada para o dia 30 de maio. <\/p>\n\n\n\n<p>Mais informa\u00e7\u00f5es sobre a Ta\u00e7a das Favelas de Jundia\u00ed podem ser obtidas no Instagram \u2013 @<a href=\"https:\/\/www.instagram.com\/tacadasfavelasjundiai\/\"><strong>tacadasfavelasjundiai<\/strong><\/a>.<\/p>\n\n\n\n<p><strong>Servi\u00e7o<\/strong><br>CECE Francisco Dal Santo<br>Rua Cica, 1345 \u2013 Vila Rami, Jundia\u00ed<\/p>\n\n\n\n<p><strong>Assessoria de Imprensa<\/strong><br><strong>Fotos: Fot\u00f3grafo PMJ<\/strong><\/p>\n","protected":false},"excerpt":{"rendered":"<p>Come\u00e7ou neste s\u00e1bado (25), no Complexo Educacional, Cultural e Esportivo (CECE) Francisco Dal Santo, na Vila Rami, a 4\u00aa edi\u00e7\u00e3o da Ta\u00e7a das Favelas de Jundia\u00ed. O torneio \u00e9 promovido pela CUFA (Central \u00danica das Favelas), em parceria com a TV TEM, e conta com o apoio da Prefeitura, que oferece seguran\u00e7a com a Guarda [&hellip;]<\/p>\n","protected":false},"author":123,"featured_media":378708,"comment_status":"closed","ping_status":"0","sticky":false,"template":"","format":"standard","meta":{"footnotes":""},"categories":[4620,2],"tags":[35,4077],"ods":[],"class_list":["post-378706","post","type-post","status-publish","format-standard","has-post-thumbnail","hentry","category-destaques","category-noticias","tag-esporte-e-lazer","tag-taca-das-favelas"],"_links":{"self":[{"href":"https:\/\/jundiai.sp.gov.br\/noticias\/wp-json\/wp\/v2\/posts\/378706","targetHints":{"allow":["GET"]}}],"collection":[{"href":"https:\/\/jundiai.sp.gov.br\/noticias\/wp-json\/wp\/v2\/posts"}],"about":[{"href":"https:\/\/jundiai.sp.gov.br\/noticias\/wp-json\/wp\/v2\/types\/post"}],"author":[{"embeddable":true,"href":"https:\/\/jundiai.sp.gov.br\/noticias\/wp-json\/wp\/v2\/users\/123"}],"replies":[{"embeddable":true,"href":"https:\/\/jundiai.sp.gov.br\/noticias\/wp-json\/wp\/v2\/comments?post=378706"}],"version-history":[{"count":5,"href":"https:\/\/jundiai.sp.gov.br\/noticias\/wp-json\/wp\/v2\/posts\/378706\/revisions"}],"predecessor-version":[{"id":378721,"href":"https:\/\/jundiai.sp.gov.br\/noticias\/wp-json\/wp\/v2\/posts\/378706\/revisions\/378721"}],"wp:featuredmedia":[{"embeddable":true,"href":"https:\/\/jundiai.sp.gov.br\/noticias\/wp-json\/wp\/v2\/media\/378708"}],"wp:attachment":[{"href":"https:\/\/jundiai.sp.gov.br\/noticias\/wp-json\/wp\/v2\/media?parent=378706"}],"wp:term":[{"taxonomy":"category","embeddable":true,"href":"https:\/\/jundiai.sp.gov.br\/noticias\/wp-json\/wp\/v2\/categories?post=378706"},{"taxonomy":"post_tag","embeddable":true,"href":"https:\/\/jundiai.sp.gov.br\/noticias\/wp-json\/wp\/v2\/tags?post=378706"},{"taxonomy":"ods","embeddable":true,"href":"https:\/\/jundiai.sp.gov.br\/noticias\/wp-json\/wp\/v2\/ods?post=378706"}],"curies":[{"name":"wp","href":"https:\/\/api.w.org\/{rel}","templated":true}]}}