{"id":378722,"date":"2026-04-26T09:25:19","date_gmt":"2026-04-26T12:25:19","guid":{"rendered":"https:\/\/jundiai.sp.gov.br\/noticias\/?p=378722"},"modified":"2026-04-26T10:08:27","modified_gmt":"2026-04-26T13:08:27","slug":"segunda-edicao-do-cerveja-na-barao-leva-cultura-lazer-e-diversao-ao-centro","status":"publish","type":"post","link":"https:\/\/jundiai.sp.gov.br\/noticias\/2026\/04\/26\/segunda-edicao-do-cerveja-na-barao-leva-cultura-lazer-e-diversao-ao-centro\/","title":{"rendered":"Segunda edi\u00e7\u00e3o do &#8216;Cerveja na Bar\u00e3o&#8217; leva cultura, lazer e divers\u00e3o ao Centro"},"content":{"rendered":"\n<p>O Centro de Jundia\u00ed ganhou um clima especial neste s\u00e1bado (25). A Rua Bar\u00e3o de Jundia\u00ed se transformou em ponto de encontro para fam\u00edlias e amigos durante a segunda edi\u00e7\u00e3o do &#8216;Cerveja na Bar\u00e3o&#8217;, reunindo p\u00fablico de todas as idades em uma programa\u00e7\u00e3o repleta de m\u00fasica, gastronomia e entretenimento.<\/p>\n\n\n\n<figure class=\"wp-block-image size-large\"><img loading=\"lazy\" decoding=\"async\" width=\"1280\" height=\"854\" src=\"https:\/\/jundiai.sp.gov.br\/noticias\/wp-content\/uploads\/sites\/32\/2026\/04\/cerveja_na_barao-17-1-1280x854.jpg\" alt=\"\" class=\"wp-image-378724\" srcset=\"https:\/\/jundiai.sp.gov.br\/noticias\/wp-content\/uploads\/sites\/32\/2026\/04\/cerveja_na_barao-17-1-1280x854.jpg 1280w, https:\/\/jundiai.sp.gov.br\/noticias\/wp-content\/uploads\/sites\/32\/2026\/04\/cerveja_na_barao-17-1-300x200.jpg 300w, https:\/\/jundiai.sp.gov.br\/noticias\/wp-content\/uploads\/sites\/32\/2026\/04\/cerveja_na_barao-17-1-768x512.jpg 768w, https:\/\/jundiai.sp.gov.br\/noticias\/wp-content\/uploads\/sites\/32\/2026\/04\/cerveja_na_barao-17-1-1536x1024.jpg 1536w, https:\/\/jundiai.sp.gov.br\/noticias\/wp-content\/uploads\/sites\/32\/2026\/04\/cerveja_na_barao-17-1-450x300.jpg 450w, https:\/\/jundiai.sp.gov.br\/noticias\/wp-content\/uploads\/sites\/32\/2026\/04\/cerveja_na_barao-17-1.jpg 1900w\" sizes=\"auto, (max-width: 1280px) 100vw, 1280px\" \/><figcaption class=\"wp-element-caption\">&#8216;Cerveja na Bar\u00e3o&#8217; &#8211; Evento refor\u00e7a o compromisso de valoriza\u00e7\u00e3o do Centro de Jundia\u00ed<\/figcaption><\/figure>\n\n\n\n<p>Quem passou pelo local p\u00f4de aproveitar atra\u00e7\u00f5es para todos os p\u00fablicos. Durante a tarde, o grupo Desvairando Choro apresentou o melhor do chorinho, embalando o p\u00fablico com cl\u00e1ssicos do g\u00eanero. J\u00e1 \u00e0 noite, o grupo Panela Preta subiu ao palco e animou os participantes com muito samba.<\/p>\n\n\n\n<p>A a\u00e7\u00e3o integra o programa Centro da Gente, iniciativa da Prefeitura que busca valorizar a regi\u00e3o central, promovendo mais vida, lazer e oportunidades para moradores, comerciantes e visitantes.<\/p>\n\n\n\n<p>Entre os presentes estavam o prefeito Gustavo Martinelli e a primeira-dama, Ellen Camila Martinelli, que acompanharam a programa\u00e7\u00e3o e prestigiaram o evento.<\/p>\n\n\n\n<p>&#8220;Queremos ver o Centro cada vez mais vivo, com as pessoas ocupando os espa\u00e7os p\u00fablicos, convivendo e fortalecendo o com\u00e9rcio local. Esses eventos, em conjunto com a\u00e7\u00f5es integradas das secretarias, mostra, na pr\u00e1tica, como isso \u00e9 poss\u00edvel&#8221;, afirmou o prefeito.<\/p>\n\n\n\n<figure class=\"wp-block-gallery has-nested-images columns-default is-cropped wp-block-gallery-1 is-layout-flex wp-block-gallery-is-layout-flex\">\n<figure class=\"wp-block-image size-large\"><img loading=\"lazy\" decoding=\"async\" width=\"1280\" height=\"854\" data-id=\"378725\" src=\"https:\/\/jundiai.sp.gov.br\/noticias\/wp-content\/uploads\/sites\/32\/2026\/04\/cerveja_na_barao-18-1280x854.jpg\" alt=\"\" class=\"wp-image-378725\" srcset=\"https:\/\/jundiai.sp.gov.br\/noticias\/wp-content\/uploads\/sites\/32\/2026\/04\/cerveja_na_barao-18-1280x854.jpg 1280w, https:\/\/jundiai.sp.gov.br\/noticias\/wp-content\/uploads\/sites\/32\/2026\/04\/cerveja_na_barao-18-300x200.jpg 300w, https:\/\/jundiai.sp.gov.br\/noticias\/wp-content\/uploads\/sites\/32\/2026\/04\/cerveja_na_barao-18-768x512.jpg 768w, https:\/\/jundiai.sp.gov.br\/noticias\/wp-content\/uploads\/sites\/32\/2026\/04\/cerveja_na_barao-18-1536x1024.jpg 1536w, https:\/\/jundiai.sp.gov.br\/noticias\/wp-content\/uploads\/sites\/32\/2026\/04\/cerveja_na_barao-18-450x300.jpg 450w, https:\/\/jundiai.sp.gov.br\/noticias\/wp-content\/uploads\/sites\/32\/2026\/04\/cerveja_na_barao-18.jpg 1900w\" sizes=\"auto, (max-width: 1280px) 100vw, 1280px\" \/><\/figure>\n\n\n\n<figure class=\"wp-block-image size-large\"><img loading=\"lazy\" decoding=\"async\" width=\"1280\" height=\"854\" data-id=\"378726\" src=\"https:\/\/jundiai.sp.gov.br\/noticias\/wp-content\/uploads\/sites\/32\/2026\/04\/cerveja_na_barao-21-1280x854.jpg\" alt=\"\" class=\"wp-image-378726\" srcset=\"https:\/\/jundiai.sp.gov.br\/noticias\/wp-content\/uploads\/sites\/32\/2026\/04\/cerveja_na_barao-21-1280x854.jpg 1280w, https:\/\/jundiai.sp.gov.br\/noticias\/wp-content\/uploads\/sites\/32\/2026\/04\/cerveja_na_barao-21-300x200.jpg 300w, https:\/\/jundiai.sp.gov.br\/noticias\/wp-content\/uploads\/sites\/32\/2026\/04\/cerveja_na_barao-21-768x512.jpg 768w, https:\/\/jundiai.sp.gov.br\/noticias\/wp-content\/uploads\/sites\/32\/2026\/04\/cerveja_na_barao-21-1536x1024.jpg 1536w, https:\/\/jundiai.sp.gov.br\/noticias\/wp-content\/uploads\/sites\/32\/2026\/04\/cerveja_na_barao-21-450x300.jpg 450w, https:\/\/jundiai.sp.gov.br\/noticias\/wp-content\/uploads\/sites\/32\/2026\/04\/cerveja_na_barao-21.jpg 1900w\" sizes=\"auto, (max-width: 1280px) 100vw, 1280px\" \/><\/figure>\n\n\n\n<figure class=\"wp-block-image size-large\"><img loading=\"lazy\" decoding=\"async\" width=\"1280\" height=\"854\" data-id=\"378737\" src=\"https:\/\/jundiai.sp.gov.br\/noticias\/wp-content\/uploads\/sites\/32\/2026\/04\/cerveja_na_barao-36-1-1280x854.jpg\" alt=\"\" class=\"wp-image-378737\" srcset=\"https:\/\/jundiai.sp.gov.br\/noticias\/wp-content\/uploads\/sites\/32\/2026\/04\/cerveja_na_barao-36-1-1280x854.jpg 1280w, https:\/\/jundiai.sp.gov.br\/noticias\/wp-content\/uploads\/sites\/32\/2026\/04\/cerveja_na_barao-36-1-300x200.jpg 300w, https:\/\/jundiai.sp.gov.br\/noticias\/wp-content\/uploads\/sites\/32\/2026\/04\/cerveja_na_barao-36-1-768x512.jpg 768w, https:\/\/jundiai.sp.gov.br\/noticias\/wp-content\/uploads\/sites\/32\/2026\/04\/cerveja_na_barao-36-1-1536x1024.jpg 1536w, https:\/\/jundiai.sp.gov.br\/noticias\/wp-content\/uploads\/sites\/32\/2026\/04\/cerveja_na_barao-36-1-450x300.jpg 450w, https:\/\/jundiai.sp.gov.br\/noticias\/wp-content\/uploads\/sites\/32\/2026\/04\/cerveja_na_barao-36-1.jpg 1900w\" sizes=\"auto, (max-width: 1280px) 100vw, 1280px\" \/><\/figure>\n\n\n\n<figure class=\"wp-block-image size-large\"><img loading=\"lazy\" decoding=\"async\" width=\"1280\" height=\"854\" data-id=\"378736\" src=\"https:\/\/jundiai.sp.gov.br\/noticias\/wp-content\/uploads\/sites\/32\/2026\/04\/cerveja_na_barao-30-1-1-1280x854.jpg\" alt=\"\" class=\"wp-image-378736\" srcset=\"https:\/\/jundiai.sp.gov.br\/noticias\/wp-content\/uploads\/sites\/32\/2026\/04\/cerveja_na_barao-30-1-1-1280x854.jpg 1280w, https:\/\/jundiai.sp.gov.br\/noticias\/wp-content\/uploads\/sites\/32\/2026\/04\/cerveja_na_barao-30-1-1-300x200.jpg 300w, https:\/\/jundiai.sp.gov.br\/noticias\/wp-content\/uploads\/sites\/32\/2026\/04\/cerveja_na_barao-30-1-1-768x512.jpg 768w, https:\/\/jundiai.sp.gov.br\/noticias\/wp-content\/uploads\/sites\/32\/2026\/04\/cerveja_na_barao-30-1-1-1536x1024.jpg 1536w, https:\/\/jundiai.sp.gov.br\/noticias\/wp-content\/uploads\/sites\/32\/2026\/04\/cerveja_na_barao-30-1-1-450x300.jpg 450w, https:\/\/jundiai.sp.gov.br\/noticias\/wp-content\/uploads\/sites\/32\/2026\/04\/cerveja_na_barao-30-1-1.jpg 1900w\" sizes=\"auto, (max-width: 1280px) 100vw, 1280px\" \/><\/figure>\n<\/figure>\n\n\n\n<p>Al\u00e9m das atra\u00e7\u00f5es musicais, o evento contou com a participa\u00e7\u00e3o de cervejarias artesanais e food trucks, oferecendo op\u00e7\u00f5es variadas entre pratos salgados e doces. Para as crian\u00e7as, um espa\u00e7o kids com brinquedos garantiu a divers\u00e3o dos pequenos.<\/p>\n\n\n\n<p>Com iniciativas como essa, a Prefeitura atrav\u00e9s de diversas secretarias, refor\u00e7a o compromisso de valorizar cada vez mais o Centro de Jundia\u00ed.<\/p>\n\n\n\n\n\n<p><strong>Assessoria de Imprensa<\/strong><br><strong>Fotos: Fot\u00f3grafo PMJ<\/strong><\/p>\n","protected":false},"excerpt":{"rendered":"<p>O Centro de Jundia\u00ed ganhou um clima especial neste s\u00e1bado (25). A Rua Bar\u00e3o de Jundia\u00ed se transformou em ponto de encontro para fam\u00edlias e amigos durante a segunda edi\u00e7\u00e3o do &#8216;Cerveja na Bar\u00e3o&#8217;, reunindo p\u00fablico de todas as idades em uma programa\u00e7\u00e3o repleta de m\u00fasica, gastronomia e entretenimento. Quem passou pelo local p\u00f4de aproveitar [&hellip;]<\/p>\n","protected":false},"author":123,"featured_media":378724,"comment_status":"closed","ping_status":"0","sticky":false,"template":"","format":"standard","meta":{"footnotes":""},"categories":[4620,2],"tags":[5391,6343],"ods":[],"class_list":["post-378722","post","type-post","status-publish","format-standard","has-post-thumbnail","hentry","category-destaques","category-noticias","tag-centro-da-gente","tag-cerveja-na-barao"],"_links":{"self":[{"href":"https:\/\/jundiai.sp.gov.br\/noticias\/wp-json\/wp\/v2\/posts\/378722","targetHints":{"allow":["GET"]}}],"collection":[{"href":"https:\/\/jundiai.sp.gov.br\/noticias\/wp-json\/wp\/v2\/posts"}],"about":[{"href":"https:\/\/jundiai.sp.gov.br\/noticias\/wp-json\/wp\/v2\/types\/post"}],"author":[{"embeddable":true,"href":"https:\/\/jundiai.sp.gov.br\/noticias\/wp-json\/wp\/v2\/users\/123"}],"replies":[{"embeddable":true,"href":"https:\/\/jundiai.sp.gov.br\/noticias\/wp-json\/wp\/v2\/comments?post=378722"}],"version-history":[{"count":8,"href":"https:\/\/jundiai.sp.gov.br\/noticias\/wp-json\/wp\/v2\/posts\/378722\/revisions"}],"predecessor-version":[{"id":378741,"href":"https:\/\/jundiai.sp.gov.br\/noticias\/wp-json\/wp\/v2\/posts\/378722\/revisions\/378741"}],"wp:featuredmedia":[{"embeddable":true,"href":"https:\/\/jundiai.sp.gov.br\/noticias\/wp-json\/wp\/v2\/media\/378724"}],"wp:attachment":[{"href":"https:\/\/jundiai.sp.gov.br\/noticias\/wp-json\/wp\/v2\/media?parent=378722"}],"wp:term":[{"taxonomy":"category","embeddable":true,"href":"https:\/\/jundiai.sp.gov.br\/noticias\/wp-json\/wp\/v2\/categories?post=378722"},{"taxonomy":"post_tag","embeddable":true,"href":"https:\/\/jundiai.sp.gov.br\/noticias\/wp-json\/wp\/v2\/tags?post=378722"},{"taxonomy":"ods","embeddable":true,"href":"https:\/\/jundiai.sp.gov.br\/noticias\/wp-json\/wp\/v2\/ods?post=378722"}],"curies":[{"name":"wp","href":"https:\/\/api.w.org\/{rel}","templated":true}]}}