{"id":378742,"date":"2026-04-27T14:30:00","date_gmt":"2026-04-27T17:30:00","guid":{"rendered":"https:\/\/jundiai.sp.gov.br\/noticias\/?p=378742"},"modified":"2026-04-27T11:16:01","modified_gmt":"2026-04-27T14:16:01","slug":"jundiai-fortalece-educacao-no-transito-com-workshop-sobre-seguranca-viaria","status":"publish","type":"post","link":"https:\/\/jundiai.sp.gov.br\/noticias\/2026\/04\/27\/jundiai-fortalece-educacao-no-transito-com-workshop-sobre-seguranca-viaria\/","title":{"rendered":"Jundia\u00ed fortalece educa\u00e7\u00e3o no tr\u00e2nsito com workshop sobre seguran\u00e7a vi\u00e1ria"},"content":{"rendered":"\n<p>A Prefeitura de Jundia\u00ed, por meio da Secretaria Municipal de Mobilidade e Transporte (SMMT), reuniu  representantes de 14 empresas privadas da Regi\u00e3o Metropolitana (RMJ), no Pa\u00e7o Municipal, num workshop sobre seguran\u00e7a vi\u00e1ria. O evento foi voltado \u00e0 forma\u00e7\u00e3o de multiplicadores junto \u00e0s companhias, com colaboradores das \u00e1reas de Seguran\u00e7a do Trabalho e Recursos Humanos. O lema do encontro foi \u201cNo tr\u00e2nsito, enxergar o outro \u00e9 salvar vidas\u201d. Este tamb\u00e9m \u00e9 o tema principal do movimento Maio Amarelo, no qual a Prefeitura far\u00e1 uma s\u00e9rie de a\u00e7\u00f5es de preven\u00e7\u00e3o e conscientiza\u00e7\u00e3o.<\/p>\n\n\n\n<figure class=\"wp-block-gallery has-nested-images columns-default is-cropped wp-block-gallery-1 is-layout-flex wp-block-gallery-is-layout-flex\">\n<figure class=\"wp-block-image size-large\"><img loading=\"lazy\" decoding=\"async\" width=\"1280\" height=\"854\" data-id=\"378745\" src=\"https:\/\/jundiai.sp.gov.br\/noticias\/wp-content\/uploads\/sites\/32\/2026\/04\/workshop_de_seguranca_viaria_d-26-1280x854.jpg\" alt=\"\" class=\"wp-image-378745\" srcset=\"https:\/\/jundiai.sp.gov.br\/noticias\/wp-content\/uploads\/sites\/32\/2026\/04\/workshop_de_seguranca_viaria_d-26-1280x854.jpg 1280w, https:\/\/jundiai.sp.gov.br\/noticias\/wp-content\/uploads\/sites\/32\/2026\/04\/workshop_de_seguranca_viaria_d-26-300x200.jpg 300w, https:\/\/jundiai.sp.gov.br\/noticias\/wp-content\/uploads\/sites\/32\/2026\/04\/workshop_de_seguranca_viaria_d-26-768x512.jpg 768w, https:\/\/jundiai.sp.gov.br\/noticias\/wp-content\/uploads\/sites\/32\/2026\/04\/workshop_de_seguranca_viaria_d-26-1536x1024.jpg 1536w, https:\/\/jundiai.sp.gov.br\/noticias\/wp-content\/uploads\/sites\/32\/2026\/04\/workshop_de_seguranca_viaria_d-26-450x300.jpg 450w, https:\/\/jundiai.sp.gov.br\/noticias\/wp-content\/uploads\/sites\/32\/2026\/04\/workshop_de_seguranca_viaria_d-26.jpg 1900w\" sizes=\"auto, (max-width: 1280px) 100vw, 1280px\" \/><figcaption class=\"wp-element-caption\">Prefeito Gustavo Martinelli saudou os participantes<\/figcaption><\/figure>\n\n\n\n<figure class=\"wp-block-image size-large\"><img loading=\"lazy\" decoding=\"async\" width=\"1280\" height=\"853\" data-id=\"378744\" src=\"https:\/\/jundiai.sp.gov.br\/noticias\/wp-content\/uploads\/sites\/32\/2026\/04\/workshop_de_seguranca_viaria_rw-24-1280x853.jpg\" alt=\"\" class=\"wp-image-378744\" srcset=\"https:\/\/jundiai.sp.gov.br\/noticias\/wp-content\/uploads\/sites\/32\/2026\/04\/workshop_de_seguranca_viaria_rw-24-1280x853.jpg 1280w, https:\/\/jundiai.sp.gov.br\/noticias\/wp-content\/uploads\/sites\/32\/2026\/04\/workshop_de_seguranca_viaria_rw-24-300x200.jpg 300w, https:\/\/jundiai.sp.gov.br\/noticias\/wp-content\/uploads\/sites\/32\/2026\/04\/workshop_de_seguranca_viaria_rw-24-768x512.jpg 768w, https:\/\/jundiai.sp.gov.br\/noticias\/wp-content\/uploads\/sites\/32\/2026\/04\/workshop_de_seguranca_viaria_rw-24-1536x1024.jpg 1536w, https:\/\/jundiai.sp.gov.br\/noticias\/wp-content\/uploads\/sites\/32\/2026\/04\/workshop_de_seguranca_viaria_rw-24-450x300.jpg 450w, https:\/\/jundiai.sp.gov.br\/noticias\/wp-content\/uploads\/sites\/32\/2026\/04\/workshop_de_seguranca_viaria_rw-24.jpg 1800w\" sizes=\"auto, (max-width: 1280px) 100vw, 1280px\" \/><figcaption class=\"wp-element-caption\">Viv\u00eancia realizada no estacionamento do Pa\u00e7o Municipal<\/figcaption><\/figure>\n<\/figure>\n\n\n\n<p>O evento refor\u00e7ou as iniciativas \u201cS\u00f3 um Minutinho\u201d, que promove o respeito \u00e0s vagas especiais de idosos e pessoas com defici\u00eancia, e \u201cPonto Cego\u201d, voltada \u00e0 conscientiza\u00e7\u00e3o de pedestres, ciclistas e motoristas sobre as \u00e1reas ao redor dos ve\u00edculos, em especial \u00f4nibus e caminh\u00f5es, que n\u00e3o s\u00e3o vis\u00edveis pelos retrovisores.<\/p>\n\n\n\n<p>Em parceria com a Assessoria de Pol\u00edticas para a Pessoa com Defici\u00eancia, do N\u00facleo de Articula\u00e7\u00e3o em Direitos Humanos, da Secretaria Municipal da Casa Civil (SMCC), e com o uso de cadeiras de rodas, bengalas e vendas, os participantes experimentaram situa\u00e7\u00f5es vividas pelas pessoas com defici\u00eancia no tr\u00e2nsito.<\/p>\n\n\n\n<p>O prefeito de Jundia\u00ed, Gustavo Martinelli, abriu o encontro e saudou os participantes. \u201cEstamos realizando melhorias vi\u00e1rias por toda a cidade e modernizando o sistema de transporte p\u00fablico. Tamb\u00e9m trabalhamos a preven\u00e7\u00e3o e a conscientiza\u00e7\u00e3o, com resultados bastante positivos. No ano passado, Jundia\u00ed chegou ao topo da lista de cidades com mais de 300 mil habitantes com mais mortes no tr\u00e2nsito. Com muito trabalho e planejamento, em 2026 estamos em oitavo lugar neste ranking\u201d, disse Gustavo. \u201cIniciamos a educa\u00e7\u00e3o por um tr\u00e2nsito mais seguro com nossos 35 mil alunos. Mobilidade com seguran\u00e7a e qualidade de vida caminham juntas\u201d, emendou o prefeito.<\/p>\n\n\n\n<figure class=\"wp-block-gallery has-nested-images columns-default is-cropped wp-block-gallery-2 is-layout-flex wp-block-gallery-is-layout-flex\">\n<figure class=\"wp-block-image size-large\"><img loading=\"lazy\" decoding=\"async\" width=\"1280\" height=\"854\" data-id=\"378749\" src=\"https:\/\/jundiai.sp.gov.br\/noticias\/wp-content\/uploads\/sites\/32\/2026\/04\/workshop_de_seguranca_viaria_d-9-1280x854.jpg\" alt=\"\" class=\"wp-image-378749\" srcset=\"https:\/\/jundiai.sp.gov.br\/noticias\/wp-content\/uploads\/sites\/32\/2026\/04\/workshop_de_seguranca_viaria_d-9-1280x854.jpg 1280w, https:\/\/jundiai.sp.gov.br\/noticias\/wp-content\/uploads\/sites\/32\/2026\/04\/workshop_de_seguranca_viaria_d-9-300x200.jpg 300w, https:\/\/jundiai.sp.gov.br\/noticias\/wp-content\/uploads\/sites\/32\/2026\/04\/workshop_de_seguranca_viaria_d-9-768x512.jpg 768w, https:\/\/jundiai.sp.gov.br\/noticias\/wp-content\/uploads\/sites\/32\/2026\/04\/workshop_de_seguranca_viaria_d-9-1536x1024.jpg 1536w, https:\/\/jundiai.sp.gov.br\/noticias\/wp-content\/uploads\/sites\/32\/2026\/04\/workshop_de_seguranca_viaria_d-9-450x300.jpg 450w, https:\/\/jundiai.sp.gov.br\/noticias\/wp-content\/uploads\/sites\/32\/2026\/04\/workshop_de_seguranca_viaria_d-9.jpg 1900w\" sizes=\"auto, (max-width: 1280px) 100vw, 1280px\" \/><figcaption class=\"wp-element-caption\">Cilene, da empresa Dexco<\/figcaption><\/figure>\n\n\n\n<figure class=\"wp-block-image size-large\"><img loading=\"lazy\" decoding=\"async\" width=\"1280\" height=\"853\" data-id=\"378748\" src=\"https:\/\/jundiai.sp.gov.br\/noticias\/wp-content\/uploads\/sites\/32\/2026\/04\/workshop_de_seguranca_viaria_rw-53-1280x853.jpg\" alt=\"\" class=\"wp-image-378748\" srcset=\"https:\/\/jundiai.sp.gov.br\/noticias\/wp-content\/uploads\/sites\/32\/2026\/04\/workshop_de_seguranca_viaria_rw-53-1280x853.jpg 1280w, https:\/\/jundiai.sp.gov.br\/noticias\/wp-content\/uploads\/sites\/32\/2026\/04\/workshop_de_seguranca_viaria_rw-53-300x200.jpg 300w, https:\/\/jundiai.sp.gov.br\/noticias\/wp-content\/uploads\/sites\/32\/2026\/04\/workshop_de_seguranca_viaria_rw-53-768x512.jpg 768w, https:\/\/jundiai.sp.gov.br\/noticias\/wp-content\/uploads\/sites\/32\/2026\/04\/workshop_de_seguranca_viaria_rw-53-1536x1024.jpg 1536w, https:\/\/jundiai.sp.gov.br\/noticias\/wp-content\/uploads\/sites\/32\/2026\/04\/workshop_de_seguranca_viaria_rw-53-450x300.jpg 450w, https:\/\/jundiai.sp.gov.br\/noticias\/wp-content\/uploads\/sites\/32\/2026\/04\/workshop_de_seguranca_viaria_rw-53.jpg 1800w\" sizes=\"auto, (max-width: 1280px) 100vw, 1280px\" \/><figcaption class=\"wp-element-caption\">Participantes da viv\u00eancia <\/figcaption><\/figure>\n<\/figure>\n\n\n\n<p>Cilene Amaral Pandeirada \u00e9 t\u00e9cnica em Seguran\u00e7a no Trabalho da empresa Dexco e se inscreveu no workshop. Ela elogiou a iniciativa. \u201c\u00c9 \u00f3timo ver o Poder P\u00fablico tomando a iniciativa da preven\u00e7\u00e3o. Vou contribuir dentro da empresa para refor\u00e7ar a educa\u00e7\u00e3o de tr\u00e2nsito junto a nossos colaboradores\u201d, ressaltou. Ela lembrou que os sinistros com v\u00edtimas t\u00eam um grande impacto na vida das pessoas e para a cidade, seja no sistema p\u00fablico de sa\u00fade, nas empresas e no ambiente familiar. \u201cA Dexco possui v\u00e1rios funcion\u00e1rios que s\u00e3o motociclistas, o que nos deixa ainda mais atentos e atuantes no trabalho de preven\u00e7\u00e3o\u201d. A empresa emprega 1.200 colaboradores na cidade.<\/p>\n\n\n\n<p>A secret\u00e1ria de Mobilidade e Transporte de Jundia\u00ed, Ana Paula de Almeida, destacou a import\u00e2ncia de se multiplicar as informa\u00e7\u00f5es com foco na preven\u00e7\u00e3o e em favor da vida. \u201cNo tr\u00e2nsito, s\u00e3o necess\u00e1rias empatia, aten\u00e7\u00e3o e responsabilidade compartilhada. Ningu\u00e9m sai de casa com a inten\u00e7\u00e3o de n\u00e3o voltar para suas fam\u00edlias. A seguran\u00e7a vi\u00e1ria tem que ser constru\u00edda por todos, diariamente, com total respeito \u00e0s leis de tr\u00e2nsito\u201d, finalizou Ana Paula.<\/p>\n\n\n\n<p><strong>Assessoria de Imprensa<\/strong><br><strong>Fotos: Fot\u00f3grafos PMJ<\/strong><\/p>\n","protected":false},"excerpt":{"rendered":"<p>A Prefeitura de Jundia\u00ed, por meio da Secretaria Municipal de Mobilidade e Transporte (SMMT), reuniu representantes de 14 empresas privadas da Regi\u00e3o Metropolitana (RMJ), no Pa\u00e7o Municipal, num workshop sobre seguran\u00e7a vi\u00e1ria. O evento foi voltado \u00e0 forma\u00e7\u00e3o de multiplicadores junto \u00e0s companhias, com colaboradores das \u00e1reas de Seguran\u00e7a do Trabalho e Recursos Humanos. O [&hellip;]<\/p>\n","protected":false},"author":54,"featured_media":378747,"comment_status":"closed","ping_status":"0","sticky":false,"template":"","format":"standard","meta":{"footnotes":""},"categories":[4620,2],"tags":[982,5936,3369,5778],"ods":[],"class_list":["post-378742","post","type-post","status-publish","format-standard","has-post-thumbnail","hentry","category-destaques","category-noticias","tag-mobilidade-e-transporte","tag-secretaria-municipal-de-mobilidade-e-transporte-smmt","tag-seguranca-viaria","tag-smmt"],"_links":{"self":[{"href":"https:\/\/jundiai.sp.gov.br\/noticias\/wp-json\/wp\/v2\/posts\/378742","targetHints":{"allow":["GET"]}}],"collection":[{"href":"https:\/\/jundiai.sp.gov.br\/noticias\/wp-json\/wp\/v2\/posts"}],"about":[{"href":"https:\/\/jundiai.sp.gov.br\/noticias\/wp-json\/wp\/v2\/types\/post"}],"author":[{"embeddable":true,"href":"https:\/\/jundiai.sp.gov.br\/noticias\/wp-json\/wp\/v2\/users\/54"}],"replies":[{"embeddable":true,"href":"https:\/\/jundiai.sp.gov.br\/noticias\/wp-json\/wp\/v2\/comments?post=378742"}],"version-history":[{"count":5,"href":"https:\/\/jundiai.sp.gov.br\/noticias\/wp-json\/wp\/v2\/posts\/378742\/revisions"}],"predecessor-version":[{"id":378753,"href":"https:\/\/jundiai.sp.gov.br\/noticias\/wp-json\/wp\/v2\/posts\/378742\/revisions\/378753"}],"wp:featuredmedia":[{"embeddable":true,"href":"https:\/\/jundiai.sp.gov.br\/noticias\/wp-json\/wp\/v2\/media\/378747"}],"wp:attachment":[{"href":"https:\/\/jundiai.sp.gov.br\/noticias\/wp-json\/wp\/v2\/media?parent=378742"}],"wp:term":[{"taxonomy":"category","embeddable":true,"href":"https:\/\/jundiai.sp.gov.br\/noticias\/wp-json\/wp\/v2\/categories?post=378742"},{"taxonomy":"post_tag","embeddable":true,"href":"https:\/\/jundiai.sp.gov.br\/noticias\/wp-json\/wp\/v2\/tags?post=378742"},{"taxonomy":"ods","embeddable":true,"href":"https:\/\/jundiai.sp.gov.br\/noticias\/wp-json\/wp\/v2\/ods?post=378742"}],"curies":[{"name":"wp","href":"https:\/\/api.w.org\/{rel}","templated":true}]}}