{"id":378755,"date":"2026-04-29T08:04:00","date_gmt":"2026-04-29T11:04:00","guid":{"rendered":"https:\/\/jundiai.sp.gov.br\/noticias\/?p=378755"},"modified":"2026-04-28T12:00:34","modified_gmt":"2026-04-28T15:00:34","slug":"dia-do-trabalhador-no-corrupira-reune-empreendedores-do-galpao-criativo","status":"publish","type":"post","link":"https:\/\/jundiai.sp.gov.br\/noticias\/2026\/04\/29\/dia-do-trabalhador-no-corrupira-reune-empreendedores-do-galpao-criativo\/","title":{"rendered":"Dia do Trabalhador no Corrupira re\u00fane empreendedores do Galp\u00e3o Criativo"},"content":{"rendered":"\n<p>O Galp\u00e3o Criativo, a\u00e7\u00e3o vinculada ao eixo +Neg\u00f3cios da Secretaria de Desenvolvimento Econ\u00f4mico, Ci\u00eancia e Tecnologia, participa das a\u00e7\u00f5es especiais em comemora\u00e7\u00e3o ao Dia do Trabalhador, nesta sexta-feira (1\u00ba), no Parque do Corrupira, em Jundia\u00ed. A iniciativa re\u00fane empreendedores, que ir\u00e3o expor e comercializar seus produtos em um espa\u00e7o dedicado \u00e0 valoriza\u00e7\u00e3o da economia criativa.<\/p>\n\n\n\n<figure class=\"wp-block-image size-large\"><img loading=\"lazy\" decoding=\"async\" width=\"1280\" height=\"854\" src=\"https:\/\/jundiai.sp.gov.br\/noticias\/wp-content\/uploads\/sites\/32\/2026\/04\/54490088121_f36251e183_o-1-1280x854.jpg\" alt=\"\" class=\"wp-image-378756\" srcset=\"https:\/\/jundiai.sp.gov.br\/noticias\/wp-content\/uploads\/sites\/32\/2026\/04\/54490088121_f36251e183_o-1-1280x854.jpg 1280w, https:\/\/jundiai.sp.gov.br\/noticias\/wp-content\/uploads\/sites\/32\/2026\/04\/54490088121_f36251e183_o-1-300x200.jpg 300w, https:\/\/jundiai.sp.gov.br\/noticias\/wp-content\/uploads\/sites\/32\/2026\/04\/54490088121_f36251e183_o-1-768x512.jpg 768w, https:\/\/jundiai.sp.gov.br\/noticias\/wp-content\/uploads\/sites\/32\/2026\/04\/54490088121_f36251e183_o-1-1536x1024.jpg 1536w, https:\/\/jundiai.sp.gov.br\/noticias\/wp-content\/uploads\/sites\/32\/2026\/04\/54490088121_f36251e183_o-1-450x300.jpg 450w, https:\/\/jundiai.sp.gov.br\/noticias\/wp-content\/uploads\/sites\/32\/2026\/04\/54490088121_f36251e183_o-1.jpg 1900w\" sizes=\"auto, (max-width: 1280px) 100vw, 1280px\" \/><\/figure>\n\n\n\n<p>A programa\u00e7\u00e3o ocorre das 8h \u00e0s 17h e integra uma agenda mais ampla organizada para a data, que contar\u00e1 com atra\u00e7\u00f5es musicais e atividades de lazer voltadas para toda a fam\u00edlia. A proposta \u00e9 transformar o feriado em um momento de conviv\u00eancia, cultura e incentivo ao empreendedorismo local.<\/p>\n\n\n\n<p><strong><a href=\"https:\/\/jundiai.sp.gov.br\/noticias\/tag\/parque-corrupira\/\" target=\"_blank\" rel=\"noreferrer noopener\">CONFIRA MAIS INFORMA\u00c7\u00d5ES SOBRE O EVENTO<\/a><\/strong><\/p>\n\n\n\n<p><strong>Mobilidade e Transporte<\/strong><\/p>\n\n\n\n<p>Al\u00e9m da estrutura voltada aos expositores, o evento tamb\u00e9m contar\u00e1 com refor\u00e7o na mobilidade urbana. A Prefeitura de Jundia\u00ed colocar\u00e1 em opera\u00e7\u00e3o a linha especial 311, com transporte gratuito. O trajeto far\u00e1 a liga\u00e7\u00e3o entre o Pa\u00e7o Municipal e o Parque do Corrupira, passando pelo Terminal CECAP, com circula\u00e7\u00e3o das 7h45 \u00e0s 17h45 e sa\u00eddas a cada 30 minutos.<\/p>\n\n\n\n<figure class=\"wp-block-image size-large\"><img loading=\"lazy\" decoding=\"async\" width=\"1280\" height=\"853\" src=\"https:\/\/jundiai.sp.gov.br\/noticias\/wp-content\/uploads\/sites\/32\/2026\/04\/inauguracao_da_2a_fase_do_parque_do_currupira-13-1280x853.jpg\" alt=\"\" class=\"wp-image-378801\" srcset=\"https:\/\/jundiai.sp.gov.br\/noticias\/wp-content\/uploads\/sites\/32\/2026\/04\/inauguracao_da_2a_fase_do_parque_do_currupira-13-1280x853.jpg 1280w, https:\/\/jundiai.sp.gov.br\/noticias\/wp-content\/uploads\/sites\/32\/2026\/04\/inauguracao_da_2a_fase_do_parque_do_currupira-13-300x200.jpg 300w, https:\/\/jundiai.sp.gov.br\/noticias\/wp-content\/uploads\/sites\/32\/2026\/04\/inauguracao_da_2a_fase_do_parque_do_currupira-13-768x512.jpg 768w, https:\/\/jundiai.sp.gov.br\/noticias\/wp-content\/uploads\/sites\/32\/2026\/04\/inauguracao_da_2a_fase_do_parque_do_currupira-13-1536x1024.jpg 1536w, https:\/\/jundiai.sp.gov.br\/noticias\/wp-content\/uploads\/sites\/32\/2026\/04\/inauguracao_da_2a_fase_do_parque_do_currupira-13-450x300.jpg 450w, https:\/\/jundiai.sp.gov.br\/noticias\/wp-content\/uploads\/sites\/32\/2026\/04\/inauguracao_da_2a_fase_do_parque_do_currupira-13.jpg 1800w\" sizes=\"auto, (max-width: 1280px) 100vw, 1280px\" \/><figcaption class=\"wp-element-caption\">Visitantes poder\u00e3o praticar esporte na quadra de areia do Parque do Corrupira<\/figcaption><\/figure>\n\n\n\n<p><strong>Recrea\u00e7\u00e3o e Lazer no Corrupira <\/strong><br><br>Os mun\u00edcipes que forem ao Parque do Corrupira nesta sexta-feira poder\u00e3o aproveitar uma programa\u00e7\u00e3o variada de atividades recreativas e de lazer. Entre as op\u00e7\u00f5es, est\u00e3o partidas de v\u00f4lei nas quadras de areia, com acompanhamento de educadores e estagi\u00e1rios da Secretaria Municipal de Esporte e Lazer (SMEL).<\/p>\n\n\n\n<p><strong>Assessoria de Imprensa<br>Fotos: Fot\u00f3grafo PMJ<\/strong><\/p>\n","protected":false},"excerpt":{"rendered":"<p>O Galp\u00e3o Criativo, a\u00e7\u00e3o vinculada ao eixo +Neg\u00f3cios da Secretaria de Desenvolvimento Econ\u00f4mico, Ci\u00eancia e Tecnologia, participa das a\u00e7\u00f5es especiais em comemora\u00e7\u00e3o ao Dia do Trabalhador, nesta sexta-feira (1\u00ba), no Parque do Corrupira, em Jundia\u00ed. A iniciativa re\u00fane empreendedores, que ir\u00e3o expor e comercializar seus produtos em um espa\u00e7o dedicado \u00e0 valoriza\u00e7\u00e3o da economia criativa. [&hellip;]<\/p>\n","protected":false},"author":131,"featured_media":378756,"comment_status":"closed","ping_status":"0","sticky":false,"template":"","format":"standard","meta":{"footnotes":""},"categories":[2],"tags":[5548,365,5007,130,3431,3718,5001,5481,5567],"ods":[],"class_list":["post-378755","post","type-post","status-publish","format-standard","has-post-thumbnail","hentry","category-noticias","tag-negocios-2","tag-desenvolvimento-economico-ciencia-e-tecnologia","tag-dia-do-trabalhador","tag-dia-do-trabalho","tag-espaco-jundiai-empreendedora","tag-galpao-criativo","tag-parque-corrupira","tag-secretaria-de-desenvolvimento-economico","tag-secretaria-de-desenvolvimento-economico-ciencia-e-tecnologia"],"_links":{"self":[{"href":"https:\/\/jundiai.sp.gov.br\/noticias\/wp-json\/wp\/v2\/posts\/378755","targetHints":{"allow":["GET"]}}],"collection":[{"href":"https:\/\/jundiai.sp.gov.br\/noticias\/wp-json\/wp\/v2\/posts"}],"about":[{"href":"https:\/\/jundiai.sp.gov.br\/noticias\/wp-json\/wp\/v2\/types\/post"}],"author":[{"embeddable":true,"href":"https:\/\/jundiai.sp.gov.br\/noticias\/wp-json\/wp\/v2\/users\/131"}],"replies":[{"embeddable":true,"href":"https:\/\/jundiai.sp.gov.br\/noticias\/wp-json\/wp\/v2\/comments?post=378755"}],"version-history":[{"count":8,"href":"https:\/\/jundiai.sp.gov.br\/noticias\/wp-json\/wp\/v2\/posts\/378755\/revisions"}],"predecessor-version":[{"id":378807,"href":"https:\/\/jundiai.sp.gov.br\/noticias\/wp-json\/wp\/v2\/posts\/378755\/revisions\/378807"}],"wp:featuredmedia":[{"embeddable":true,"href":"https:\/\/jundiai.sp.gov.br\/noticias\/wp-json\/wp\/v2\/media\/378756"}],"wp:attachment":[{"href":"https:\/\/jundiai.sp.gov.br\/noticias\/wp-json\/wp\/v2\/media?parent=378755"}],"wp:term":[{"taxonomy":"category","embeddable":true,"href":"https:\/\/jundiai.sp.gov.br\/noticias\/wp-json\/wp\/v2\/categories?post=378755"},{"taxonomy":"post_tag","embeddable":true,"href":"https:\/\/jundiai.sp.gov.br\/noticias\/wp-json\/wp\/v2\/tags?post=378755"},{"taxonomy":"ods","embeddable":true,"href":"https:\/\/jundiai.sp.gov.br\/noticias\/wp-json\/wp\/v2\/ods?post=378755"}],"curies":[{"name":"wp","href":"https:\/\/api.w.org\/{rel}","templated":true}]}}