{"id":378759,"date":"2026-04-30T07:02:00","date_gmt":"2026-04-30T10:02:00","guid":{"rendered":"https:\/\/jundiai.sp.gov.br\/noticias\/?p=378759"},"modified":"2026-04-29T11:59:06","modified_gmt":"2026-04-29T14:59:06","slug":"de-maua-a-jundiai-paixao-pelos-trilhos-transforma-passeio-em-viagem-pela-historia","status":"publish","type":"post","link":"https:\/\/jundiai.sp.gov.br\/noticias\/2026\/04\/30\/de-maua-a-jundiai-paixao-pelos-trilhos-transforma-passeio-em-viagem-pela-historia\/","title":{"rendered":"De Mau\u00e1 a Jundia\u00ed: paix\u00e3o pelos trilhos transforma passeio em viagem pela hist\u00f3ria"},"content":{"rendered":"\n<p>Jundia\u00ed encanta turistas de diferentes cidades com sua forte liga\u00e7\u00e3o com a hist\u00f3ria da ferrovia. A cidade recebeu visitantes que escolheram viver essa experi\u00eancia de forma completa: sobre trilhos. Morador de Mau\u00e1 e apaixonado pelo universo ferrovi\u00e1rio, o jovem Raphael de Souza convenceu a m\u00e3e, Fl\u00e1via Barbosa de Souza, a embarcar no Expresso Tur\u00edstico da CPTM para conhecer de perto a cidade que ele tanto admira.<\/p>\n\n\n\n<p>A visita ganha ainda mais significado neste per\u00edodo, j\u00e1 que o Dia do Ferrovi\u00e1rio \u00e9 comemorado oficialmente no Brasil em 30 de abril. A data homenageia os profissionais das estradas de ferro e marca a inaugura\u00e7\u00e3o da primeira linha ferrovi\u00e1ria do pa\u00eds, em 1854, a Estrada de Ferro Mau\u00e1, marco inicial do transporte ferrovi\u00e1rio brasileiro e de uma hist\u00f3ria que segue viva em cidades como Jundia\u00ed.<\/p>\n\n\n\n<p>Criado para resgatar a mem\u00f3ria ferrovi\u00e1ria paulista e incentivar o turismo regional, o Expresso Tur\u00edstico da CPTM oferece aos passageiros uma verdadeira viagem no tempo. Com partida da Esta\u00e7\u00e3o da Luz, na capital, o passeio at\u00e9 Jundia\u00ed \u00e9 feito em uma locomotiva hist\u00f3rica ALCO RS-3, de 1952, que conduz carros de passageiros fabricados no Brasil na d\u00e9cada de 1960 e totalmente restaurados.<\/p>\n\n\n\n<p>Para Rafael, chegar a Jundia\u00ed a bordo do Expresso Tur\u00edstico era uma forma de sentir na pr\u00e1tica a hist\u00f3ria da ferrovia que ele tanto estuda. O passeio parte da Esta\u00e7\u00e3o da Luz, em S\u00e3o Paulo e refaz um dos trajetos mais simb\u00f3licos do desenvolvimento paulista e transforma a viagem em uma verdadeira imers\u00e3o na mem\u00f3ria ferrovi\u00e1ria.<\/p>\n\n\n\n<figure class=\"wp-block-gallery has-nested-images columns-default is-cropped wp-block-gallery-1 is-layout-flex wp-block-gallery-is-layout-flex\">\n<figure class=\"wp-block-image size-large\"><img loading=\"lazy\" decoding=\"async\" width=\"1280\" height=\"960\" data-id=\"378762\" src=\"https:\/\/jundiai.sp.gov.br\/noticias\/wp-content\/uploads\/sites\/32\/2026\/04\/img_7970-1280x960.jpg\" alt=\"\" class=\"wp-image-378762\" srcset=\"https:\/\/jundiai.sp.gov.br\/noticias\/wp-content\/uploads\/sites\/32\/2026\/04\/img_7970-1280x960.jpg 1280w, https:\/\/jundiai.sp.gov.br\/noticias\/wp-content\/uploads\/sites\/32\/2026\/04\/img_7970-300x225.jpg 300w, https:\/\/jundiai.sp.gov.br\/noticias\/wp-content\/uploads\/sites\/32\/2026\/04\/img_7970-768x576.jpg 768w, https:\/\/jundiai.sp.gov.br\/noticias\/wp-content\/uploads\/sites\/32\/2026\/04\/img_7970-1536x1152.jpg 1536w, https:\/\/jundiai.sp.gov.br\/noticias\/wp-content\/uploads\/sites\/32\/2026\/04\/img_7970.jpg 1900w\" sizes=\"auto, (max-width: 1280px) 100vw, 1280px\" \/><figcaption class=\"wp-element-caption\">Raphael ficou emocionado com a visita <\/figcaption><\/figure>\n\n\n\n<figure class=\"wp-block-image size-large\"><img loading=\"lazy\" decoding=\"async\" width=\"1280\" height=\"960\" data-id=\"378763\" src=\"https:\/\/jundiai.sp.gov.br\/noticias\/wp-content\/uploads\/sites\/32\/2026\/04\/img_7966-1280x960.jpeg\" alt=\"\" class=\"wp-image-378763\" srcset=\"https:\/\/jundiai.sp.gov.br\/noticias\/wp-content\/uploads\/sites\/32\/2026\/04\/img_7966-1280x960.jpeg 1280w, https:\/\/jundiai.sp.gov.br\/noticias\/wp-content\/uploads\/sites\/32\/2026\/04\/img_7966-300x225.jpeg 300w, https:\/\/jundiai.sp.gov.br\/noticias\/wp-content\/uploads\/sites\/32\/2026\/04\/img_7966-768x576.jpeg 768w, https:\/\/jundiai.sp.gov.br\/noticias\/wp-content\/uploads\/sites\/32\/2026\/04\/img_7966-1536x1152.jpeg 1536w, https:\/\/jundiai.sp.gov.br\/noticias\/wp-content\/uploads\/sites\/32\/2026\/04\/img_7966.jpeg 1900w\" sizes=\"auto, (max-width: 1280px) 100vw, 1280px\" \/><figcaption class=\"wp-element-caption\">Fl\u00e1via Barbosa de Souza e Raphael de Souza<\/figcaption><\/figure>\n<\/figure>\n\n\n\n<p>Foi pela televis\u00e3o que Fl\u00e1via ouviu falar de Jundia\u00ed e despertou a curiosidade de conhecer a cidade. Mas foi a paix\u00e3o do filho pelos trilhos que transformou o passeio em uma viagem cheia de significado. \u201cJundia\u00ed passou na TV e eu fiquei encantada principalmente porque meu filho, que \u00e9 apaixonado por ferrovia j\u00e1 falava muito e desejava conhecer a cidade pois, grande parte da import\u00e2ncia da ferrovia est\u00e1 aqui. Ent\u00e3o a gente veio conferir de pertinho\u201d, contou.<\/p>\n\n\n\n<p>\u201cJundia\u00ed, para mim, \u00e9 um lugar hist\u00f3rico, muito importante para a ferrovia. H\u00e1 mais de 150 anos, foi ponto final dessa linha f\u00e9rrea. \u00c9 um \u00f3timo lugar para quem gosta da hist\u00f3ria da SPR, da rede ferrovi\u00e1ria e da CPTM\u201d, afirmou o jovem, emocionado durante a visita ao Museu da Companhia Paulista, no Espa\u00e7o Expressa. Para ele, a visita representa a realiza\u00e7\u00e3o de um sonho antigo, ele v\u00ea Jundia\u00ed como um destino obrigat\u00f3rio para quem se interessa pelo tema. <\/p>\n\n\n\n<figure class=\"wp-block-gallery has-nested-images columns-default is-cropped wp-block-gallery-2 is-layout-flex wp-block-gallery-is-layout-flex\">\n<figure class=\"wp-block-image size-large\"><img loading=\"lazy\" decoding=\"async\" width=\"1280\" height=\"960\" data-id=\"378766\" src=\"https:\/\/jundiai.sp.gov.br\/noticias\/wp-content\/uploads\/sites\/32\/2026\/04\/whatsapp-image-2026-04-27-at-16-51-38-1280x960.jpeg\" alt=\"\" class=\"wp-image-378766\" srcset=\"https:\/\/jundiai.sp.gov.br\/noticias\/wp-content\/uploads\/sites\/32\/2026\/04\/whatsapp-image-2026-04-27-at-16-51-38-1280x960.jpeg 1280w, https:\/\/jundiai.sp.gov.br\/noticias\/wp-content\/uploads\/sites\/32\/2026\/04\/whatsapp-image-2026-04-27-at-16-51-38-300x225.jpeg 300w, https:\/\/jundiai.sp.gov.br\/noticias\/wp-content\/uploads\/sites\/32\/2026\/04\/whatsapp-image-2026-04-27-at-16-51-38-768x576.jpeg 768w, https:\/\/jundiai.sp.gov.br\/noticias\/wp-content\/uploads\/sites\/32\/2026\/04\/whatsapp-image-2026-04-27-at-16-51-38-1536x1152.jpeg 1536w, https:\/\/jundiai.sp.gov.br\/noticias\/wp-content\/uploads\/sites\/32\/2026\/04\/whatsapp-image-2026-04-27-at-16-51-38.jpeg 1600w\" sizes=\"auto, (max-width: 1280px) 100vw, 1280px\" \/><figcaption class=\"wp-element-caption\"> Museu da Companhia Paulista <\/figcaption><\/figure>\n\n\n\n<figure class=\"wp-block-image size-large\"><img loading=\"lazy\" decoding=\"async\" width=\"1280\" height=\"960\" data-id=\"378767\" src=\"https:\/\/jundiai.sp.gov.br\/noticias\/wp-content\/uploads\/sites\/32\/2026\/04\/whatsapp-image-2026-04-27-at-16-51-39-1-1280x960.jpeg\" alt=\"\" class=\"wp-image-378767\" srcset=\"https:\/\/jundiai.sp.gov.br\/noticias\/wp-content\/uploads\/sites\/32\/2026\/04\/whatsapp-image-2026-04-27-at-16-51-39-1-1280x960.jpeg 1280w, https:\/\/jundiai.sp.gov.br\/noticias\/wp-content\/uploads\/sites\/32\/2026\/04\/whatsapp-image-2026-04-27-at-16-51-39-1-300x225.jpeg 300w, https:\/\/jundiai.sp.gov.br\/noticias\/wp-content\/uploads\/sites\/32\/2026\/04\/whatsapp-image-2026-04-27-at-16-51-39-1-768x576.jpeg 768w, https:\/\/jundiai.sp.gov.br\/noticias\/wp-content\/uploads\/sites\/32\/2026\/04\/whatsapp-image-2026-04-27-at-16-51-39-1-1536x1152.jpeg 1536w, https:\/\/jundiai.sp.gov.br\/noticias\/wp-content\/uploads\/sites\/32\/2026\/04\/whatsapp-image-2026-04-27-at-16-51-39-1.jpeg 1600w\" sizes=\"auto, (max-width: 1280px) 100vw, 1280px\" \/><figcaption class=\"wp-element-caption\">Museu da Companhia Paulista <\/figcaption><\/figure>\n<\/figure>\n\n\n\n<p>A experi\u00eancia ganhou um significado ainda mais especial porque coincidiu com a celebra\u00e7\u00e3o dos 17 anos do Expresso Tur\u00edstico, que teve Jundia\u00ed como destino inaugural e, desde ent\u00e3o, se consolidou como uma das principais rotas de turismo ferrovi\u00e1rio do Estado de S\u00e3o Paulo, unindo lazer, cultura e preserva\u00e7\u00e3o hist\u00f3rica.<\/p>\n\n\n\n<figure class=\"wp-block-gallery has-nested-images columns-default is-cropped wp-block-gallery-3 is-layout-flex wp-block-gallery-is-layout-flex\">\n<figure class=\"wp-block-image size-large\"><img loading=\"lazy\" decoding=\"async\" width=\"1280\" height=\"720\" data-id=\"378764\" src=\"https:\/\/jundiai.sp.gov.br\/noticias\/wp-content\/uploads\/sites\/32\/2026\/04\/expresso-atual-1.jpg\" alt=\"\" class=\"wp-image-378764\" srcset=\"https:\/\/jundiai.sp.gov.br\/noticias\/wp-content\/uploads\/sites\/32\/2026\/04\/expresso-atual-1.jpg 1280w, https:\/\/jundiai.sp.gov.br\/noticias\/wp-content\/uploads\/sites\/32\/2026\/04\/expresso-atual-1-300x169.jpg 300w, https:\/\/jundiai.sp.gov.br\/noticias\/wp-content\/uploads\/sites\/32\/2026\/04\/expresso-atual-1-768x432.jpg 768w\" sizes=\"auto, (max-width: 1280px) 100vw, 1280px\" \/><figcaption class=\"wp-element-caption\">Expresso Tur\u00edstico<\/figcaption><\/figure>\n\n\n\n<figure class=\"wp-block-image size-large\"><img loading=\"lazy\" decoding=\"async\" width=\"1280\" height=\"720\" data-id=\"378765\" src=\"https:\/\/jundiai.sp.gov.br\/noticias\/wp-content\/uploads\/sites\/32\/2026\/04\/expresso-atual-3.jpg\" alt=\"\" class=\"wp-image-378765\" srcset=\"https:\/\/jundiai.sp.gov.br\/noticias\/wp-content\/uploads\/sites\/32\/2026\/04\/expresso-atual-3.jpg 1280w, https:\/\/jundiai.sp.gov.br\/noticias\/wp-content\/uploads\/sites\/32\/2026\/04\/expresso-atual-3-300x169.jpg 300w, https:\/\/jundiai.sp.gov.br\/noticias\/wp-content\/uploads\/sites\/32\/2026\/04\/expresso-atual-3-768x432.jpg 768w\" sizes=\"auto, (max-width: 1280px) 100vw, 1280px\" \/><figcaption class=\"wp-element-caption\">Expresso Tur\u00edstico<\/figcaption><\/figure>\n<\/figure>\n\n\n\n<p>Atualmente, o Expresso Tur\u00edstico conta com 352 assentos e estrutura acess\u00edvel para cadeirantes, refor\u00e7ando o compromisso com inclus\u00e3o e conforto. As viagens s\u00e3o realizadas aos fins de semana e feriados, consolidando Jundia\u00ed como um dos principais destinos do turismo ferrovi\u00e1rio paulista.<\/p>\n\n\n\n<h2 class=\"wp-block-heading\">Como visitar<\/h2>\n\n\n\n<p>Os ingressos para o Expresso Tur\u00edstico s\u00e3o vendidos exclusivamente pela internet, com libera\u00e7\u00e3o na primeira semana de cada m\u00eas para as viagens do m\u00eas seguinte.<\/p>\n\n\n\n<p>As sa\u00eddas acontecem aos s\u00e1bados, domingos e feriados, com embarque na Esta\u00e7\u00e3o da Luz, em S\u00e3o Paulo, e chegada em Jundia\u00ed.<\/p>\n\n\n\n<p>Al\u00e9m do passeio de trem, os visitantes podem aproveitar as rotas tur\u00edsticas da cidade e conhecer atrativos como o Espa\u00e7o Expressa, o Museu da Companhia Paulista e outros pontos hist\u00f3ricos que ajudam a preservar a mem\u00f3ria ferrovi\u00e1ria de Jundia\u00ed.<\/p>\n\n\n\n<p>Mais informa\u00e7\u00f5es sobre datas, ingressos e programa\u00e7\u00e3o podem ser acompanhadas pelo site da CPTM (<a href=\"https:\/\/www.cptm.sp.gov.br\/cptm\/sua-viagem\/expresso-turistico\">clique aqui<\/a>). <\/p>\n\n\n\n<p><strong>Assessoria de Imprensa <br>Fotos: Fot\u00f3grafos PMJ<\/strong><\/p>\n","protected":false},"excerpt":{"rendered":"<p>Jundia\u00ed encanta turistas de diferentes cidades com sua forte liga\u00e7\u00e3o com a hist\u00f3ria da ferrovia. A cidade recebeu visitantes que escolheram viver essa experi\u00eancia de forma completa: sobre trilhos. Morador de Mau\u00e1 e apaixonado pelo universo ferrovi\u00e1rio, o jovem Raphael de Souza convenceu a m\u00e3e, Fl\u00e1via Barbosa de Souza, a embarcar no Expresso Tur\u00edstico da [&hellip;]<\/p>\n","protected":false},"author":69,"featured_media":378762,"comment_status":"closed","ping_status":"0","sticky":false,"template":"","format":"standard","meta":{"footnotes":""},"categories":[2],"tags":[449,3519,6503,6502,450,5577],"ods":[],"class_list":["post-378759","post","type-post","status-publish","format-standard","has-post-thumbnail","hentry","category-noticias","tag-espaco-expressa","tag-expresso-turistico","tag-ferrovia","tag-museu-da-companhia-paulista","tag-museu-dos-ferroviarios","tag-secretaria-de-agronegocio-abastecimento-e-turismo"],"_links":{"self":[{"href":"https:\/\/jundiai.sp.gov.br\/noticias\/wp-json\/wp\/v2\/posts\/378759","targetHints":{"allow":["GET"]}}],"collection":[{"href":"https:\/\/jundiai.sp.gov.br\/noticias\/wp-json\/wp\/v2\/posts"}],"about":[{"href":"https:\/\/jundiai.sp.gov.br\/noticias\/wp-json\/wp\/v2\/types\/post"}],"author":[{"embeddable":true,"href":"https:\/\/jundiai.sp.gov.br\/noticias\/wp-json\/wp\/v2\/users\/69"}],"replies":[{"embeddable":true,"href":"https:\/\/jundiai.sp.gov.br\/noticias\/wp-json\/wp\/v2\/comments?post=378759"}],"version-history":[{"count":4,"href":"https:\/\/jundiai.sp.gov.br\/noticias\/wp-json\/wp\/v2\/posts\/378759\/revisions"}],"predecessor-version":[{"id":378923,"href":"https:\/\/jundiai.sp.gov.br\/noticias\/wp-json\/wp\/v2\/posts\/378759\/revisions\/378923"}],"wp:featuredmedia":[{"embeddable":true,"href":"https:\/\/jundiai.sp.gov.br\/noticias\/wp-json\/wp\/v2\/media\/378762"}],"wp:attachment":[{"href":"https:\/\/jundiai.sp.gov.br\/noticias\/wp-json\/wp\/v2\/media?parent=378759"}],"wp:term":[{"taxonomy":"category","embeddable":true,"href":"https:\/\/jundiai.sp.gov.br\/noticias\/wp-json\/wp\/v2\/categories?post=378759"},{"taxonomy":"post_tag","embeddable":true,"href":"https:\/\/jundiai.sp.gov.br\/noticias\/wp-json\/wp\/v2\/tags?post=378759"},{"taxonomy":"ods","embeddable":true,"href":"https:\/\/jundiai.sp.gov.br\/noticias\/wp-json\/wp\/v2\/ods?post=378759"}],"curies":[{"name":"wp","href":"https:\/\/api.w.org\/{rel}","templated":true}]}}