{"id":378769,"date":"2026-04-27T17:34:34","date_gmt":"2026-04-27T20:34:34","guid":{"rendered":"https:\/\/jundiai.sp.gov.br\/noticias\/?p=378769"},"modified":"2026-04-27T17:34:34","modified_gmt":"2026-04-27T20:34:34","slug":"bom-dia-servidor-amplia-dialogo-com-equipes-da-assistencia-social-e-reforca-valorizacao-do-funcionalismo-em-jundiai","status":"publish","type":"post","link":"https:\/\/jundiai.sp.gov.br\/noticias\/2026\/04\/27\/bom-dia-servidor-amplia-dialogo-com-equipes-da-assistencia-social-e-reforca-valorizacao-do-funcionalismo-em-jundiai\/","title":{"rendered":"Bom Dia Servidor amplia di\u00e1logo com equipes da Assist\u00eancia Social e refor\u00e7a valoriza\u00e7\u00e3o do funcionalismo em Jundia\u00ed"},"content":{"rendered":"\n<p>A Prefeitura de Jundia\u00ed realizou mais uma edi\u00e7\u00e3o do programa \u201cBom Dia Servidor\u201d, desta vez com a participa\u00e7\u00e3o dos profissionais da Secretaria de Assist\u00eancia e Desenvolvimento Social (SMADS). O encontro, promovido no Pa\u00e7o Municipal, refor\u00e7ou a proposta da administra\u00e7\u00e3o de ampliar o di\u00e1logo com os servidores, aproximar a gest\u00e3o do funcionalismo promovendo di\u00e1logo aberto, troca de experi\u00eancias e a escuta ativa das demandas.<\/p>\n\n\n\n<figure class=\"wp-block-gallery has-nested-images columns-default is-cropped wp-block-gallery-1 is-layout-flex wp-block-gallery-is-layout-flex\">\n<figure class=\"wp-block-image size-large\"><img loading=\"lazy\" decoding=\"async\" width=\"1280\" height=\"854\" data-id=\"378770\" src=\"https:\/\/jundiai.sp.gov.br\/noticias\/wp-content\/uploads\/sites\/32\/2026\/04\/bom_dia_servidor_smads-49-1280x854.jpg\" alt=\"\" class=\"wp-image-378770\" srcset=\"https:\/\/jundiai.sp.gov.br\/noticias\/wp-content\/uploads\/sites\/32\/2026\/04\/bom_dia_servidor_smads-49-1280x854.jpg 1280w, https:\/\/jundiai.sp.gov.br\/noticias\/wp-content\/uploads\/sites\/32\/2026\/04\/bom_dia_servidor_smads-49-300x200.jpg 300w, https:\/\/jundiai.sp.gov.br\/noticias\/wp-content\/uploads\/sites\/32\/2026\/04\/bom_dia_servidor_smads-49-768x512.jpg 768w, https:\/\/jundiai.sp.gov.br\/noticias\/wp-content\/uploads\/sites\/32\/2026\/04\/bom_dia_servidor_smads-49-1536x1024.jpg 1536w, https:\/\/jundiai.sp.gov.br\/noticias\/wp-content\/uploads\/sites\/32\/2026\/04\/bom_dia_servidor_smads-49-450x300.jpg 450w, https:\/\/jundiai.sp.gov.br\/noticias\/wp-content\/uploads\/sites\/32\/2026\/04\/bom_dia_servidor_smads-49.jpg 1900w\" sizes=\"auto, (max-width: 1280px) 100vw, 1280px\" \/><\/figure>\n<\/figure>\n\n\n\n<p>Durante o encontro, o prefeito Gustavo Martinelli destacou que a proposta do programa \u00e9 fortalecer a valoriza\u00e7\u00e3o dos servidores e promover a constru\u00e7\u00e3o conjunta de solu\u00e7\u00f5es. \u201cO \u2018Bom Dia Servidor\u2019 foi pensado para aproximar ainda mais a gest\u00e3o de quem est\u00e1 na linha de frente dos servi\u00e7os p\u00fablicos. Esse contato direto permite ouvir, compreender melhor os desafios da rotina e construir solu\u00e7\u00f5es de forma mais \u00e1gil e eficiente. Valorizar o servidor \u00e9 valorizar tamb\u00e9m a qualidade do atendimento prestado \u00e0 popula\u00e7\u00e3o\u201d, afirmou.<\/p>\n\n\n\n<p>A secret\u00e1ria de Assist\u00eancia e Desenvolvimento Social, Luciane Mosca, ressaltou a import\u00e2ncia do espa\u00e7o de di\u00e1logo para reconhecer o trabalho das equipes e aprimorar os servi\u00e7os. \u201cA Assist\u00eancia Social atua diretamente com pessoas em situa\u00e7\u00e3o de vulnerabilidade e, por isso, ouvir nossos servidores \u00e9 essencial. S\u00e3o eles que vivenciam diariamente as demandas da popula\u00e7\u00e3o e contribuem de forma decisiva para que possamos aprimorar processos, fortalecer a rede e qualificar ainda mais o atendimento\u201d, destacou.<\/p>\n\n\n\n<figure class=\"wp-block-gallery has-nested-images columns-default is-cropped wp-block-gallery-2 is-layout-flex wp-block-gallery-is-layout-flex\">\n<figure class=\"wp-block-image size-large\"><img loading=\"lazy\" decoding=\"async\" width=\"1280\" height=\"854\" data-id=\"378771\" src=\"https:\/\/jundiai.sp.gov.br\/noticias\/wp-content\/uploads\/sites\/32\/2026\/04\/bom_dia_servidor_smads-45-1280x854.jpg\" alt=\"\" class=\"wp-image-378771\" srcset=\"https:\/\/jundiai.sp.gov.br\/noticias\/wp-content\/uploads\/sites\/32\/2026\/04\/bom_dia_servidor_smads-45-1280x854.jpg 1280w, https:\/\/jundiai.sp.gov.br\/noticias\/wp-content\/uploads\/sites\/32\/2026\/04\/bom_dia_servidor_smads-45-300x200.jpg 300w, https:\/\/jundiai.sp.gov.br\/noticias\/wp-content\/uploads\/sites\/32\/2026\/04\/bom_dia_servidor_smads-45-768x512.jpg 768w, https:\/\/jundiai.sp.gov.br\/noticias\/wp-content\/uploads\/sites\/32\/2026\/04\/bom_dia_servidor_smads-45-1536x1024.jpg 1536w, https:\/\/jundiai.sp.gov.br\/noticias\/wp-content\/uploads\/sites\/32\/2026\/04\/bom_dia_servidor_smads-45-450x300.jpg 450w, https:\/\/jundiai.sp.gov.br\/noticias\/wp-content\/uploads\/sites\/32\/2026\/04\/bom_dia_servidor_smads-45.jpg 1900w\" sizes=\"auto, (max-width: 1280px) 100vw, 1280px\" \/><figcaption class=\"wp-element-caption\">Emily, Gustavo, Luciane e Umberto<\/figcaption><\/figure>\n\n\n\n<figure class=\"wp-block-image size-large\"><img loading=\"lazy\" decoding=\"async\" width=\"1280\" height=\"854\" data-id=\"378772\" src=\"https:\/\/jundiai.sp.gov.br\/noticias\/wp-content\/uploads\/sites\/32\/2026\/04\/bom_dia_servidor_smads-35-1280x854.jpg\" alt=\"\" class=\"wp-image-378772\" srcset=\"https:\/\/jundiai.sp.gov.br\/noticias\/wp-content\/uploads\/sites\/32\/2026\/04\/bom_dia_servidor_smads-35-1280x854.jpg 1280w, https:\/\/jundiai.sp.gov.br\/noticias\/wp-content\/uploads\/sites\/32\/2026\/04\/bom_dia_servidor_smads-35-300x200.jpg 300w, https:\/\/jundiai.sp.gov.br\/noticias\/wp-content\/uploads\/sites\/32\/2026\/04\/bom_dia_servidor_smads-35-768x512.jpg 768w, https:\/\/jundiai.sp.gov.br\/noticias\/wp-content\/uploads\/sites\/32\/2026\/04\/bom_dia_servidor_smads-35-1536x1024.jpg 1536w, https:\/\/jundiai.sp.gov.br\/noticias\/wp-content\/uploads\/sites\/32\/2026\/04\/bom_dia_servidor_smads-35-450x300.jpg 450w, https:\/\/jundiai.sp.gov.br\/noticias\/wp-content\/uploads\/sites\/32\/2026\/04\/bom_dia_servidor_smads-35.jpg 1900w\" sizes=\"auto, (max-width: 1280px) 100vw, 1280px\" \/><figcaption class=\"wp-element-caption\">Lilian Nicola (conjunto estampado)<\/figcaption><\/figure>\n\n\n\n<figure class=\"wp-block-image size-large\"><img loading=\"lazy\" decoding=\"async\" width=\"1280\" height=\"854\" data-id=\"378773\" src=\"https:\/\/jundiai.sp.gov.br\/noticias\/wp-content\/uploads\/sites\/32\/2026\/04\/bom_dia_servidor_smads-39-1280x854.jpg\" alt=\"\" class=\"wp-image-378773\" srcset=\"https:\/\/jundiai.sp.gov.br\/noticias\/wp-content\/uploads\/sites\/32\/2026\/04\/bom_dia_servidor_smads-39-1280x854.jpg 1280w, https:\/\/jundiai.sp.gov.br\/noticias\/wp-content\/uploads\/sites\/32\/2026\/04\/bom_dia_servidor_smads-39-300x200.jpg 300w, https:\/\/jundiai.sp.gov.br\/noticias\/wp-content\/uploads\/sites\/32\/2026\/04\/bom_dia_servidor_smads-39-768x512.jpg 768w, https:\/\/jundiai.sp.gov.br\/noticias\/wp-content\/uploads\/sites\/32\/2026\/04\/bom_dia_servidor_smads-39-1536x1024.jpg 1536w, https:\/\/jundiai.sp.gov.br\/noticias\/wp-content\/uploads\/sites\/32\/2026\/04\/bom_dia_servidor_smads-39-450x300.jpg 450w, https:\/\/jundiai.sp.gov.br\/noticias\/wp-content\/uploads\/sites\/32\/2026\/04\/bom_dia_servidor_smads-39.jpg 1900w\" sizes=\"auto, (max-width: 1280px) 100vw, 1280px\" \/><figcaption class=\"wp-element-caption\">As equipes visitaram o <br>gabinete do prefeito<\/figcaption><\/figure>\n<\/figure>\n\n\n\n<p>J\u00e1 a secret\u00e1ria de Administra\u00e7\u00e3o e Gest\u00e3o de Pessoas, Emily Scapinelli, refor\u00e7ou que a proposta \u00e9 consolidar uma cultura de escuta e valoriza\u00e7\u00e3o dentro do servi\u00e7o p\u00fablico municipal. \u201cO programa foi estruturado para fortalecer a rela\u00e7\u00e3o entre gest\u00e3o e servidor, criando um ambiente mais pr\u00f3ximo, transparente e colaborativo. Essa escuta ativa contribui para decis\u00f5es mais assertivas e para a constru\u00e7\u00e3o de um ambiente de trabalho mais acolhedor e eficiente\u201d, explicou.<\/p>\n\n\n\n<p>Para a servidora Lilian Nicola, a experi\u00eancia foi marcada pela proximidade com a gest\u00e3o e pela oportunidade de ser ouvida. \u201c\u00c9 a primeira vez que participo de um encontro com essa proposta e ter esse contato mais pr\u00f3ximo com o prefeito e com os secret\u00e1rios faz toda diferen\u00e7a\u201d, relatou.<\/p>\n\n\n\n<p>O programa integra as a\u00e7\u00f5es da Prefeitura de Jundia\u00ed voltadas \u00e0 valoriza\u00e7\u00e3o do funcionalismo p\u00fablico e seguir\u00e1 fortalecendo o di\u00e1logo permanente para qualificar o ambiente de trabalho e aprimorar, de forma cont\u00ednua, os servi\u00e7os oferecidos \u00e0 popula\u00e7\u00e3o.<\/p>\n\n\n\n<p><strong>Assessoria de Imprensa <br>Fotos: Fot\u00f3grafos PMJ <\/strong><\/p>\n","protected":false},"excerpt":{"rendered":"<p>A Prefeitura de Jundia\u00ed realizou mais uma edi\u00e7\u00e3o do programa \u201cBom Dia Servidor\u201d, desta vez com a participa\u00e7\u00e3o dos profissionais da Secretaria de Assist\u00eancia e Desenvolvimento Social (SMADS). O encontro, promovido no Pa\u00e7o Municipal, refor\u00e7ou a proposta da administra\u00e7\u00e3o de ampliar o di\u00e1logo com os servidores, aproximar a gest\u00e3o do funcionalismo promovendo di\u00e1logo aberto, troca [&hellip;]<\/p>\n","protected":false},"author":69,"featured_media":378770,"comment_status":"closed","ping_status":"0","sticky":false,"template":"","format":"standard","meta":{"footnotes":""},"categories":[2],"tags":[5342,5556,5519],"ods":[],"class_list":["post-378769","post","type-post","status-publish","format-standard","has-post-thumbnail","hentry","category-noticias","tag-bom-dia-servidor","tag-secretaria-de-administracao-e-gestao-de-pessoas","tag-secretaria-de-assistencia-e-desenvolvimento-social"],"_links":{"self":[{"href":"https:\/\/jundiai.sp.gov.br\/noticias\/wp-json\/wp\/v2\/posts\/378769","targetHints":{"allow":["GET"]}}],"collection":[{"href":"https:\/\/jundiai.sp.gov.br\/noticias\/wp-json\/wp\/v2\/posts"}],"about":[{"href":"https:\/\/jundiai.sp.gov.br\/noticias\/wp-json\/wp\/v2\/types\/post"}],"author":[{"embeddable":true,"href":"https:\/\/jundiai.sp.gov.br\/noticias\/wp-json\/wp\/v2\/users\/69"}],"replies":[{"embeddable":true,"href":"https:\/\/jundiai.sp.gov.br\/noticias\/wp-json\/wp\/v2\/comments?post=378769"}],"version-history":[{"count":1,"href":"https:\/\/jundiai.sp.gov.br\/noticias\/wp-json\/wp\/v2\/posts\/378769\/revisions"}],"predecessor-version":[{"id":378775,"href":"https:\/\/jundiai.sp.gov.br\/noticias\/wp-json\/wp\/v2\/posts\/378769\/revisions\/378775"}],"wp:featuredmedia":[{"embeddable":true,"href":"https:\/\/jundiai.sp.gov.br\/noticias\/wp-json\/wp\/v2\/media\/378770"}],"wp:attachment":[{"href":"https:\/\/jundiai.sp.gov.br\/noticias\/wp-json\/wp\/v2\/media?parent=378769"}],"wp:term":[{"taxonomy":"category","embeddable":true,"href":"https:\/\/jundiai.sp.gov.br\/noticias\/wp-json\/wp\/v2\/categories?post=378769"},{"taxonomy":"post_tag","embeddable":true,"href":"https:\/\/jundiai.sp.gov.br\/noticias\/wp-json\/wp\/v2\/tags?post=378769"},{"taxonomy":"ods","embeddable":true,"href":"https:\/\/jundiai.sp.gov.br\/noticias\/wp-json\/wp\/v2\/ods?post=378769"}],"curies":[{"name":"wp","href":"https:\/\/api.w.org\/{rel}","templated":true}]}}