{"id":378774,"date":"2026-04-30T08:00:00","date_gmt":"2026-04-30T11:00:00","guid":{"rendered":"https:\/\/jundiai.sp.gov.br\/noticias\/?p=378774"},"modified":"2026-04-29T11:34:14","modified_gmt":"2026-04-29T14:34:14","slug":"centro-da-gente-programacao-de-maio-movimenta-o-centro-com-cultura-gastronomia-e-economia-criativa","status":"publish","type":"post","link":"https:\/\/jundiai.sp.gov.br\/noticias\/2026\/04\/30\/centro-da-gente-programacao-de-maio-movimenta-o-centro-com-cultura-gastronomia-e-economia-criativa\/","title":{"rendered":"Centro da Gente: programa\u00e7\u00e3o de maio movimenta o Centro com cultura, gastronomia e economia criativa"},"content":{"rendered":"\n<p>A regi\u00e3o central de Jundia\u00ed segue com uma agenda diversificada de eventos ao longo do m\u00eas de maio, refor\u00e7ando o processo de revitaliza\u00e7\u00e3o por meio do programa Centro da Gente. A iniciativa tem como objetivo tornar o Centro mais atrativo e din\u00e2mico, com atividades que estimulam a conviv\u00eancia, o lazer, a cultura e o fortalecimento da economia local, concentradas no entorno da Pra\u00e7a da Matriz.<\/p>\n\n\n\n<figure class=\"wp-block-image size-large\"><img loading=\"lazy\" decoding=\"async\" width=\"1280\" height=\"854\" src=\"https:\/\/jundiai.sp.gov.br\/noticias\/wp-content\/uploads\/sites\/32\/2026\/04\/cerveja_na_barao-20-1280x854.jpg\" alt=\"\" class=\"wp-image-378777\" srcset=\"https:\/\/jundiai.sp.gov.br\/noticias\/wp-content\/uploads\/sites\/32\/2026\/04\/cerveja_na_barao-20-1280x854.jpg 1280w, https:\/\/jundiai.sp.gov.br\/noticias\/wp-content\/uploads\/sites\/32\/2026\/04\/cerveja_na_barao-20-300x200.jpg 300w, https:\/\/jundiai.sp.gov.br\/noticias\/wp-content\/uploads\/sites\/32\/2026\/04\/cerveja_na_barao-20-768x512.jpg 768w, https:\/\/jundiai.sp.gov.br\/noticias\/wp-content\/uploads\/sites\/32\/2026\/04\/cerveja_na_barao-20-1536x1024.jpg 1536w, https:\/\/jundiai.sp.gov.br\/noticias\/wp-content\/uploads\/sites\/32\/2026\/04\/cerveja_na_barao-20-450x300.jpg 450w, https:\/\/jundiai.sp.gov.br\/noticias\/wp-content\/uploads\/sites\/32\/2026\/04\/cerveja_na_barao-20.jpg 1900w\" sizes=\"auto, (max-width: 1280px) 100vw, 1280px\" \/><figcaption class=\"wp-element-caption\">Eventos de maio movimentam o Centro de Jundia\u00ed com cultura, lazer e gastronomia<\/figcaption><\/figure>\n\n\n\n<p><strong>Confira a programa\u00e7\u00e3o:<\/strong><\/p>\n\n\n\n<p>Entre os dias 4 e 9 de maio, das 9h \u00e0s 17h, o p\u00fablico poder\u00e1 conferir mais uma edi\u00e7\u00e3o do Jundia\u00ed Feito \u00e0 M\u00e3o. O programa re\u00fane mais de 200 artes\u00e3os e valoriza a produ\u00e7\u00e3o local com pe\u00e7as feitas em diversas t\u00e9cnicas, como patchwork, mosaico, croch\u00ea, tric\u00f4, pintura, marcenaria e arte recicl\u00e1vel. A iniciativa promove feiras itinerantes ao longo do ano, aproximando os produtores da popula\u00e7\u00e3o.<\/p>\n\n\n\n<p>No dia 8 de maio, a programa\u00e7\u00e3o cultural ganha destaque com o Sexta no Centro, evento gratuito promovido pela Prefeitura. A partir das 17h, o DJ Piggy apresenta um set que mistura cl\u00e1ssicos e atualidades, com influ\u00eancias de MPB, black music, jazz, hip hop, reggae e outros estilos. \u00c0s 20h, o grupo ReggaeTom sobe ao palco com releituras do reggae, combinando diferentes instrumentos e refer\u00eancias da m\u00fasica mundial em uma apresenta\u00e7\u00e3o envolvente.<\/p>\n\n\n\n<p>J\u00e1 no dia 9 de maio, das 13h \u00e0s 19h, a Pra\u00e7a da Matriz recebe o Sabores da Gente, evento que se consolidou como um dos principais encontros entre gastronomia, artesanato e economia criativa da cidade. O evento re\u00fane produtores rurais, feirantes e empreendedores, incentivando o consumo consciente e fortalecendo a conex\u00e3o entre o campo e a cidade.<\/p>\n\n\n\n<div class=\"wp-block-columns is-layout-flex wp-container-core-columns-is-layout-9d6595d7 wp-block-columns-is-layout-flex\">\n<div class=\"wp-block-column is-layout-flow wp-block-column-is-layout-flow\">\n<figure class=\"wp-block-image size-large\"><img loading=\"lazy\" decoding=\"async\" width=\"1280\" height=\"853\" src=\"https:\/\/jundiai.sp.gov.br\/noticias\/wp-content\/uploads\/sites\/32\/2026\/04\/jundiai_feito_a_mao_no_centro_rw-17-1280x853.jpg\" alt=\"\" class=\"wp-image-378846\" srcset=\"https:\/\/jundiai.sp.gov.br\/noticias\/wp-content\/uploads\/sites\/32\/2026\/04\/jundiai_feito_a_mao_no_centro_rw-17-1280x853.jpg 1280w, https:\/\/jundiai.sp.gov.br\/noticias\/wp-content\/uploads\/sites\/32\/2026\/04\/jundiai_feito_a_mao_no_centro_rw-17-300x200.jpg 300w, https:\/\/jundiai.sp.gov.br\/noticias\/wp-content\/uploads\/sites\/32\/2026\/04\/jundiai_feito_a_mao_no_centro_rw-17-768x512.jpg 768w, https:\/\/jundiai.sp.gov.br\/noticias\/wp-content\/uploads\/sites\/32\/2026\/04\/jundiai_feito_a_mao_no_centro_rw-17-1536x1024.jpg 1536w, https:\/\/jundiai.sp.gov.br\/noticias\/wp-content\/uploads\/sites\/32\/2026\/04\/jundiai_feito_a_mao_no_centro_rw-17-450x300.jpg 450w, https:\/\/jundiai.sp.gov.br\/noticias\/wp-content\/uploads\/sites\/32\/2026\/04\/jundiai_feito_a_mao_no_centro_rw-17.jpg 1800w\" sizes=\"auto, (max-width: 1280px) 100vw, 1280px\" \/><figcaption class=\"wp-element-caption\"><strong>Jundia\u00ed Feito \u00e0 M\u00e3o<\/strong><\/figcaption><\/figure>\n<\/div>\n\n\n\n<div class=\"wp-block-column is-layout-flow wp-block-column-is-layout-flow\">\n<figure class=\"wp-block-image size-large\"><img loading=\"lazy\" decoding=\"async\" width=\"1280\" height=\"852\" src=\"https:\/\/jundiai.sp.gov.br\/noticias\/wp-content\/uploads\/sites\/32\/2026\/04\/55200652219_ebea29260a_o-1280x852.jpg\" alt=\"\" class=\"wp-image-378847\" srcset=\"https:\/\/jundiai.sp.gov.br\/noticias\/wp-content\/uploads\/sites\/32\/2026\/04\/55200652219_ebea29260a_o-1280x852.jpg 1280w, https:\/\/jundiai.sp.gov.br\/noticias\/wp-content\/uploads\/sites\/32\/2026\/04\/55200652219_ebea29260a_o-300x200.jpg 300w, https:\/\/jundiai.sp.gov.br\/noticias\/wp-content\/uploads\/sites\/32\/2026\/04\/55200652219_ebea29260a_o-768x511.jpg 768w, https:\/\/jundiai.sp.gov.br\/noticias\/wp-content\/uploads\/sites\/32\/2026\/04\/55200652219_ebea29260a_o-1536x1022.jpg 1536w, https:\/\/jundiai.sp.gov.br\/noticias\/wp-content\/uploads\/sites\/32\/2026\/04\/55200652219_ebea29260a_o-450x300.jpg 450w, https:\/\/jundiai.sp.gov.br\/noticias\/wp-content\/uploads\/sites\/32\/2026\/04\/55200652219_ebea29260a_o.jpg 1900w\" sizes=\"auto, (max-width: 1280px) 100vw, 1280px\" \/><figcaption class=\"wp-element-caption\"><strong>Sexta no Centro<\/strong><\/figcaption><\/figure>\n<\/div>\n\n\n\n<div class=\"wp-block-column is-layout-flow wp-block-column-is-layout-flow\">\n<figure class=\"wp-block-image size-large\"><img loading=\"lazy\" decoding=\"async\" width=\"1280\" height=\"853\" src=\"https:\/\/jundiai.sp.gov.br\/noticias\/wp-content\/uploads\/sites\/32\/2026\/04\/sabores_da_gente_3a_edicao_espaco_expressa_rw-15-1280x853.jpg\" alt=\"\" class=\"wp-image-378848\" srcset=\"https:\/\/jundiai.sp.gov.br\/noticias\/wp-content\/uploads\/sites\/32\/2026\/04\/sabores_da_gente_3a_edicao_espaco_expressa_rw-15-1280x853.jpg 1280w, https:\/\/jundiai.sp.gov.br\/noticias\/wp-content\/uploads\/sites\/32\/2026\/04\/sabores_da_gente_3a_edicao_espaco_expressa_rw-15-300x200.jpg 300w, https:\/\/jundiai.sp.gov.br\/noticias\/wp-content\/uploads\/sites\/32\/2026\/04\/sabores_da_gente_3a_edicao_espaco_expressa_rw-15-768x512.jpg 768w, https:\/\/jundiai.sp.gov.br\/noticias\/wp-content\/uploads\/sites\/32\/2026\/04\/sabores_da_gente_3a_edicao_espaco_expressa_rw-15-450x300.jpg 450w, https:\/\/jundiai.sp.gov.br\/noticias\/wp-content\/uploads\/sites\/32\/2026\/04\/sabores_da_gente_3a_edicao_espaco_expressa_rw-15.jpg 1338w\" sizes=\"auto, (max-width: 1280px) 100vw, 1280px\" \/><figcaption class=\"wp-element-caption\"><strong>Sabores da Gente<\/strong><\/figcaption><\/figure>\n<\/div>\n<\/div>\n\n\n\n<p>A programa\u00e7\u00e3o segue no dia 17 de maio com a Feira de Artes Pl\u00e1sticas e Antiguidades, que tem como objetivo incentivar a exposi\u00e7\u00e3o e comercializa\u00e7\u00e3o de obras, reunindo artistas e colecionadores. Interessados em participar das pr\u00f3ximas edi\u00e7\u00f5es podem se <a href=\"https:\/\/docs.google.com\/forms\/d\/e\/1FAIpQLSdKN8nGEkhDUPjk_f_PCrFS7UnwZLsPPN3jSpc2LhpJLPJ-jQ\/viewform\">inscrever at\u00e9 30 de outubro de 2026<\/a>, para as datas programadas ao longo do ano.<\/p>\n\n\n\n<p>Encerrando o m\u00eas, no dia 30 de maio, acontece a terceira edi\u00e7\u00e3o do Cerveja na Bar\u00e3o, evento que j\u00e1 se destaca pelo sucesso de p\u00fablico e pela proposta de reunir gastronomia, cultura e op\u00e7\u00f5es de lazer em um dos principais pontos do Centro.<\/p>\n\n\n\n<p>Com uma programa\u00e7\u00e3o variada e gratuita, o Centro da Gente segue fortalecendo a ocupa\u00e7\u00e3o qualificada da regi\u00e3o central, promovendo experi\u00eancias culturais e incentivando o desenvolvimento econ\u00f4mico e social de Jundia\u00ed.<\/p>\n\n\n\n<p><strong>Assessoria de Imprensa<br>Foto: Fot\u00f3grafos PMJ<\/strong><\/p>\n\n\n\n<p><\/p>\n","protected":false},"excerpt":{"rendered":"<p>A regi\u00e3o central de Jundia\u00ed segue com uma agenda diversificada de eventos ao longo do m\u00eas de maio, refor\u00e7ando o processo de revitaliza\u00e7\u00e3o por meio do programa Centro da Gente. A iniciativa tem como objetivo tornar o Centro mais atrativo e din\u00e2mico, com atividades que estimulam a conviv\u00eancia, o lazer, a cultura e o fortalecimento [&hellip;]<\/p>\n","protected":false},"author":124,"featured_media":378777,"comment_status":"closed","ping_status":"closed","sticky":false,"template":"","format":"standard","meta":{"footnotes":""},"categories":[2],"tags":[5391,6446,293,5161,294],"ods":[],"class_list":["post-378774","post","type-post","status-publish","format-standard","has-post-thumbnail","hentry","category-noticias","tag-centro-da-gente","tag-feira-de-artes-plasticas-e-antiguidades","tag-jundiai-feito-a-mao","tag-sabores-da-gente","tag-sexta-no-centro"],"_links":{"self":[{"href":"https:\/\/jundiai.sp.gov.br\/noticias\/wp-json\/wp\/v2\/posts\/378774","targetHints":{"allow":["GET"]}}],"collection":[{"href":"https:\/\/jundiai.sp.gov.br\/noticias\/wp-json\/wp\/v2\/posts"}],"about":[{"href":"https:\/\/jundiai.sp.gov.br\/noticias\/wp-json\/wp\/v2\/types\/post"}],"author":[{"embeddable":true,"href":"https:\/\/jundiai.sp.gov.br\/noticias\/wp-json\/wp\/v2\/users\/124"}],"replies":[{"embeddable":true,"href":"https:\/\/jundiai.sp.gov.br\/noticias\/wp-json\/wp\/v2\/comments?post=378774"}],"version-history":[{"count":6,"href":"https:\/\/jundiai.sp.gov.br\/noticias\/wp-json\/wp\/v2\/posts\/378774\/revisions"}],"predecessor-version":[{"id":378867,"href":"https:\/\/jundiai.sp.gov.br\/noticias\/wp-json\/wp\/v2\/posts\/378774\/revisions\/378867"}],"wp:featuredmedia":[{"embeddable":true,"href":"https:\/\/jundiai.sp.gov.br\/noticias\/wp-json\/wp\/v2\/media\/378777"}],"wp:attachment":[{"href":"https:\/\/jundiai.sp.gov.br\/noticias\/wp-json\/wp\/v2\/media?parent=378774"}],"wp:term":[{"taxonomy":"category","embeddable":true,"href":"https:\/\/jundiai.sp.gov.br\/noticias\/wp-json\/wp\/v2\/categories?post=378774"},{"taxonomy":"post_tag","embeddable":true,"href":"https:\/\/jundiai.sp.gov.br\/noticias\/wp-json\/wp\/v2\/tags?post=378774"},{"taxonomy":"ods","embeddable":true,"href":"https:\/\/jundiai.sp.gov.br\/noticias\/wp-json\/wp\/v2\/ods?post=378774"}],"curies":[{"name":"wp","href":"https:\/\/api.w.org\/{rel}","templated":true}]}}