{"id":378776,"date":"2026-04-29T13:01:00","date_gmt":"2026-04-29T16:01:00","guid":{"rendered":"https:\/\/jundiai.sp.gov.br\/noticias\/?p=378776"},"modified":"2026-04-29T12:03:59","modified_gmt":"2026-04-29T15:03:59","slug":"empresas-podem-apoiar-nova-edicao-do-prefeitura-na-area-no-morada-das-vinhas-por-meio-de-edital-de-chamamento","status":"publish","type":"post","link":"https:\/\/jundiai.sp.gov.br\/noticias\/2026\/04\/29\/empresas-podem-apoiar-nova-edicao-do-prefeitura-na-area-no-morada-das-vinhas-por-meio-de-edital-de-chamamento\/","title":{"rendered":"Empresas podem apoiar nova edi\u00e7\u00e3o do \u201cPrefeitura na \u00c1rea\u201d no Morada das Vinhas por meio de edital de chamamento"},"content":{"rendered":"\n<p>A Prefeitura de Jundia\u00ed publicou edital de chamamento p\u00fablico para selecionar empresas interessadas em apoiar a pr\u00f3xima edi\u00e7\u00e3o do programa \u201cPrefeitura na \u00c1rea\u201d, que ser\u00e1 realizada no dia 23 de maio de 2026, das 9h \u00e0s 15h, na EMEB Prof. Ant\u00f4nio Adelino Marques da Silva Brand\u00e3o, localizada na Rua Uva Isabel, 50, no bairro Morada das Vinhas. <\/p>\n\n\n\n<p>A iniciativa, coordenada pela Secretaria Municipal da Casa Civil (SMCC), leva servi\u00e7os, orienta\u00e7\u00f5es e atividades de cidadania diretamente aos bairros, ampliando o acesso da popula\u00e7\u00e3o aos atendimentos p\u00fablicos e fortalecendo a presen\u00e7a da Prefeitura nas regi\u00f5es da cidade.<\/p>\n\n\n\n<figure class=\"wp-block-gallery has-nested-images columns-default is-cropped wp-block-gallery-1 is-layout-flex wp-block-gallery-is-layout-flex\">\n<figure class=\"wp-block-image size-large\"><img loading=\"lazy\" decoding=\"async\" width=\"1280\" height=\"854\" data-id=\"378849\" src=\"https:\/\/jundiai.sp.gov.br\/noticias\/wp-content\/uploads\/sites\/32\/2026\/04\/55121402269_5944f122be_o-1280x854.jpg\" alt=\"\" class=\"wp-image-378849\" srcset=\"https:\/\/jundiai.sp.gov.br\/noticias\/wp-content\/uploads\/sites\/32\/2026\/04\/55121402269_5944f122be_o-1280x854.jpg 1280w, https:\/\/jundiai.sp.gov.br\/noticias\/wp-content\/uploads\/sites\/32\/2026\/04\/55121402269_5944f122be_o-300x200.jpg 300w, https:\/\/jundiai.sp.gov.br\/noticias\/wp-content\/uploads\/sites\/32\/2026\/04\/55121402269_5944f122be_o-768x512.jpg 768w, https:\/\/jundiai.sp.gov.br\/noticias\/wp-content\/uploads\/sites\/32\/2026\/04\/55121402269_5944f122be_o-1536x1024.jpg 1536w, https:\/\/jundiai.sp.gov.br\/noticias\/wp-content\/uploads\/sites\/32\/2026\/04\/55121402269_5944f122be_o-450x300.jpg 450w, https:\/\/jundiai.sp.gov.br\/noticias\/wp-content\/uploads\/sites\/32\/2026\/04\/55121402269_5944f122be_o.jpg 1900w\" sizes=\"auto, (max-width: 1280px) 100vw, 1280px\" \/><figcaption class=\"wp-element-caption\">Edi\u00e7\u00e3o do Vetor Oeste <\/figcaption><\/figure>\n<\/figure>\n\n\n\n<p>O edital tem como objetivo credenciar pessoas jur\u00eddicas interessadas em apoiar o evento com a presta\u00e7\u00e3o volunt\u00e1ria de servi\u00e7os, sem qualquer v\u00ednculo empregat\u00edcio, comercial ou financeiro com o Munic\u00edpio. A proposta \u00e9 ampliar a rede de atendimento oferecida \u00e0 popula\u00e7\u00e3o no dia da a\u00e7\u00e3o, com servi\u00e7os complementares voltados ao bem-estar, cidadania e qualidade de vida.<\/p>\n\n\n\n<p>Entre as atividades previstas para apoio est\u00e3o corte de cabelo (masculino, feminino e infantil), manicure, design de sobrancelhas, maquiagem social, massagem relaxante, atividades recreativas e culturais, oficinas educativas e de artesanato, orienta\u00e7\u00f5es de bem-estar e autocuidado, orienta\u00e7\u00f5es b\u00e1sicas na \u00e1rea do Direito, al\u00e9m de a\u00e7\u00f5es voltadas \u00e0 sa\u00fade e ao bem-estar animal. As atividades ser\u00e3o organizadas em conjunto com as empresas selecionadas, conforme cronograma definido pela equipe do programa.<\/p>\n\n\n\n<p>As empresas participantes poder\u00e3o divulgar suas marcas no dia do evento, nos espa\u00e7os designados pela organiza\u00e7\u00e3o, inclusive em uniformes, materiais promocionais, wind banners, cart\u00f5es e folders. Tamb\u00e9m ser\u00e1 permitida a divulga\u00e7\u00e3o institucional do apoio em ve\u00edculos de imprensa e redes sociais, conforme alinhamento pr\u00e9vio com a Prefeitura.<\/p>\n\n\n\n<figure class=\"wp-block-gallery has-nested-images columns-default is-cropped wp-block-gallery-2 is-layout-flex wp-block-gallery-is-layout-flex\">\n<figure class=\"wp-block-image size-large\"><img loading=\"lazy\" decoding=\"async\" width=\"1280\" height=\"854\" data-id=\"378850\" src=\"https:\/\/jundiai.sp.gov.br\/noticias\/wp-content\/uploads\/sites\/32\/2026\/04\/55121538270_21da8da56a_o-1280x854.jpg\" alt=\"\" class=\"wp-image-378850\" srcset=\"https:\/\/jundiai.sp.gov.br\/noticias\/wp-content\/uploads\/sites\/32\/2026\/04\/55121538270_21da8da56a_o-1280x854.jpg 1280w, https:\/\/jundiai.sp.gov.br\/noticias\/wp-content\/uploads\/sites\/32\/2026\/04\/55121538270_21da8da56a_o-300x200.jpg 300w, https:\/\/jundiai.sp.gov.br\/noticias\/wp-content\/uploads\/sites\/32\/2026\/04\/55121538270_21da8da56a_o-768x512.jpg 768w, https:\/\/jundiai.sp.gov.br\/noticias\/wp-content\/uploads\/sites\/32\/2026\/04\/55121538270_21da8da56a_o-1536x1024.jpg 1536w, https:\/\/jundiai.sp.gov.br\/noticias\/wp-content\/uploads\/sites\/32\/2026\/04\/55121538270_21da8da56a_o-450x300.jpg 450w, https:\/\/jundiai.sp.gov.br\/noticias\/wp-content\/uploads\/sites\/32\/2026\/04\/55121538270_21da8da56a_o.jpg 1900w\" sizes=\"auto, (max-width: 1280px) 100vw, 1280px\" \/><figcaption class=\"wp-element-caption\">Maquiagem<\/figcaption><\/figure>\n\n\n\n<figure class=\"wp-block-image size-large\"><img loading=\"lazy\" decoding=\"async\" width=\"1280\" height=\"854\" data-id=\"378851\" src=\"https:\/\/jundiai.sp.gov.br\/noticias\/wp-content\/uploads\/sites\/32\/2026\/04\/55121147976_a5df9d4bca_o-1280x854.jpg\" alt=\"\" class=\"wp-image-378851\" srcset=\"https:\/\/jundiai.sp.gov.br\/noticias\/wp-content\/uploads\/sites\/32\/2026\/04\/55121147976_a5df9d4bca_o-1280x854.jpg 1280w, https:\/\/jundiai.sp.gov.br\/noticias\/wp-content\/uploads\/sites\/32\/2026\/04\/55121147976_a5df9d4bca_o-300x200.jpg 300w, https:\/\/jundiai.sp.gov.br\/noticias\/wp-content\/uploads\/sites\/32\/2026\/04\/55121147976_a5df9d4bca_o-768x512.jpg 768w, https:\/\/jundiai.sp.gov.br\/noticias\/wp-content\/uploads\/sites\/32\/2026\/04\/55121147976_a5df9d4bca_o-1536x1024.jpg 1536w, https:\/\/jundiai.sp.gov.br\/noticias\/wp-content\/uploads\/sites\/32\/2026\/04\/55121147976_a5df9d4bca_o-450x300.jpg 450w, https:\/\/jundiai.sp.gov.br\/noticias\/wp-content\/uploads\/sites\/32\/2026\/04\/55121147976_a5df9d4bca_o.jpg 1900w\" sizes=\"auto, (max-width: 1280px) 100vw, 1280px\" \/><figcaption class=\"wp-element-caption\">Manicure<\/figcaption><\/figure>\n\n\n\n<figure class=\"wp-block-image size-large\"><img loading=\"lazy\" decoding=\"async\" width=\"1280\" height=\"854\" data-id=\"378852\" src=\"https:\/\/jundiai.sp.gov.br\/noticias\/wp-content\/uploads\/sites\/32\/2026\/04\/55121402424_8b3633c03a_o-1280x854.jpg\" alt=\"\" class=\"wp-image-378852\" srcset=\"https:\/\/jundiai.sp.gov.br\/noticias\/wp-content\/uploads\/sites\/32\/2026\/04\/55121402424_8b3633c03a_o-1280x854.jpg 1280w, https:\/\/jundiai.sp.gov.br\/noticias\/wp-content\/uploads\/sites\/32\/2026\/04\/55121402424_8b3633c03a_o-300x200.jpg 300w, https:\/\/jundiai.sp.gov.br\/noticias\/wp-content\/uploads\/sites\/32\/2026\/04\/55121402424_8b3633c03a_o-768x512.jpg 768w, https:\/\/jundiai.sp.gov.br\/noticias\/wp-content\/uploads\/sites\/32\/2026\/04\/55121402424_8b3633c03a_o-1536x1024.jpg 1536w, https:\/\/jundiai.sp.gov.br\/noticias\/wp-content\/uploads\/sites\/32\/2026\/04\/55121402424_8b3633c03a_o-450x300.jpg 450w, https:\/\/jundiai.sp.gov.br\/noticias\/wp-content\/uploads\/sites\/32\/2026\/04\/55121402424_8b3633c03a_o.jpg 1900w\" sizes=\"auto, (max-width: 1280px) 100vw, 1280px\" \/><figcaption class=\"wp-element-caption\">Corte de Cabelo <\/figcaption><\/figure>\n<\/figure>\n\n\n\n<p>Os interessados devem protocolar a proposta at\u00e9 as 17h do dia 8 de maio de 2026, em envelope fechado, na Secretaria Municipal da Casa Civil, localizada na Avenida da Liberdade, 7\u00ba andar, ala sul, Jardim Bot\u00e2nico, no Pa\u00e7o Municipal. A documenta\u00e7\u00e3o deve incluir a descri\u00e7\u00e3o dos servi\u00e7os oferecidos, equipe respons\u00e1vel, estimativa de p\u00fablico atendido, materiais e estrutura utilizados, al\u00e9m da documenta\u00e7\u00e3o jur\u00eddica e fiscal exigida no edital.<\/p>\n\n\n\n<p>A an\u00e1lise das propostas ser\u00e1 feita por Comiss\u00e3o de Sele\u00e7\u00e3o designada pela Secretaria Municipal da Casa Civil, com base no atendimento \u00e0s exig\u00eancias documentais, adequa\u00e7\u00e3o da proposta aos objetivos do projeto, qualifica\u00e7\u00e3o da equipe t\u00e9cnica e quantidade e qualidade dos servi\u00e7os ofertados. O resultado das empresas habilitadas ser\u00e1 publicado na Imprensa Oficial do Munic\u00edpio.<\/p>\n\n\n\n<p>Acesse o edital completo na Imprensa Oficial do Munic\u00edpio, do dia 29 de abril de 2026, <a href=\"https:\/\/imprensaoficial.jundiai.sp.gov.br\/edicao-5808\/\">clicando aqui<\/a>. As informa\u00e7\u00f5es est\u00e3o a partir da p\u00e1gina 15.<\/p>\n\n\n\n<p>Mais informa\u00e7\u00f5es podem ser obtidas diretamente com a Secretaria Municipal da Casa Civil, de segunda a sexta-feira, das 9h \u00e0s 18h, pelo telefone (11) 4589-8443 ou pelo e-mail cerimonialeventos@jundiai.sp.gov.br.<\/p>\n\n\n\n<p><strong>Assessoria de Imprensa <br>Fotos: Arquivo PMJ<\/strong><\/p>\n","protected":false},"excerpt":{"rendered":"<p>A Prefeitura de Jundia\u00ed publicou edital de chamamento p\u00fablico para selecionar empresas interessadas em apoiar a pr\u00f3xima edi\u00e7\u00e3o do programa \u201cPrefeitura na \u00c1rea\u201d, que ser\u00e1 realizada no dia 23 de maio de 2026, das 9h \u00e0s 15h, na EMEB Prof. Ant\u00f4nio Adelino Marques da Silva Brand\u00e3o, localizada na Rua Uva Isabel, 50, no bairro Morada [&hellip;]<\/p>\n","protected":false},"author":69,"featured_media":378849,"comment_status":"closed","ping_status":"0","sticky":false,"template":"","format":"standard","meta":{"footnotes":""},"categories":[2],"tags":[6508,6271,5841,6507,6506,5949],"ods":[],"class_list":["post-378776","post","type-post","status-publish","format-standard","has-post-thumbnail","hentry","category-noticias","tag-edital-de-chamamento-prefeitura-na-area","tag-parceiros-prefeitura-na-area","tag-prefeitura-na-area","tag-prefeitura-na-area-cecap","tag-prefeitura-na-area-morada-das-vinhas","tag-secretaria-da-casa-civil"],"_links":{"self":[{"href":"https:\/\/jundiai.sp.gov.br\/noticias\/wp-json\/wp\/v2\/posts\/378776","targetHints":{"allow":["GET"]}}],"collection":[{"href":"https:\/\/jundiai.sp.gov.br\/noticias\/wp-json\/wp\/v2\/posts"}],"about":[{"href":"https:\/\/jundiai.sp.gov.br\/noticias\/wp-json\/wp\/v2\/types\/post"}],"author":[{"embeddable":true,"href":"https:\/\/jundiai.sp.gov.br\/noticias\/wp-json\/wp\/v2\/users\/69"}],"replies":[{"embeddable":true,"href":"https:\/\/jundiai.sp.gov.br\/noticias\/wp-json\/wp\/v2\/comments?post=378776"}],"version-history":[{"count":3,"href":"https:\/\/jundiai.sp.gov.br\/noticias\/wp-json\/wp\/v2\/posts\/378776\/revisions"}],"predecessor-version":[{"id":378926,"href":"https:\/\/jundiai.sp.gov.br\/noticias\/wp-json\/wp\/v2\/posts\/378776\/revisions\/378926"}],"wp:featuredmedia":[{"embeddable":true,"href":"https:\/\/jundiai.sp.gov.br\/noticias\/wp-json\/wp\/v2\/media\/378849"}],"wp:attachment":[{"href":"https:\/\/jundiai.sp.gov.br\/noticias\/wp-json\/wp\/v2\/media?parent=378776"}],"wp:term":[{"taxonomy":"category","embeddable":true,"href":"https:\/\/jundiai.sp.gov.br\/noticias\/wp-json\/wp\/v2\/categories?post=378776"},{"taxonomy":"post_tag","embeddable":true,"href":"https:\/\/jundiai.sp.gov.br\/noticias\/wp-json\/wp\/v2\/tags?post=378776"},{"taxonomy":"ods","embeddable":true,"href":"https:\/\/jundiai.sp.gov.br\/noticias\/wp-json\/wp\/v2\/ods?post=378776"}],"curies":[{"name":"wp","href":"https:\/\/api.w.org\/{rel}","templated":true}]}}