{"id":378821,"date":"2026-04-29T09:15:00","date_gmt":"2026-04-29T12:15:00","guid":{"rendered":"https:\/\/jundiai.sp.gov.br\/noticias\/?p=378821"},"modified":"2026-04-28T16:48:57","modified_gmt":"2026-04-28T19:48:57","slug":"feriado-de-1o-de-maio-confira-o-que-abre-e-fecha-em-jundiai-nesta-sexta-feira","status":"publish","type":"post","link":"https:\/\/jundiai.sp.gov.br\/noticias\/2026\/04\/29\/feriado-de-1o-de-maio-confira-o-que-abre-e-fecha-em-jundiai-nesta-sexta-feira\/","title":{"rendered":"Feriado de 1\u00ba de Maio: confira o que abre e fecha em Jundia\u00ed nesta sexta-feira"},"content":{"rendered":"\n<p>Em raz\u00e3o ao feriado do Dia Mundial do Trabalhador, celebrado na pr\u00f3xima sexta-feira (01), a Prefeitura de Jundia\u00ed informa os hor\u00e1rios de funcionamento dos servi\u00e7os p\u00fablicos municipais, conforme estabelece o (<a href=\"https:\/\/jundiai.sp.gov.br\/a-cidade\/wp-content\/uploads\/sites\/31\/2025\/12\/sei_2738970_decreto_n__35-682__de_06_de_novembro_de_2025-1.pdf\">Decreto Municipal n\u00ba 35.682<\/a>), de 06 de novembro de 2025, que define ponto facultativo no per\u00edodo.<\/p>\n\n\n\n<p><strong>Setores administrativos<\/strong><\/p>\n\n\n\n<p>Os setores administrativos em geral n\u00e3o ter\u00e3o expediente a partir de sexta (01), com retorno do atendimento na segunda-feira (04), em hor\u00e1rio normal. Est\u00e3o inclu\u00eddos:<\/p>\n\n\n\n<p>Pa\u00e7o Municipal;<br>Secretarias Municipais externas;<br>Procon;<br>Fundo Social de Solidariedade (FUNSS).<\/p>\n\n\n\n<figure class=\"wp-block-image size-large\"><img loading=\"lazy\" decoding=\"async\" width=\"1280\" height=\"854\" src=\"https:\/\/jundiai.sp.gov.br\/noticias\/wp-content\/uploads\/sites\/32\/2026\/04\/reinauguracao_parque_do_corrupira-343-1280x854.jpg\" alt=\"\" class=\"wp-image-378839\" srcset=\"https:\/\/jundiai.sp.gov.br\/noticias\/wp-content\/uploads\/sites\/32\/2026\/04\/reinauguracao_parque_do_corrupira-343-1280x854.jpg 1280w, https:\/\/jundiai.sp.gov.br\/noticias\/wp-content\/uploads\/sites\/32\/2026\/04\/reinauguracao_parque_do_corrupira-343-300x200.jpg 300w, https:\/\/jundiai.sp.gov.br\/noticias\/wp-content\/uploads\/sites\/32\/2026\/04\/reinauguracao_parque_do_corrupira-343-768x512.jpg 768w, https:\/\/jundiai.sp.gov.br\/noticias\/wp-content\/uploads\/sites\/32\/2026\/04\/reinauguracao_parque_do_corrupira-343-1536x1024.jpg 1536w, https:\/\/jundiai.sp.gov.br\/noticias\/wp-content\/uploads\/sites\/32\/2026\/04\/reinauguracao_parque_do_corrupira-343-450x300.jpg 450w, https:\/\/jundiai.sp.gov.br\/noticias\/wp-content\/uploads\/sites\/32\/2026\/04\/reinauguracao_parque_do_corrupira-343.jpg 1900w\" sizes=\"auto, (max-width: 1280px) 100vw, 1280px\" \/><\/figure>\n\n\n\n<p><strong>Sa\u00fade<\/strong><\/p>\n\n\n\n<p>As Unidades B\u00e1sicas de Sa\u00fade (UBSs), as Cl\u00ednicas da Fam\u00edlia, os Ambulat\u00f3rios, o Centro de Testagem e Aconselhamento (CTA), a Academia de Sa\u00fade, a Farm\u00e1cia de Alto Custo, o Centro de Conviv\u00eancia, Cultura, Trabalho e Gera\u00e7\u00e3o de Renda (CECCO), e os Centros de Aten\u00e7\u00e3o Psicossocial (CAPS) 2 e Infantojuvenil encerram o expediente na quinta-feira (30) e reabrem na segunda-feira (4).<\/p>\n\n\n\n<p>O CAPS AD e o CAPS 3 permanecem abertos 24 horas, exclusivamente para acolhidos. As Unidades de Pronto Atendimento (PAs) funcionar\u00e3o normalmente: a unidade da Ponte S\u00e3o Jo\u00e3o atende das 7h \u00e0s 19h (port\u00f5es fecham \u00e0s 18h), assim como o PA do Retiro. J\u00e1 as unidades da Hortol\u00e2ndia, PA Central e UPA Vetor Oeste funcionam 24 horas. O Hospital S\u00e3o Vicente de Paulo e o Hospital Universit\u00e1rio (HU) seguem com atendimento normal durante o feriado.<\/p>\n\n\n\n<p><strong>Transporte P\u00fablico<\/strong><\/p>\n\n\n\n<p>No feriado do Dia do Trabalho, os \u00f4nibus urbanos de Jundia\u00ed funcionar\u00e3o com as seguintes tabelas hor\u00e1rias:&nbsp;<\/p>\n\n\n\n<p>Sexta, dia 1\u00ba de maio \u2013 Hor\u00e1rios de domingos e feriados, com opera\u00e7\u00e3o da linha gratuita especial 311 (Pa\u00e7o Municipal\u2013Terminal CECAP\u2013Parque Corrupira), ida e volta, a cada meia hora e das 7h45 \u00e0s 17h45;<\/p>\n\n\n\n<p>S\u00e1bado, dia 2 de maio \u2013 Hor\u00e1rios de s\u00e1bados;\u00a0<br>Domingo, dia 3 de maio \u2013 Hor\u00e1rios de domingos e feriados.<\/p>\n\n\n\n<p>As tabelas hor\u00e1rias dos \u00f4nibus podem ser conferidas no <a href=\"https:\/\/situ.jundiai.sp.gov.br\/\">site do SITU<\/a>.&nbsp;<\/p>\n\n\n\n<p><strong>Assist\u00eancia e Desenvolvimento Social<\/strong><\/p>\n\n\n\n<p>O Centro Pop (rua Marechal Deodoro da Fonseca, 504 \u2013 Centro), equipamento voltado ao atendimento \u00e0 popula\u00e7\u00e3o em situa\u00e7\u00e3o de rua, funciona normalmente at\u00e9 o dia 30 (quinta -feira) e retoma o atendimento no dia 04 de maio (segunda-feira). Durante o per\u00edodo, as equipes do Servi\u00e7o Especializado em Abordagem Social (SEAS) d\u00e3o continuidade \u00e0s a\u00e7\u00f5es de busca ativa e ficam dispon\u00edveis para acionamento e atendimentos a chamados, 24 horas por dia, pelo telefone (11) 98531-0146.<\/p>\n\n\n\n<p><strong>Educa\u00e7\u00e3o<\/strong><\/p>\n\n\n\n<p>As unidades escolares municipais e o setor administrativo da Secretaria Municipal de Educa\u00e7\u00e3o (SME) n\u00e3o ter\u00e3o atividades a partir de sexta-feira (01), com retorno na segunda-feira (04), em seus hor\u00e1rios normais.<\/p>\n\n\n\n<figure class=\"wp-block-image size-large\"><img loading=\"lazy\" decoding=\"async\" width=\"1280\" height=\"854\" src=\"https:\/\/jundiai.sp.gov.br\/noticias\/wp-content\/uploads\/sites\/32\/2026\/04\/iluminacao-expressa-5-1280x854.jpg\" alt=\"\" class=\"wp-image-378841\" srcset=\"https:\/\/jundiai.sp.gov.br\/noticias\/wp-content\/uploads\/sites\/32\/2026\/04\/iluminacao-expressa-5-1280x854.jpg 1280w, https:\/\/jundiai.sp.gov.br\/noticias\/wp-content\/uploads\/sites\/32\/2026\/04\/iluminacao-expressa-5-300x200.jpg 300w, https:\/\/jundiai.sp.gov.br\/noticias\/wp-content\/uploads\/sites\/32\/2026\/04\/iluminacao-expressa-5-768x512.jpg 768w, https:\/\/jundiai.sp.gov.br\/noticias\/wp-content\/uploads\/sites\/32\/2026\/04\/iluminacao-expressa-5-1536x1024.jpg 1536w, https:\/\/jundiai.sp.gov.br\/noticias\/wp-content\/uploads\/sites\/32\/2026\/04\/iluminacao-expressa-5-450x300.jpg 450w, https:\/\/jundiai.sp.gov.br\/noticias\/wp-content\/uploads\/sites\/32\/2026\/04\/iluminacao-expressa-5.jpg 1900w\" sizes=\"auto, (max-width: 1280px) 100vw, 1280px\" \/><\/figure>\n\n\n\n<p><strong>Cultura<\/strong><\/p>\n\n\n\n<p>Na sexta-feira (01), o Centro das Artes Prefeito Pedro F\u00e1varo recebe a com\u00e9dia \u201cMeu Rem\u00e9dio\u201d, com Mouhamed Harfouch, \u00e0s 16h30 e 19h, enquanto o Teatro Polytheama apresenta \u201cEleve \u2013 10 anos de Circo e Arte\u201d, \u00e0s 19h30. O Espa\u00e7o Expressa inicia a Festa Nordestina Jundia\u00ed, que segue por todo o fim de semana. A F\u00e1brica das Inf\u00e2ncias Japy fecha \u00e0s 12h30, e a Biblioteca Prof\u00ba Nelson Foot, o Museu Hist\u00f3rico e Cultural de Jundia\u00ed \u2013 Solar do Bar\u00e3o, a Pinacoteca Di\u00f3genes Duarte Paes e o Museu dos Ferrovi\u00e1rios permanecem fechados.<\/p>\n\n\n\n<p>No s\u00e1bado (02), o Centro das Artes recebe a pe\u00e7a \u201cO Menino Maluquinho \u2013 Lisonjeio ao Mestre\u201d, \u00e0s 17h. O Espa\u00e7o Expressa continua com a Festa Nordestina. A F\u00e1brica das Inf\u00e2ncias Japy tem conta\u00e7\u00e3o de hist\u00f3rias \u201cTenho uma hist\u00f3ria para contar\u201d, \u00e0s 10h30. A Biblioteca oferece exposi\u00e7\u00f5es, oficina de xadrez, lan\u00e7amento de livro e conta\u00e7\u00e3o de hist\u00f3rias. J\u00e1 o Museu Hist\u00f3rico \u2013 Solar do Bar\u00e3o, a Pinacoteca e o Museu dos Ferrovi\u00e1rios funcionam normalmente, enquanto o Teatro Polytheama permanece fechado.<\/p>\n\n\n\n<p>No domingo (03), o Teatro Polytheama apresenta \u201cGala Dancers\u201d, \u00e0s 19h30. O Espa\u00e7o Expressa encerra a Festa Nordestina Jundia\u00ed. A F\u00e1brica das Inf\u00e2ncias Japy realiza a conta\u00e7\u00e3o \u201cSons de Brincar\u201d, \u00e0s 10h30, al\u00e9m de oficina de xadrez. O Museu dos Ferrovi\u00e1rios e o Museu Hist\u00f3rico \u2013 Solar do Bar\u00e3o abrem normalmente, enquanto o Centro das Artes, a Biblioteca Prof\u00ba Nelson Foot e a Pinacoteca permanecem fechados.<\/p>\n\n\n\n<p>O CEU das Artes e o Centro Cultural Am\u00e9rico Mendes permanecem fechados durante todo o per\u00edodo.<\/p>\n\n\n\n<p>Toda a programa\u00e7\u00e3o da cidade est\u00e1 dispon\u00edvel no <a href=\"https:\/\/cultura.jundiai.sp.gov.br\/programacao\/\">site da Cultura<\/a>.&nbsp;<\/p>\n\n\n\n<p><strong>Parques municipais<\/strong><\/p>\n\n\n\n<p>Todos os parques da cidade funcionam normalmente, das 6h \u00e0s 17h, com exce\u00e7\u00e3o do Parque do Trabalhador (Corrupira), que no dia 1\u00ba de maio abre excepcionalmente das 8h \u00e0s 17h para a festa em comemora\u00e7\u00e3o ao Dia do Trabalho. Nos demais dias, o parque funciona das 7h \u00e0s 17h.<\/p>\n\n\n\n<p>O Parque da Cidade abre todos os dias, das 6h30 \u00e0s 18h, com entrada permitida at\u00e9 as 17h. J\u00e1 o Mundo das Crian\u00e7as funciona das 7h \u00e0s 17h, com entrada at\u00e9 as 16h.<\/p>\n\n\n\n<p><strong>Centros Esportivos<\/strong><\/p>\n\n\n\n<p>Nos dias 1\u00ba, 2 e 3 de maio, todos os centros esportivos de Jundia\u00ed estar\u00e3o abertos em hor\u00e1rio de plant\u00e3o, das 8h \u00e0s 18h, com exce\u00e7\u00e3o dos CECEs Sororoca (das 8h \u00e0s 20h) e Nicolino de Luca, o Bol\u00e3o (das 6h \u00e0s 18h).<\/p>\n\n\n\n<p><strong>Feiras e Varej\u00f5es<\/strong><\/p>\n\n\n\n<p>As feiras livres e varej\u00f5es noturnos mant\u00e9m a programa\u00e7\u00e3o normal.&nbsp;<\/p>\n\n\n\n<p>Toda a programa\u00e7\u00e3o, locais e hor\u00e1rios podem ser consultados no <a href=\"https:\/\/abastecimento.jundiai.sp.gov.br\/\">site do Agroneg\u00f3cio e Abastecimento<\/a>.<\/p>\n\n\n\n<figure class=\"wp-block-image size-large\"><img loading=\"lazy\" decoding=\"async\" width=\"1280\" height=\"854\" src=\"https:\/\/jundiai.sp.gov.br\/noticias\/wp-content\/uploads\/sites\/32\/2026\/04\/reinauguracao_parque_do_corrupira-153-1280x854.jpg\" alt=\"\" class=\"wp-image-378836\" srcset=\"https:\/\/jundiai.sp.gov.br\/noticias\/wp-content\/uploads\/sites\/32\/2026\/04\/reinauguracao_parque_do_corrupira-153-1280x854.jpg 1280w, https:\/\/jundiai.sp.gov.br\/noticias\/wp-content\/uploads\/sites\/32\/2026\/04\/reinauguracao_parque_do_corrupira-153-300x200.jpg 300w, https:\/\/jundiai.sp.gov.br\/noticias\/wp-content\/uploads\/sites\/32\/2026\/04\/reinauguracao_parque_do_corrupira-153-768x512.jpg 768w, https:\/\/jundiai.sp.gov.br\/noticias\/wp-content\/uploads\/sites\/32\/2026\/04\/reinauguracao_parque_do_corrupira-153-1536x1024.jpg 1536w, https:\/\/jundiai.sp.gov.br\/noticias\/wp-content\/uploads\/sites\/32\/2026\/04\/reinauguracao_parque_do_corrupira-153-450x300.jpg 450w, https:\/\/jundiai.sp.gov.br\/noticias\/wp-content\/uploads\/sites\/32\/2026\/04\/reinauguracao_parque_do_corrupira-153.jpg 1900w\" sizes=\"auto, (max-width: 1280px) 100vw, 1280px\" \/><\/figure>\n\n\n\n<p><strong>Espa\u00e7o Jundia\u00ed Empreendedora<\/strong><\/p>\n\n\n\n<p>O Espa\u00e7o Jundia\u00ed Empreendedora, no Maxi Shopping, onde tamb\u00e9m funcionam o Sebrae AQUI, Posto de Atendimento ao Trabalhador (PAT) e o Banco do Povo, estar\u00e1 fechado no feriado do dia 1\u00ba, reabrindo ao p\u00fablico na segunda-feira (4), \u00e0s 8h.<\/p>\n\n\n\n<p><strong>DAE<\/strong><\/p>\n\n\n\n<p>DAE Jundia\u00ed informa que a sede administrativa e os Postos de Atendimento da Vila Hortol\u00e2ndia, Centro, Ponte S\u00e3o Jo\u00e3o, Eloy Chaves e Poupatempo n\u00e3o ter\u00e3o expediente nesta sexta-feira (1\u00b0), feriado do Dia do Trabalhador. A unidade da empresa no Poupatempo, \u00fanica que funciona aos s\u00e1bados, estar\u00e1 aberta no dia 2, das 9 \u00e0s 12h30 .<\/p>\n\n\n\n<p>Em caso de emerg\u00eancia, os mun\u00edcipes podem entrar em contato com a DAE pela Central de Relacionamento, no telefone 0800 0133 155, com atendimento 24 horas. Mais informa\u00e7\u00f5es tamb\u00e9m podem ser obtidas pelo site da empresa.<\/p>\n\n\n\n<p><strong>Coleta de lixo<\/strong><\/p>\n\n\n\n<p>N\u00e3o haver\u00e1 interrup\u00e7\u00e3o nos servi\u00e7os de coleta org\u00e2nica, seletiva (recicl\u00e1vel) e Cata-Treco, que seguem conforme o cronograma regular. Os dias e hor\u00e1rios de coleta podem ser consultados no <a href=\"https:\/\/jundiai.sp.gov.br\/infraestrutura-e-servicos-publicos\/limpeza-publica\/coleta-organica-seletiva-e-cata-treco\/\">site da Prefeitura<\/a>.<\/p>\n\n\n\n<p><strong>Guarda Municipal<\/strong><\/p>\n\n\n\n<p>A Guarda Municipal de Jundia\u00ed segue com patrulhamento e atendimento \u00e0 popula\u00e7\u00e3o normalmente, 24 horas por dia. Em caso de emerg\u00eancias, o contato \u00e9 por meio do n\u00famero 153 ou pelo app \u201c<a href=\"https:\/\/jundiai.sp.gov.br\/noticias\/2025\/10\/11\/prefeitura-lanca-o-aplicativo-153-jundiai-da-guarda-municipal-que-permite-envio-de-textos-fotos-e-videos-de-ocorrencias\/\">153 Jundia\u00ed<\/a>\u201d.&nbsp;<\/p>\n\n\n\n<p><strong>Defesa Civil<\/strong><\/p>\n\n\n\n<p>A Defesa Civil tamb\u00e9m funciona normalmente durante o carnaval. Em caso de emerg\u00eancia, o telefone do \u00f3rg\u00e3o \u00e9 o 199 ou (11) 4589-0199.<\/p>\n\n\n\n<p><strong>Servi\u00e7o Funer\u00e1rio<\/strong><\/p>\n\n\n\n<p>Os cemit\u00e9rios municipais Nossa Senhora do Montenegro e Nossa Senhora do Desterro permanecem abertos normalmente, das 7h \u00e0s 17h, para sepultamentos e visitas. O atendimento do vel\u00f3rio Adamastor Fernandes segue o funcionamento 24 horas por dia, todos os dias da semana.<\/p>\n\n\n\n<p><strong>Assessoria de Imprensa<br>Fotos: Arquivo PMJ<\/strong><\/p>\n","protected":false},"excerpt":{"rendered":"<p>Em raz\u00e3o ao feriado do Dia Mundial do Trabalhador, celebrado na pr\u00f3xima sexta-feira (01), a Prefeitura de Jundia\u00ed informa os hor\u00e1rios de funcionamento dos servi\u00e7os p\u00fablicos municipais, conforme estabelece o (Decreto Municipal n\u00ba 35.682), de 06 de novembro de 2025, que define ponto facultativo no per\u00edodo. Setores administrativos Os setores administrativos em geral n\u00e3o ter\u00e3o [&hellip;]<\/p>\n","protected":false},"author":124,"featured_media":378836,"comment_status":"closed","ping_status":"0","sticky":false,"template":"","format":"standard","meta":{"footnotes":""},"categories":[4620,2],"tags":[5006,46,6505,3528],"ods":[],"class_list":["post-378821","post","type-post","status-publish","format-standard","has-post-thumbnail","hentry","category-destaques","category-noticias","tag-1o-de-maio","tag-abre-e-fecha","tag-dia-mundial-do-trabalhador","tag-feriado"],"_links":{"self":[{"href":"https:\/\/jundiai.sp.gov.br\/noticias\/wp-json\/wp\/v2\/posts\/378821","targetHints":{"allow":["GET"]}}],"collection":[{"href":"https:\/\/jundiai.sp.gov.br\/noticias\/wp-json\/wp\/v2\/posts"}],"about":[{"href":"https:\/\/jundiai.sp.gov.br\/noticias\/wp-json\/wp\/v2\/types\/post"}],"author":[{"embeddable":true,"href":"https:\/\/jundiai.sp.gov.br\/noticias\/wp-json\/wp\/v2\/users\/124"}],"replies":[{"embeddable":true,"href":"https:\/\/jundiai.sp.gov.br\/noticias\/wp-json\/wp\/v2\/comments?post=378821"}],"version-history":[{"count":3,"href":"https:\/\/jundiai.sp.gov.br\/noticias\/wp-json\/wp\/v2\/posts\/378821\/revisions"}],"predecessor-version":[{"id":378842,"href":"https:\/\/jundiai.sp.gov.br\/noticias\/wp-json\/wp\/v2\/posts\/378821\/revisions\/378842"}],"wp:featuredmedia":[{"embeddable":true,"href":"https:\/\/jundiai.sp.gov.br\/noticias\/wp-json\/wp\/v2\/media\/378836"}],"wp:attachment":[{"href":"https:\/\/jundiai.sp.gov.br\/noticias\/wp-json\/wp\/v2\/media?parent=378821"}],"wp:term":[{"taxonomy":"category","embeddable":true,"href":"https:\/\/jundiai.sp.gov.br\/noticias\/wp-json\/wp\/v2\/categories?post=378821"},{"taxonomy":"post_tag","embeddable":true,"href":"https:\/\/jundiai.sp.gov.br\/noticias\/wp-json\/wp\/v2\/tags?post=378821"},{"taxonomy":"ods","embeddable":true,"href":"https:\/\/jundiai.sp.gov.br\/noticias\/wp-json\/wp\/v2\/ods?post=378821"}],"curies":[{"name":"wp","href":"https:\/\/api.w.org\/{rel}","templated":true}]}}