{"id":378860,"date":"2026-04-30T12:15:00","date_gmt":"2026-04-30T15:15:00","guid":{"rendered":"https:\/\/jundiai.sp.gov.br\/noticias\/?p=378860"},"modified":"2026-04-30T09:02:10","modified_gmt":"2026-04-30T12:02:10","slug":"feriado-em-jundiai-tem-programacao-cultural-para-todas-as-idades-confira","status":"publish","type":"post","link":"https:\/\/jundiai.sp.gov.br\/noticias\/2026\/04\/30\/feriado-em-jundiai-tem-programacao-cultural-para-todas-as-idades-confira\/","title":{"rendered":"Feriado em Jundia\u00ed tem programa\u00e7\u00e3o cultural para todas as idades; confira"},"content":{"rendered":"\n<p>O feriado do Dia Mundial do Trabalho, celebrado em sexta-feira (1\u00ba), ser\u00e1 marcado por uma programa\u00e7\u00e3o cultural diversificada em Jundia\u00ed, com atra\u00e7\u00f5es para todas as idades distribu\u00eddas em diferentes espa\u00e7os da cidade. Espet\u00e1culos teatrais, atividades infantis, festas tem\u00e1ticas e exposi\u00e7\u00f5es integram a agenda, que pode ser conferida na \u00edntegra no <a href=\"https:\/\/cultura.jundiai.sp.gov.br\/programacao\/\">site oficial da Cultura<\/a>.<\/p>\n\n\n\n<figure class=\"wp-block-image size-large\"><img loading=\"lazy\" decoding=\"async\" width=\"1280\" height=\"854\" src=\"https:\/\/jundiai.sp.gov.br\/noticias\/wp-content\/uploads\/sites\/32\/2026\/04\/abertura-temporada-2024-orquestra-sinfonica-municipal-de-jundiai-osmj-claudia-ferez-e-soprano-erika-muniz_fm_-3-1-1280x854.jpg\" alt=\"\" class=\"wp-image-378861\" srcset=\"https:\/\/jundiai.sp.gov.br\/noticias\/wp-content\/uploads\/sites\/32\/2026\/04\/abertura-temporada-2024-orquestra-sinfonica-municipal-de-jundiai-osmj-claudia-ferez-e-soprano-erika-muniz_fm_-3-1-1280x854.jpg 1280w, https:\/\/jundiai.sp.gov.br\/noticias\/wp-content\/uploads\/sites\/32\/2026\/04\/abertura-temporada-2024-orquestra-sinfonica-municipal-de-jundiai-osmj-claudia-ferez-e-soprano-erika-muniz_fm_-3-1-300x200.jpg 300w, https:\/\/jundiai.sp.gov.br\/noticias\/wp-content\/uploads\/sites\/32\/2026\/04\/abertura-temporada-2024-orquestra-sinfonica-municipal-de-jundiai-osmj-claudia-ferez-e-soprano-erika-muniz_fm_-3-1-768x512.jpg 768w, https:\/\/jundiai.sp.gov.br\/noticias\/wp-content\/uploads\/sites\/32\/2026\/04\/abertura-temporada-2024-orquestra-sinfonica-municipal-de-jundiai-osmj-claudia-ferez-e-soprano-erika-muniz_fm_-3-1-1536x1024.jpg 1536w, https:\/\/jundiai.sp.gov.br\/noticias\/wp-content\/uploads\/sites\/32\/2026\/04\/abertura-temporada-2024-orquestra-sinfonica-municipal-de-jundiai-osmj-claudia-ferez-e-soprano-erika-muniz_fm_-3-1-450x300.jpg 450w, https:\/\/jundiai.sp.gov.br\/noticias\/wp-content\/uploads\/sites\/32\/2026\/04\/abertura-temporada-2024-orquestra-sinfonica-municipal-de-jundiai-osmj-claudia-ferez-e-soprano-erika-muniz_fm_-3-1.jpg 1900w\" sizes=\"auto, (max-width: 1280px) 100vw, 1280px\" \/><figcaption class=\"wp-element-caption\">Programa\u00e7\u00e3o cultural movimenta Jundia\u00ed durante o feriado do Dia Mundial do Trabalho<\/figcaption><\/figure>\n\n\n\n<p><strong>1\u00ba de maio<\/strong><\/p>\n\n\n\n<p>Na sexta-feira (1\u00ba), a programa\u00e7\u00e3o come\u00e7a com destaque para o Centro das Artes Prefeito Pedro F\u00e1varo, que recebe a com\u00e9dia \u201cMeu Rem\u00e9dio\u201d, com Mouhamed Harfouch, em duas sess\u00f5es, \u00e0s 16h30 e 19h. J\u00e1 o Teatro Polytheama apresenta o espet\u00e1culo \u201cEleve &#8211; 10 anos de Circo e Arte\u201d, \u00e0s 19h30. O Espa\u00e7o Expressa d\u00e1 in\u00edcio \u00e0 Festa Nordestina Jundia\u00ed, que segue durante todo o fim de semana. A F\u00e1brica das Inf\u00e2ncias Japy funciona at\u00e9 12h30. J\u00e1 a Biblioteca P\u00fablica Municipal Professor Nelson Foot, o Museu Hist\u00f3rico e Cultural de Jundia\u00ed &#8211; Solar do Bar\u00e3o, a Pinacoteca Di\u00f3genes Duarte Paes e o Museu dos Ferrovi\u00e1rios permanecem fechados.<\/p>\n\n\n\n<p><strong>2 de maio<\/strong><\/p>\n\n\n\n<p>No s\u00e1bado (2), o Centro das Artes Prefeito Pedro F\u00e1varo recebe a pe\u00e7a \u201cO Menino Maluquinho &#8211; Lisonjeio ao Mestre\u201d, \u00e0s 17h, enquanto o Espa\u00e7o Expressa segue com a Festa Nordestina. A F\u00e1brica das Inf\u00e2ncias Japy realiza, \u00e0s 10h30, a conta\u00e7\u00e3o de hist\u00f3rias \u201cTenho uma hist\u00f3ria para contar\u201d. J\u00e1 a Biblioteca P\u00fablica Municipal Professor Nelson Foot oferece uma programa\u00e7\u00e3o variada com exposi\u00e7\u00f5es, oficina de xadrez, lan\u00e7amento de livro e atividades de leitura. O Museu Hist\u00f3rico e Cultural de Jundia\u00ed &#8211; Solar do Bar\u00e3o, a Pinacoteca Di\u00f3genes Duarte Paes e o Museu dos Ferrovi\u00e1rios funcionam normalmente, enquanto o Teatro Polytheama permanece fechado.<\/p>\n\n\n\n<p><strong>3 de maio<\/strong><\/p>\n\n\n\n<p>No domingo (3), o Teatro Polytheama recebe o espet\u00e1culo \u201cGala Dancers\u201d, \u00e0s 19h30, e o Espa\u00e7o Expressa realiza o \u00faltimo dia da Festa Nordestina. A F\u00e1brica das Inf\u00e2ncias Japy promove, \u00e0s 10h30, a atividade \u201cSons de Brincar\u201d, al\u00e9m de oficina de xadrez. O Museu dos Ferrovi\u00e1rios e o Museu Hist\u00f3rico e Cultural de Jundia\u00ed &#8211; Solar do Bar\u00e3o funcionam normalmente. J\u00e1 o Centro das Artes Prefeito Pedro F\u00e1varo, a Biblioteca P\u00fablica Municipal Professor Nelson Foot e a Pinacoteca Di\u00f3genes Duarte Paes estar\u00e3o fechados.<\/p>\n\n\n\n<figure class=\"wp-block-image size-large\"><img loading=\"lazy\" decoding=\"async\" width=\"1280\" height=\"854\" src=\"https:\/\/jundiai.sp.gov.br\/noticias\/wp-content\/uploads\/sites\/32\/2026\/04\/fabrica-das-infancias-japy-programacao-ferias-oficina-torre-de-bambu_fm_-83-1280x854.jpg\" alt=\"\" class=\"wp-image-378865\" srcset=\"https:\/\/jundiai.sp.gov.br\/noticias\/wp-content\/uploads\/sites\/32\/2026\/04\/fabrica-das-infancias-japy-programacao-ferias-oficina-torre-de-bambu_fm_-83-1280x854.jpg 1280w, https:\/\/jundiai.sp.gov.br\/noticias\/wp-content\/uploads\/sites\/32\/2026\/04\/fabrica-das-infancias-japy-programacao-ferias-oficina-torre-de-bambu_fm_-83-300x200.jpg 300w, https:\/\/jundiai.sp.gov.br\/noticias\/wp-content\/uploads\/sites\/32\/2026\/04\/fabrica-das-infancias-japy-programacao-ferias-oficina-torre-de-bambu_fm_-83-768x512.jpg 768w, https:\/\/jundiai.sp.gov.br\/noticias\/wp-content\/uploads\/sites\/32\/2026\/04\/fabrica-das-infancias-japy-programacao-ferias-oficina-torre-de-bambu_fm_-83-1536x1024.jpg 1536w, https:\/\/jundiai.sp.gov.br\/noticias\/wp-content\/uploads\/sites\/32\/2026\/04\/fabrica-das-infancias-japy-programacao-ferias-oficina-torre-de-bambu_fm_-83-450x300.jpg 450w, https:\/\/jundiai.sp.gov.br\/noticias\/wp-content\/uploads\/sites\/32\/2026\/04\/fabrica-das-infancias-japy-programacao-ferias-oficina-torre-de-bambu_fm_-83.jpg 1900w\" sizes=\"auto, (max-width: 1280px) 100vw, 1280px\" \/><figcaption class=\"wp-element-caption\">F\u00e1brica das Inf\u00e2ncias Japy integra a programa\u00e7\u00e3o especial do feriado em Jundia\u00ed<\/figcaption><\/figure>\n\n\n\n<p>Durante todo o per\u00edodo, o CEU das Artes e o Centro Cultural Am\u00e9rico Mendes permanecem fechados.<\/p>\n\n\n\n<p>Com op\u00e7\u00f5es que v\u00e3o do teatro \u00e0 literatura, passando por atividades infantis e eventos tem\u00e1ticos, a programa\u00e7\u00e3o refor\u00e7a o acesso \u00e0 cultura e o lazer para moradores e visitantes durante o feriado prolongado.<\/p>\n\n\n\n<p><strong>Assessoria de Imprensa<br>Fotos: Arquivo PMJ<\/strong><\/p>\n","protected":false},"excerpt":{"rendered":"<p>O feriado do Dia Mundial do Trabalho, celebrado em sexta-feira (1\u00ba), ser\u00e1 marcado por uma programa\u00e7\u00e3o cultural diversificada em Jundia\u00ed, com atra\u00e7\u00f5es para todas as idades distribu\u00eddas em diferentes espa\u00e7os da cidade. Espet\u00e1culos teatrais, atividades infantis, festas tem\u00e1ticas e exposi\u00e7\u00f5es integram a agenda, que pode ser conferida na \u00edntegra no site oficial da Cultura. 1\u00ba [&hellip;]<\/p>\n","protected":false},"author":124,"featured_media":378861,"comment_status":"closed","ping_status":"closed","sticky":false,"template":"","format":"standard","meta":{"footnotes":""},"categories":[2],"tags":[29,6509,5424],"ods":[],"class_list":["post-378860","post","type-post","status-publish","format-standard","has-post-thumbnail","hentry","category-noticias","tag-cultura","tag-dia-mundial-do-trabalho","tag-programacao-cultural"],"_links":{"self":[{"href":"https:\/\/jundiai.sp.gov.br\/noticias\/wp-json\/wp\/v2\/posts\/378860","targetHints":{"allow":["GET"]}}],"collection":[{"href":"https:\/\/jundiai.sp.gov.br\/noticias\/wp-json\/wp\/v2\/posts"}],"about":[{"href":"https:\/\/jundiai.sp.gov.br\/noticias\/wp-json\/wp\/v2\/types\/post"}],"author":[{"embeddable":true,"href":"https:\/\/jundiai.sp.gov.br\/noticias\/wp-json\/wp\/v2\/users\/124"}],"replies":[{"embeddable":true,"href":"https:\/\/jundiai.sp.gov.br\/noticias\/wp-json\/wp\/v2\/comments?post=378860"}],"version-history":[{"count":3,"href":"https:\/\/jundiai.sp.gov.br\/noticias\/wp-json\/wp\/v2\/posts\/378860\/revisions"}],"predecessor-version":[{"id":378876,"href":"https:\/\/jundiai.sp.gov.br\/noticias\/wp-json\/wp\/v2\/posts\/378860\/revisions\/378876"}],"wp:featuredmedia":[{"embeddable":true,"href":"https:\/\/jundiai.sp.gov.br\/noticias\/wp-json\/wp\/v2\/media\/378861"}],"wp:attachment":[{"href":"https:\/\/jundiai.sp.gov.br\/noticias\/wp-json\/wp\/v2\/media?parent=378860"}],"wp:term":[{"taxonomy":"category","embeddable":true,"href":"https:\/\/jundiai.sp.gov.br\/noticias\/wp-json\/wp\/v2\/categories?post=378860"},{"taxonomy":"post_tag","embeddable":true,"href":"https:\/\/jundiai.sp.gov.br\/noticias\/wp-json\/wp\/v2\/tags?post=378860"},{"taxonomy":"ods","embeddable":true,"href":"https:\/\/jundiai.sp.gov.br\/noticias\/wp-json\/wp\/v2\/ods?post=378860"}],"curies":[{"name":"wp","href":"https:\/\/api.w.org\/{rel}","templated":true}]}}