{"id":378863,"date":"2026-04-29T12:00:00","date_gmt":"2026-04-29T15:00:00","guid":{"rendered":"https:\/\/jundiai.sp.gov.br\/noticias\/?p=378863"},"modified":"2026-04-28T18:00:30","modified_gmt":"2026-04-28T21:00:30","slug":"noite-de-premiacao-valoriza-agricultores-da-festa-da-uva-e-expo-vinhos-de-jundiai","status":"publish","type":"post","link":"https:\/\/jundiai.sp.gov.br\/noticias\/2026\/04\/29\/noite-de-premiacao-valoriza-agricultores-da-festa-da-uva-e-expo-vinhos-de-jundiai\/","title":{"rendered":"Noite de premia\u00e7\u00e3o valoriza agricultores da Festa da Uva e Expo Vinhos de Jundia\u00ed"},"content":{"rendered":"\n<p>Os agricultores que participaram da 41\u00aa Festa da Uva e 12\u00aa Expo Vinhos de Jundia\u00ed foram homenageados em uma noite de reconhecimento ao trabalho de quem movimenta a economia rural e mant\u00e9m viva uma das principais tradi\u00e7\u00f5es da cidade. O Jantar de Premia\u00e7\u00e3o dos Agricultores 2026, reuniu produtores, autoridades e representantes do setor para celebrar os homens e mulheres do campo que fazem de Jundia\u00ed a consagrada Terra da Uva. <\/p>\n\n\n\n<p>Promovido pela Associa\u00e7\u00e3o Agr\u00edcola de Jundia\u00ed com apoio da Prefeitura atrav\u00e9s da Secretaria de Agroneg\u00f3cio Abastecimento e Turismo, o evento homenageou especialmente os agricultores que se destacaram na produ\u00e7\u00e3o de Uva Niagara Rosada, al\u00e9m de produtores de p\u00eassego, morango e caqui.<\/p>\n\n\n\n<figure class=\"wp-block-gallery has-nested-images columns-default is-cropped wp-block-gallery-1 is-layout-flex wp-block-gallery-is-layout-flex\">\n<figure class=\"wp-block-image size-large\"><img loading=\"lazy\" decoding=\"async\" width=\"1280\" height=\"854\" data-id=\"378866\" src=\"https:\/\/jundiai.sp.gov.br\/noticias\/wp-content\/uploads\/sites\/32\/2026\/04\/jantar-de-premiacao-276-1-1280x854.jpg\" alt=\"\" class=\"wp-image-378866\" srcset=\"https:\/\/jundiai.sp.gov.br\/noticias\/wp-content\/uploads\/sites\/32\/2026\/04\/jantar-de-premiacao-276-1-1280x854.jpg 1280w, https:\/\/jundiai.sp.gov.br\/noticias\/wp-content\/uploads\/sites\/32\/2026\/04\/jantar-de-premiacao-276-1-300x200.jpg 300w, https:\/\/jundiai.sp.gov.br\/noticias\/wp-content\/uploads\/sites\/32\/2026\/04\/jantar-de-premiacao-276-1-768x512.jpg 768w, https:\/\/jundiai.sp.gov.br\/noticias\/wp-content\/uploads\/sites\/32\/2026\/04\/jantar-de-premiacao-276-1-1536x1024.jpg 1536w, https:\/\/jundiai.sp.gov.br\/noticias\/wp-content\/uploads\/sites\/32\/2026\/04\/jantar-de-premiacao-276-1-450x300.jpg 450w, https:\/\/jundiai.sp.gov.br\/noticias\/wp-content\/uploads\/sites\/32\/2026\/04\/jantar-de-premiacao-276-1.jpg 1900w\" sizes=\"auto, (max-width: 1280px) 100vw, 1280px\" \/><\/figure>\n\n\n\n<figure class=\"wp-block-image size-large\"><img loading=\"lazy\" decoding=\"async\" width=\"1280\" height=\"854\" data-id=\"378868\" src=\"https:\/\/jundiai.sp.gov.br\/noticias\/wp-content\/uploads\/sites\/32\/2026\/04\/jantar-de-premiacao-81-1280x854.jpg\" alt=\"\" class=\"wp-image-378868\" srcset=\"https:\/\/jundiai.sp.gov.br\/noticias\/wp-content\/uploads\/sites\/32\/2026\/04\/jantar-de-premiacao-81-1280x854.jpg 1280w, https:\/\/jundiai.sp.gov.br\/noticias\/wp-content\/uploads\/sites\/32\/2026\/04\/jantar-de-premiacao-81-300x200.jpg 300w, https:\/\/jundiai.sp.gov.br\/noticias\/wp-content\/uploads\/sites\/32\/2026\/04\/jantar-de-premiacao-81-768x512.jpg 768w, https:\/\/jundiai.sp.gov.br\/noticias\/wp-content\/uploads\/sites\/32\/2026\/04\/jantar-de-premiacao-81-1536x1024.jpg 1536w, https:\/\/jundiai.sp.gov.br\/noticias\/wp-content\/uploads\/sites\/32\/2026\/04\/jantar-de-premiacao-81-450x300.jpg 450w, https:\/\/jundiai.sp.gov.br\/noticias\/wp-content\/uploads\/sites\/32\/2026\/04\/jantar-de-premiacao-81.jpg 1900w\" sizes=\"auto, (max-width: 1280px) 100vw, 1280px\" \/><\/figure>\n<\/figure>\n\n\n\n<p>Em sua fala, o prefeito Gustavo Martinelli ressaltou a import\u00e2ncia dos agricultores para a cidade. \u201cA Festa da Uva \u00e9 um s\u00edmbolo da nossa identidade. Mais do que uma celebra\u00e7\u00e3o, ela evidencia o potencial de Jundia\u00ed por meio do apoio \u00e0s entidades, do fomento ao turismo e da valoriza\u00e7\u00e3o da nossa cultura. \u00c9 gra\u00e7as ao trabalho incans\u00e1vel dos nossos produtores que mantemos viva essa tradi\u00e7\u00e3o t\u00e3o importante. Esta premia\u00e7\u00e3o \u00e9 um reconhecimento mais do que merecido a todos que se dedicam \u00e0 produ\u00e7\u00e3o agr\u00edcola, especialmente da nossa uva s\u00edmbolo, a Niagara Rosada de Jundiahy\u201d, afirmou. <\/p>\n\n\n\n<p>Na principal categoria da noite, Super Campe\u00f5es Produtores da Uva Niagara Rosada, o grande vencedor foi Anderson Tomasetto, seguido por Almir Miquelin, em segundo lugar, e Gabriel Ant\u00f4nio, em terceiro. Emocionado com o reconhecimento, Anderson destacou o trabalho cont\u00ednuo no campo. \u201c\u00c9 uma emo\u00e7\u00e3o \u00edmpar. A gente trabalha o ano inteiro, supera as diversidades clim\u00e1ticas e faz todos os processos para ter a melhor uva\u201d, afirmou.<\/p>\n\n\n\n<figure class=\"wp-block-gallery has-nested-images columns-default is-cropped wp-block-gallery-2 is-layout-flex wp-block-gallery-is-layout-flex\">\n<figure class=\"wp-block-image size-large\"><img loading=\"lazy\" decoding=\"async\" width=\"1280\" height=\"854\" data-id=\"378870\" src=\"https:\/\/jundiai.sp.gov.br\/noticias\/wp-content\/uploads\/sites\/32\/2026\/04\/jantar-de-premiacao-274-1280x854.jpg\" alt=\"\" class=\"wp-image-378870\" srcset=\"https:\/\/jundiai.sp.gov.br\/noticias\/wp-content\/uploads\/sites\/32\/2026\/04\/jantar-de-premiacao-274-1280x854.jpg 1280w, https:\/\/jundiai.sp.gov.br\/noticias\/wp-content\/uploads\/sites\/32\/2026\/04\/jantar-de-premiacao-274-300x200.jpg 300w, https:\/\/jundiai.sp.gov.br\/noticias\/wp-content\/uploads\/sites\/32\/2026\/04\/jantar-de-premiacao-274-768x512.jpg 768w, https:\/\/jundiai.sp.gov.br\/noticias\/wp-content\/uploads\/sites\/32\/2026\/04\/jantar-de-premiacao-274-1536x1024.jpg 1536w, https:\/\/jundiai.sp.gov.br\/noticias\/wp-content\/uploads\/sites\/32\/2026\/04\/jantar-de-premiacao-274-450x300.jpg 450w, https:\/\/jundiai.sp.gov.br\/noticias\/wp-content\/uploads\/sites\/32\/2026\/04\/jantar-de-premiacao-274.jpg 1900w\" sizes=\"auto, (max-width: 1280px) 100vw, 1280px\" \/><figcaption class=\"wp-element-caption\">Anderson Tomasetto<\/figcaption><\/figure>\n\n\n\n<figure class=\"wp-block-image size-large\"><img loading=\"lazy\" decoding=\"async\" width=\"1280\" height=\"854\" data-id=\"378872\" src=\"https:\/\/jundiai.sp.gov.br\/noticias\/wp-content\/uploads\/sites\/32\/2026\/04\/jantar-de-premiacao-270-1280x854.jpg\" alt=\"\" class=\"wp-image-378872\" srcset=\"https:\/\/jundiai.sp.gov.br\/noticias\/wp-content\/uploads\/sites\/32\/2026\/04\/jantar-de-premiacao-270-1280x854.jpg 1280w, https:\/\/jundiai.sp.gov.br\/noticias\/wp-content\/uploads\/sites\/32\/2026\/04\/jantar-de-premiacao-270-300x200.jpg 300w, https:\/\/jundiai.sp.gov.br\/noticias\/wp-content\/uploads\/sites\/32\/2026\/04\/jantar-de-premiacao-270-768x512.jpg 768w, https:\/\/jundiai.sp.gov.br\/noticias\/wp-content\/uploads\/sites\/32\/2026\/04\/jantar-de-premiacao-270-1536x1024.jpg 1536w, https:\/\/jundiai.sp.gov.br\/noticias\/wp-content\/uploads\/sites\/32\/2026\/04\/jantar-de-premiacao-270-450x300.jpg 450w, https:\/\/jundiai.sp.gov.br\/noticias\/wp-content\/uploads\/sites\/32\/2026\/04\/jantar-de-premiacao-270.jpg 1900w\" sizes=\"auto, (max-width: 1280px) 100vw, 1280px\" \/><figcaption class=\"wp-element-caption\">Almir Miquelin<\/figcaption><\/figure>\n\n\n\n<figure class=\"wp-block-image size-large\"><img loading=\"lazy\" decoding=\"async\" width=\"1280\" height=\"854\" data-id=\"378873\" src=\"https:\/\/jundiai.sp.gov.br\/noticias\/wp-content\/uploads\/sites\/32\/2026\/04\/jantar-de-premiacao-267-1-1280x854.jpg\" alt=\"\" class=\"wp-image-378873\" srcset=\"https:\/\/jundiai.sp.gov.br\/noticias\/wp-content\/uploads\/sites\/32\/2026\/04\/jantar-de-premiacao-267-1-1280x854.jpg 1280w, https:\/\/jundiai.sp.gov.br\/noticias\/wp-content\/uploads\/sites\/32\/2026\/04\/jantar-de-premiacao-267-1-300x200.jpg 300w, https:\/\/jundiai.sp.gov.br\/noticias\/wp-content\/uploads\/sites\/32\/2026\/04\/jantar-de-premiacao-267-1-768x512.jpg 768w, https:\/\/jundiai.sp.gov.br\/noticias\/wp-content\/uploads\/sites\/32\/2026\/04\/jantar-de-premiacao-267-1-1536x1024.jpg 1536w, https:\/\/jundiai.sp.gov.br\/noticias\/wp-content\/uploads\/sites\/32\/2026\/04\/jantar-de-premiacao-267-1-450x300.jpg 450w, https:\/\/jundiai.sp.gov.br\/noticias\/wp-content\/uploads\/sites\/32\/2026\/04\/jantar-de-premiacao-267-1.jpg 1900w\" sizes=\"auto, (max-width: 1280px) 100vw, 1280px\" \/><figcaption class=\"wp-element-caption\">Gabriel Ant\u00f4nio<\/figcaption><\/figure>\n<\/figure>\n\n\n\n<p>A secret\u00e1ria de Agroneg\u00f3cio, Abastecimento e Turismo, Marcela Moro, destacou o protagonismo dos produtores no sucesso da festa. \u201c\u00c9 uma noite muito especial de celebra\u00e7\u00e3o para esses produtores, que s\u00e3o os grandes protagonistas da Festa da Uva.\u201d<\/p>\n\n\n\n<p>Tamb\u00e9m esteve presente o presidente da C\u00e2mara Municipal, vereador Edicarlos Vieira, representando o Legislativo.<\/p>\n\n\n\n<h2 class=\"wp-block-heading\"><strong>Festa da Uva 2026<\/strong><\/h2>\n\n\n\n<p>A homenagem aos agricultores encerra um ciclo de resultados hist\u00f3ricos da 41\u00aa Festa da Uva e 12\u00aa Expo Vinhos de Jundia\u00ed. Realizada em quatro finais de semana, entre 15 de janeiro e 8 de fevereiro, a edi\u00e7\u00e3o de 2026 foi a maior da hist\u00f3ria em p\u00fablico, alcance e volume de vendas. Ao todo, a festa movimentou R$ 48 milh\u00f5es em vendas, com impacto direto para agricultores, empreendedores, entidades assistenciais, artes\u00e3os, setor gastron\u00f4mico e o polo cervejeiro. Foram comercializadas 95 toneladas de frutas durante o evento. Com p\u00fablico de 307.849 visitantes, presen\u00e7a de turistas de 397 cidades, de todos os estados brasileiros e de 39 pa\u00edses, a edi\u00e7\u00e3o de 2026 consolidou Jundia\u00ed como refer\u00eancia nacional e internacional em turismo rural, cultura e agroneg\u00f3cio.<\/p>\n\n\n\n<p><strong>Assessoria de Imprensa <br>Fotos: Secretaria de Agroneg\u00f3cio, Abastecimento e Turismo <\/strong><\/p>\n","protected":false},"excerpt":{"rendered":"<p>Os agricultores que participaram da 41\u00aa Festa da Uva e 12\u00aa Expo Vinhos de Jundia\u00ed foram homenageados em uma noite de reconhecimento ao trabalho de quem movimenta a economia rural e mant\u00e9m viva uma das principais tradi\u00e7\u00f5es da cidade. O Jantar de Premia\u00e7\u00e3o dos Agricultores 2026, reuniu produtores, autoridades e representantes do setor para celebrar [&hellip;]<\/p>\n","protected":false},"author":69,"featured_media":378866,"comment_status":"closed","ping_status":"0","sticky":false,"template":"","format":"standard","meta":{"footnotes":""},"categories":[2],"tags":[6264,5984,6510,5577,6415],"ods":[],"class_list":["post-378863","post","type-post","status-publish","format-standard","has-post-thumbnail","hentry","category-noticias","tag-associacao-agricola-de-jundiai","tag-festa-da-uva-2026","tag-jantar-de-premiacao-dos-agricultores-2026","tag-secretaria-de-agronegocio-abastecimento-e-turismo","tag-uva-niagara-rosada"],"_links":{"self":[{"href":"https:\/\/jundiai.sp.gov.br\/noticias\/wp-json\/wp\/v2\/posts\/378863","targetHints":{"allow":["GET"]}}],"collection":[{"href":"https:\/\/jundiai.sp.gov.br\/noticias\/wp-json\/wp\/v2\/posts"}],"about":[{"href":"https:\/\/jundiai.sp.gov.br\/noticias\/wp-json\/wp\/v2\/types\/post"}],"author":[{"embeddable":true,"href":"https:\/\/jundiai.sp.gov.br\/noticias\/wp-json\/wp\/v2\/users\/69"}],"replies":[{"embeddable":true,"href":"https:\/\/jundiai.sp.gov.br\/noticias\/wp-json\/wp\/v2\/comments?post=378863"}],"version-history":[{"count":3,"href":"https:\/\/jundiai.sp.gov.br\/noticias\/wp-json\/wp\/v2\/posts\/378863\/revisions"}],"predecessor-version":[{"id":378878,"href":"https:\/\/jundiai.sp.gov.br\/noticias\/wp-json\/wp\/v2\/posts\/378863\/revisions\/378878"}],"wp:featuredmedia":[{"embeddable":true,"href":"https:\/\/jundiai.sp.gov.br\/noticias\/wp-json\/wp\/v2\/media\/378866"}],"wp:attachment":[{"href":"https:\/\/jundiai.sp.gov.br\/noticias\/wp-json\/wp\/v2\/media?parent=378863"}],"wp:term":[{"taxonomy":"category","embeddable":true,"href":"https:\/\/jundiai.sp.gov.br\/noticias\/wp-json\/wp\/v2\/categories?post=378863"},{"taxonomy":"post_tag","embeddable":true,"href":"https:\/\/jundiai.sp.gov.br\/noticias\/wp-json\/wp\/v2\/tags?post=378863"},{"taxonomy":"ods","embeddable":true,"href":"https:\/\/jundiai.sp.gov.br\/noticias\/wp-json\/wp\/v2\/ods?post=378863"}],"curies":[{"name":"wp","href":"https:\/\/api.w.org\/{rel}","templated":true}]}}