{"id":378888,"date":"2026-04-30T09:02:16","date_gmt":"2026-04-30T12:02:16","guid":{"rendered":"https:\/\/jundiai.sp.gov.br\/noticias\/?p=378888"},"modified":"2026-04-30T09:02:16","modified_gmt":"2026-04-30T12:02:16","slug":"pesquisa-origem-destino-moradores-da-regiao-de-jundiai-serao-entrevistados-para-melhorias-na-mobilidade","status":"publish","type":"post","link":"https:\/\/jundiai.sp.gov.br\/noticias\/2026\/04\/30\/pesquisa-origem-destino-moradores-da-regiao-de-jundiai-serao-entrevistados-para-melhorias-na-mobilidade\/","title":{"rendered":"Pesquisa Origem-Destino: moradores da regi\u00e3o de Jundia\u00ed ser\u00e3o entrevistados para melhorias na mobilidade"},"content":{"rendered":"\n<p>Cidad\u00e3os que residem em seis mil domic\u00edlios na Regi\u00e3o Metropolitana de Jundia\u00ed (RMJ) come\u00e7aram a ser avisados esta semana, por carta, da visita dos entrevistadores que iniciar\u00e3o a Pesquisa Origem-Destino (OD). O levantamento sobre h\u00e1bitos de deslocamento da popula\u00e7\u00e3o ser\u00e1 realizado pela Secretaria dos Transportes Metropolitanos do Estado de S\u00e3o Paulo (STM) e pela Funda\u00e7\u00e3o Seade.<\/p>\n\n\n\n<figure class=\"wp-block-image size-large\"><img loading=\"lazy\" decoding=\"async\" width=\"1280\" height=\"719\" src=\"https:\/\/jundiai.sp.gov.br\/noticias\/wp-content\/uploads\/sites\/32\/2026\/04\/aereas_rua_anchieta_antes_pa-10-1-1280x719.jpg\" alt=\"\" class=\"wp-image-378889\" srcset=\"https:\/\/jundiai.sp.gov.br\/noticias\/wp-content\/uploads\/sites\/32\/2026\/04\/aereas_rua_anchieta_antes_pa-10-1-1280x719.jpg 1280w, https:\/\/jundiai.sp.gov.br\/noticias\/wp-content\/uploads\/sites\/32\/2026\/04\/aereas_rua_anchieta_antes_pa-10-1-300x169.jpg 300w, https:\/\/jundiai.sp.gov.br\/noticias\/wp-content\/uploads\/sites\/32\/2026\/04\/aereas_rua_anchieta_antes_pa-10-1-768x432.jpg 768w, https:\/\/jundiai.sp.gov.br\/noticias\/wp-content\/uploads\/sites\/32\/2026\/04\/aereas_rua_anchieta_antes_pa-10-1-1536x863.jpg 1536w, https:\/\/jundiai.sp.gov.br\/noticias\/wp-content\/uploads\/sites\/32\/2026\/04\/aereas_rua_anchieta_antes_pa-10-1.jpg 1900w\" sizes=\"auto, (max-width: 1280px) 100vw, 1280px\" \/><figcaption class=\"wp-element-caption\">Entrevistas da Pesquisa Origem-Destino come\u00e7ar\u00e3o a ser feitas em Jundia\u00ed e em outras cidades da RMJ<\/figcaption><\/figure>\n\n\n\n<p>Na primeira semana de maio, logo depois do feriado do Dia do Trabalho, 40 entrevistadores visitar\u00e3o as resid\u00eancias da RMJ, sorteadas a partir de amostras extra\u00eddas do Cadastro Nacional de Endere\u00e7os para Fins Estat\u00edsticos (CNEFE), utilizadas pelo IBGE na elabora\u00e7\u00e3o do Censo Demogr\u00e1fico. Esses dados permitir\u00e3o orientar pol\u00edticas p\u00fablicas de mobilidade e direcionar investimentos para tornar o transporte coletivo mais eficiente, seguro e conectado \u00e0s demais demandas regionais.<\/p>\n\n\n\n<p>A pesquisa est\u00e1 sendo feita na Regi\u00e3o em parceria com a Prefeitura de Jundia\u00ed e demais administra\u00e7\u00f5es municipais. O objetivo \u00e9 coletar informa\u00e7\u00f5es detalhadas sobre como as pessoas se deslocam no dia a dia, incluindo trajetos, meios de transporte utilizados e principais necessidades.<\/p>\n\n\n\n<p>Os pesquisadores estar\u00e3o devidamente identificados. A colabora\u00e7\u00e3o dos moradores \u00e9 fundamental para garantir a precis\u00e3o e a qualidade das informa\u00e7\u00f5es coletadas. O Governo do Estado de S\u00e3o Paulo deu in\u00edcio \u00e0 mobiliza\u00e7\u00e3o dos moradores pela RMJ e o trabalho ocorrer\u00e1 em todas as regi\u00f5es paulistas. \u201cMobilidade e transporte s\u00e3o prioridades de todos os munic\u00edpios da nossa regi\u00e3o. Este trabalho da STM e da Funda\u00e7\u00e3o Seade tem como foco a defini\u00e7\u00e3o de estrat\u00e9gias de mobilidade, visando solu\u00e7\u00f5es integradas que beneficiem toda nossa Regi\u00e3o\u201d, ressaltou o prefeito de Jundia\u00ed, Gustavo Martinelli, que tamb\u00e9m \u00e9 presidente da RMJ.<\/p>\n\n\n\n<p>\u201cA parceria entre a Funda\u00e7\u00e3o Seade, a STM e as prefeituras ser\u00e1 muito produtiva. A participa\u00e7\u00e3o dos moradores vai garantir um retrato atual da mobilidade urbana da regi\u00e3o\u201d, finalizou o diretor-executivo da Funda\u00e7\u00e3o Seade, Bruno Caetano.<\/p>\n\n\n\n<p><strong>Assessoria de Imprensa<\/strong><br><strong>Fotos: Fot\u00f3grafos PMJ<\/strong><\/p>\n","protected":false},"excerpt":{"rendered":"<p>Cidad\u00e3os que residem em seis mil domic\u00edlios na Regi\u00e3o Metropolitana de Jundia\u00ed (RMJ) come\u00e7aram a ser avisados esta semana, por carta, da visita dos entrevistadores que iniciar\u00e3o a Pesquisa Origem-Destino (OD). O levantamento sobre h\u00e1bitos de deslocamento da popula\u00e7\u00e3o ser\u00e1 realizado pela Secretaria dos Transportes Metropolitanos do Estado de S\u00e3o Paulo (STM) e pela Funda\u00e7\u00e3o [&hellip;]<\/p>\n","protected":false},"author":54,"featured_media":378890,"comment_status":"closed","ping_status":"0","sticky":false,"template":"","format":"standard","meta":{"footnotes":""},"categories":[4620,2],"tags":[5936,5778],"ods":[],"class_list":["post-378888","post","type-post","status-publish","format-standard","has-post-thumbnail","hentry","category-destaques","category-noticias","tag-secretaria-municipal-de-mobilidade-e-transporte-smmt","tag-smmt"],"_links":{"self":[{"href":"https:\/\/jundiai.sp.gov.br\/noticias\/wp-json\/wp\/v2\/posts\/378888","targetHints":{"allow":["GET"]}}],"collection":[{"href":"https:\/\/jundiai.sp.gov.br\/noticias\/wp-json\/wp\/v2\/posts"}],"about":[{"href":"https:\/\/jundiai.sp.gov.br\/noticias\/wp-json\/wp\/v2\/types\/post"}],"author":[{"embeddable":true,"href":"https:\/\/jundiai.sp.gov.br\/noticias\/wp-json\/wp\/v2\/users\/54"}],"replies":[{"embeddable":true,"href":"https:\/\/jundiai.sp.gov.br\/noticias\/wp-json\/wp\/v2\/comments?post=378888"}],"version-history":[{"count":5,"href":"https:\/\/jundiai.sp.gov.br\/noticias\/wp-json\/wp\/v2\/posts\/378888\/revisions"}],"predecessor-version":[{"id":379031,"href":"https:\/\/jundiai.sp.gov.br\/noticias\/wp-json\/wp\/v2\/posts\/378888\/revisions\/379031"}],"wp:featuredmedia":[{"embeddable":true,"href":"https:\/\/jundiai.sp.gov.br\/noticias\/wp-json\/wp\/v2\/media\/378890"}],"wp:attachment":[{"href":"https:\/\/jundiai.sp.gov.br\/noticias\/wp-json\/wp\/v2\/media?parent=378888"}],"wp:term":[{"taxonomy":"category","embeddable":true,"href":"https:\/\/jundiai.sp.gov.br\/noticias\/wp-json\/wp\/v2\/categories?post=378888"},{"taxonomy":"post_tag","embeddable":true,"href":"https:\/\/jundiai.sp.gov.br\/noticias\/wp-json\/wp\/v2\/tags?post=378888"},{"taxonomy":"ods","embeddable":true,"href":"https:\/\/jundiai.sp.gov.br\/noticias\/wp-json\/wp\/v2\/ods?post=378888"}],"curies":[{"name":"wp","href":"https:\/\/api.w.org\/{rel}","templated":true}]}}