{"id":378894,"date":"2026-05-01T14:10:00","date_gmt":"2026-05-01T17:10:00","guid":{"rendered":"https:\/\/jundiai.sp.gov.br\/noticias\/?p=378894"},"modified":"2026-04-30T09:27:11","modified_gmt":"2026-04-30T12:27:11","slug":"jundiai-recompoe-forum-municipal-de-educacao-com-representantes-do-poder-publico-e-sociedade-civil","status":"publish","type":"post","link":"https:\/\/jundiai.sp.gov.br\/noticias\/2026\/05\/01\/jundiai-recompoe-forum-municipal-de-educacao-com-representantes-do-poder-publico-e-sociedade-civil\/","title":{"rendered":"Jundia\u00ed recomp\u00f5e F\u00f3rum Municipal de Educa\u00e7\u00e3o com representantes do poder p\u00fablico e sociedade civil"},"content":{"rendered":"\n<p>A nova composi\u00e7\u00e3o do F\u00f3rum Municipal de Educa\u00e7\u00e3o (FME) de Jundia\u00ed foi definida com a escolha de representantes do poder p\u00fablico e da sociedade civil, que passam a integrar o colegiado pelos pr\u00f3ximos quatro anos. O processo foi conduzido por meio de audi\u00eancia p\u00fablica realizada nesta semana, pela Secretaria Municipal de Educa\u00e7\u00e3o (SME), reunindo diversos segmentos ligados \u00e0 \u00e1rea educacional.<\/p>\n\n\n\n<figure class=\"wp-block-image size-large\"><img loading=\"lazy\" decoding=\"async\" width=\"1280\" height=\"853\" src=\"https:\/\/jundiai.sp.gov.br\/noticias\/wp-content\/uploads\/sites\/32\/2026\/04\/audiencia_publica_forum_municipal_de_educacao_rw-12-1280x853.jpg\" alt=\"\" class=\"wp-image-378899\" srcset=\"https:\/\/jundiai.sp.gov.br\/noticias\/wp-content\/uploads\/sites\/32\/2026\/04\/audiencia_publica_forum_municipal_de_educacao_rw-12-1280x853.jpg 1280w, https:\/\/jundiai.sp.gov.br\/noticias\/wp-content\/uploads\/sites\/32\/2026\/04\/audiencia_publica_forum_municipal_de_educacao_rw-12-300x200.jpg 300w, https:\/\/jundiai.sp.gov.br\/noticias\/wp-content\/uploads\/sites\/32\/2026\/04\/audiencia_publica_forum_municipal_de_educacao_rw-12-768x512.jpg 768w, https:\/\/jundiai.sp.gov.br\/noticias\/wp-content\/uploads\/sites\/32\/2026\/04\/audiencia_publica_forum_municipal_de_educacao_rw-12-1536x1024.jpg 1536w, https:\/\/jundiai.sp.gov.br\/noticias\/wp-content\/uploads\/sites\/32\/2026\/04\/audiencia_publica_forum_municipal_de_educacao_rw-12-450x300.jpg 450w, https:\/\/jundiai.sp.gov.br\/noticias\/wp-content\/uploads\/sites\/32\/2026\/04\/audiencia_publica_forum_municipal_de_educacao_rw-12.jpg 1800w\" sizes=\"auto, (max-width: 1280px) 100vw, 1280px\" \/><figcaption class=\"wp-element-caption\">Audi\u00eancia p\u00fablica reuniu representantes de diferentes segmentos para a recomposi\u00e7\u00e3o do F\u00f3rum Municipal de Educa\u00e7\u00e3o em Jundia\u00ed<\/figcaption><\/figure>\n\n\n\n<p>A audi\u00eancia teve como objetivo conduzir o processo de escolha dos membros que ir\u00e3o compor o F\u00f3rum, colegiado respons\u00e1vel por acompanhar e avaliar a execu\u00e7\u00e3o das metas do Plano Municipal de Educa\u00e7\u00e3o, al\u00e9m de promover o di\u00e1logo sobre as pol\u00edticas educacionais no munic\u00edpio. A secret\u00e1ria municipal de Educa\u00e7\u00e3o, Priscila Costa, destacou a import\u00e2ncia do momento para o fortalecimento das pol\u00edticas p\u00fablicas na \u00e1rea. Em sua fala, ressaltou que o F\u00f3rum \u00e9 um espa\u00e7o essencial de constru\u00e7\u00e3o coletiva, que amplia o di\u00e1logo entre o poder p\u00fablico e a sociedade civil.<\/p>\n\n\n\n<p>\u201c\u00c9 um momento hist\u00f3rico e muito importante para a educa\u00e7\u00e3o de Jundia\u00ed. O F\u00f3rum Municipal de Educa\u00e7\u00e3o \u00e9 um espa\u00e7o de constru\u00e7\u00e3o da pol\u00edtica educacional, e queremos que esse di\u00e1logo seja produtivo, com participa\u00e7\u00e3o ativa de todos\u201d, afirmou.<\/p>\n\n\n\n<div class=\"wp-block-columns is-layout-flex wp-container-core-columns-is-layout-9d6595d7 wp-block-columns-is-layout-flex\">\n<div class=\"wp-block-column is-layout-flow wp-block-column-is-layout-flow\">\n<figure class=\"wp-block-image size-large\"><img loading=\"lazy\" decoding=\"async\" width=\"1280\" height=\"853\" src=\"https:\/\/jundiai.sp.gov.br\/noticias\/wp-content\/uploads\/sites\/32\/2026\/04\/audiencia_publica_forum_municipal_de_educacao_rw-1-1280x853.jpg\" alt=\"\" class=\"wp-image-378900\" srcset=\"https:\/\/jundiai.sp.gov.br\/noticias\/wp-content\/uploads\/sites\/32\/2026\/04\/audiencia_publica_forum_municipal_de_educacao_rw-1-1280x853.jpg 1280w, https:\/\/jundiai.sp.gov.br\/noticias\/wp-content\/uploads\/sites\/32\/2026\/04\/audiencia_publica_forum_municipal_de_educacao_rw-1-300x200.jpg 300w, https:\/\/jundiai.sp.gov.br\/noticias\/wp-content\/uploads\/sites\/32\/2026\/04\/audiencia_publica_forum_municipal_de_educacao_rw-1-768x512.jpg 768w, https:\/\/jundiai.sp.gov.br\/noticias\/wp-content\/uploads\/sites\/32\/2026\/04\/audiencia_publica_forum_municipal_de_educacao_rw-1-1536x1024.jpg 1536w, https:\/\/jundiai.sp.gov.br\/noticias\/wp-content\/uploads\/sites\/32\/2026\/04\/audiencia_publica_forum_municipal_de_educacao_rw-1-450x300.jpg 450w, https:\/\/jundiai.sp.gov.br\/noticias\/wp-content\/uploads\/sites\/32\/2026\/04\/audiencia_publica_forum_municipal_de_educacao_rw-1.jpg 1800w\" sizes=\"auto, (max-width: 1280px) 100vw, 1280px\" \/><figcaption class=\"wp-element-caption\">Priscila Costa destacou a import\u00e2ncia da constru\u00e7\u00e3o coletiva das pol\u00edticas educacionais<\/figcaption><\/figure>\n<\/div>\n\n\n\n<div class=\"wp-block-column is-layout-flow wp-block-column-is-layout-flow\">\n<figure class=\"wp-block-image size-large\"><img loading=\"lazy\" decoding=\"async\" width=\"1280\" height=\"853\" src=\"https:\/\/jundiai.sp.gov.br\/noticias\/wp-content\/uploads\/sites\/32\/2026\/04\/audiencia_publica_forum_municipal_de_educacao_rw-5-1280x853.jpg\" alt=\"\" class=\"wp-image-378902\" srcset=\"https:\/\/jundiai.sp.gov.br\/noticias\/wp-content\/uploads\/sites\/32\/2026\/04\/audiencia_publica_forum_municipal_de_educacao_rw-5-1280x853.jpg 1280w, https:\/\/jundiai.sp.gov.br\/noticias\/wp-content\/uploads\/sites\/32\/2026\/04\/audiencia_publica_forum_municipal_de_educacao_rw-5-300x200.jpg 300w, https:\/\/jundiai.sp.gov.br\/noticias\/wp-content\/uploads\/sites\/32\/2026\/04\/audiencia_publica_forum_municipal_de_educacao_rw-5-768x512.jpg 768w, https:\/\/jundiai.sp.gov.br\/noticias\/wp-content\/uploads\/sites\/32\/2026\/04\/audiencia_publica_forum_municipal_de_educacao_rw-5-1536x1024.jpg 1536w, https:\/\/jundiai.sp.gov.br\/noticias\/wp-content\/uploads\/sites\/32\/2026\/04\/audiencia_publica_forum_municipal_de_educacao_rw-5-450x300.jpg 450w, https:\/\/jundiai.sp.gov.br\/noticias\/wp-content\/uploads\/sites\/32\/2026\/04\/audiencia_publica_forum_municipal_de_educacao_rw-5.jpg 1719w\" sizes=\"auto, (max-width: 1280px) 100vw, 1280px\" \/><figcaption class=\"wp-element-caption\">Durante a audi\u00eancia, foram definidos os encaminhamentos para a composi\u00e7\u00e3o do FME<\/figcaption><\/figure>\n<\/div>\n<\/div>\n\n\n\n<p>A secret\u00e1ria tamb\u00e9m enfatizou o papel estrat\u00e9gico do colegiado diante do novo Plano Nacional de Educa\u00e7\u00e3o, refor\u00e7ando a necessidade de acompanhamento cont\u00ednuo e qualificado das metas locais. Segundo ela, a participa\u00e7\u00e3o dos diferentes segmentos \u00e9 fundamental para garantir transpar\u00eancia e efetividade nas a\u00e7\u00f5es.<\/p>\n\n\n\n<p>Ao final da audi\u00eancia, foram definidos encaminhamentos para a composi\u00e7\u00e3o do F\u00f3rum, que contar\u00e1 com representantes titulares e suplentes de diversos setores, com mandato de quatro anos. Com a recomposi\u00e7\u00e3o, o FME passa a atuar de forma estruturada no acompanhamento das pol\u00edticas educacionais, contribuindo para a qualifica\u00e7\u00e3o da educa\u00e7\u00e3o no munic\u00edpio.<\/p>\n\n\n\n<p><strong>Assessoria de Imprensa<br>Fotos: Fot\u00f3grafos PMJ<\/strong><\/p>\n","protected":false},"excerpt":{"rendered":"<p>A nova composi\u00e7\u00e3o do F\u00f3rum Municipal de Educa\u00e7\u00e3o (FME) de Jundia\u00ed foi definida com a escolha de representantes do poder p\u00fablico e da sociedade civil, que passam a integrar o colegiado pelos pr\u00f3ximos quatro anos. O processo foi conduzido por meio de audi\u00eancia p\u00fablica realizada nesta semana, pela Secretaria Municipal de Educa\u00e7\u00e3o (SME), reunindo diversos [&hellip;]<\/p>\n","protected":false},"author":124,"featured_media":378899,"comment_status":"closed","ping_status":"0","sticky":false,"template":"","format":"standard","meta":{"footnotes":""},"categories":[2],"tags":[6,6513,5757],"ods":[],"class_list":["post-378894","post","type-post","status-publish","format-standard","has-post-thumbnail","hentry","category-noticias","tag-educacao","tag-forum-municipal-de-educacao-fme","tag-secretaria-municipal-de-educacao-sme"],"_links":{"self":[{"href":"https:\/\/jundiai.sp.gov.br\/noticias\/wp-json\/wp\/v2\/posts\/378894","targetHints":{"allow":["GET"]}}],"collection":[{"href":"https:\/\/jundiai.sp.gov.br\/noticias\/wp-json\/wp\/v2\/posts"}],"about":[{"href":"https:\/\/jundiai.sp.gov.br\/noticias\/wp-json\/wp\/v2\/types\/post"}],"author":[{"embeddable":true,"href":"https:\/\/jundiai.sp.gov.br\/noticias\/wp-json\/wp\/v2\/users\/124"}],"replies":[{"embeddable":true,"href":"https:\/\/jundiai.sp.gov.br\/noticias\/wp-json\/wp\/v2\/comments?post=378894"}],"version-history":[{"count":6,"href":"https:\/\/jundiai.sp.gov.br\/noticias\/wp-json\/wp\/v2\/posts\/378894\/revisions"}],"predecessor-version":[{"id":379040,"href":"https:\/\/jundiai.sp.gov.br\/noticias\/wp-json\/wp\/v2\/posts\/378894\/revisions\/379040"}],"wp:featuredmedia":[{"embeddable":true,"href":"https:\/\/jundiai.sp.gov.br\/noticias\/wp-json\/wp\/v2\/media\/378899"}],"wp:attachment":[{"href":"https:\/\/jundiai.sp.gov.br\/noticias\/wp-json\/wp\/v2\/media?parent=378894"}],"wp:term":[{"taxonomy":"category","embeddable":true,"href":"https:\/\/jundiai.sp.gov.br\/noticias\/wp-json\/wp\/v2\/categories?post=378894"},{"taxonomy":"post_tag","embeddable":true,"href":"https:\/\/jundiai.sp.gov.br\/noticias\/wp-json\/wp\/v2\/tags?post=378894"},{"taxonomy":"ods","embeddable":true,"href":"https:\/\/jundiai.sp.gov.br\/noticias\/wp-json\/wp\/v2\/ods?post=378894"}],"curies":[{"name":"wp","href":"https:\/\/api.w.org\/{rel}","templated":true}]}}