{"id":378917,"date":"2026-04-29T17:45:00","date_gmt":"2026-04-29T20:45:00","guid":{"rendered":"https:\/\/jundiai.sp.gov.br\/noticias\/?p=378917"},"modified":"2026-04-29T12:06:18","modified_gmt":"2026-04-29T15:06:18","slug":"tempo-firme-e-maximas-de-ate-30c-marcam-proximos-dias-em-jundiai","status":"publish","type":"post","link":"https:\/\/jundiai.sp.gov.br\/noticias\/2026\/04\/29\/tempo-firme-e-maximas-de-ate-30c-marcam-proximos-dias-em-jundiai\/","title":{"rendered":"Tempo firme e m\u00e1ximas de at\u00e9 30\u00b0C marcam pr\u00f3ximos dias em Jundia\u00ed"},"content":{"rendered":"\n<p>Quem est\u00e1 se programando para aproveitar o feriado de sexta-feira (1\u00ba), Dia do Trabalhador, em Jundia\u00ed, pode se animar. Segundo a Defesa Civil do Estado de S\u00e3o Paulo, o dia ser\u00e1 de sol e temperatura na casa dos 30\u00baC. Clima ideal para passeios ao ar livre e principalmente para curtir a programa\u00e7\u00e3o especial no Parque do Trabalhador (Corrupira). <a href=\"https:\/\/jundiai.sp.gov.br\/noticias\/2026\/04\/24\/1o-de-maio-em-jundiai-parque-de-corrupira-tera-feira-livre-food-trucks-e-artesanato\/\">[Dia do Trabalhador no Corrupira]<\/a><\/p>\n\n\n\n<figure class=\"wp-block-image size-large\"><img loading=\"lazy\" decoding=\"async\" width=\"1280\" height=\"854\" src=\"https:\/\/jundiai.sp.gov.br\/noticias\/wp-content\/uploads\/sites\/32\/2026\/04\/feriado-defesa-civil-3-1280x854.jpg\" alt=\"\" class=\"wp-image-378918\" srcset=\"https:\/\/jundiai.sp.gov.br\/noticias\/wp-content\/uploads\/sites\/32\/2026\/04\/feriado-defesa-civil-3-1280x854.jpg 1280w, https:\/\/jundiai.sp.gov.br\/noticias\/wp-content\/uploads\/sites\/32\/2026\/04\/feriado-defesa-civil-3-300x200.jpg 300w, https:\/\/jundiai.sp.gov.br\/noticias\/wp-content\/uploads\/sites\/32\/2026\/04\/feriado-defesa-civil-3-768x512.jpg 768w, https:\/\/jundiai.sp.gov.br\/noticias\/wp-content\/uploads\/sites\/32\/2026\/04\/feriado-defesa-civil-3-1536x1024.jpg 1536w, https:\/\/jundiai.sp.gov.br\/noticias\/wp-content\/uploads\/sites\/32\/2026\/04\/feriado-defesa-civil-3-450x300.jpg 450w, https:\/\/jundiai.sp.gov.br\/noticias\/wp-content\/uploads\/sites\/32\/2026\/04\/feriado-defesa-civil-3.jpg 1900w\" sizes=\"auto, (max-width: 1280px) 100vw, 1280px\" \/><figcaption class=\"wp-element-caption\">Parque Corrupira ter\u00e1 atra\u00e7\u00f5es especiais no dia do Trabalhador<\/figcaption><\/figure>\n\n\n\n<p><strong>Confira a previs\u00e3o para os pr\u00f3ximos dias:<\/strong><\/p>\n\n\n\n<p><strong>Quinta-feira (30):<\/strong><br>O sol predomina ao longo do dia, mas h\u00e1 possibilidade de chuva isolada entre o fim da tarde e \u00e0 noite. Temperatura: 19\u00b0C a 30\u00b0C.<\/p>\n\n\n\n<p><strong>Sexta-feira (1\u00ba) Feriado Dia do Trabalhador:<\/strong><br>A previs\u00e3o para o feriado \u00e9 de sol entre nuvens e sem chuva, garantindo um dia perfeito para aproveitar atividades ao ar livre e a programa\u00e7\u00e3o no Parque do Trabalhador (Corrupira) e outros espa\u00e7os p\u00fablicos de Jundia\u00ed.<br>Temperatura: 20\u00b0C a 30\u00b0C.<\/p>\n\n\n\n<p><strong>S\u00e1bado (2):<\/strong><br>O tempo firme continua, com sol e sem previs\u00e3o de chuva. O destaque fica para as rajadas de vento mais intensas, que podem variar entre 35 e 45 km\/h.<br>Temperatura: 17\u00b0C a 30\u00b0C.<\/p>\n\n\n\n<p><strong>Domingo (3):<\/strong><br>O dia ser\u00e1 de c\u00e9u nublado, com chuva fraca a moderada, possibilidade de raios e ventos que podem chegar a 50 km\/h.<br>Temperatura: 18\u00b0C a 26\u00b0C.<\/p>\n\n\n\n<p><strong>Orienta\u00e7\u00e3o da Defesa Civil:<\/strong><br>A recomenda\u00e7\u00e3o \u00e9 aproveitar os dias de sol com seguran\u00e7a, mantendo a hidrata\u00e7\u00e3o e o uso de prote\u00e7\u00e3o solar. Para o domingo, \u00e9 importante redobrar a aten\u00e7\u00e3o com os ventos e a chuva.<\/p>\n\n\n\n<p>Defesa Civil: 199;<br>Corpo de Bombeiros: 193.<br><br><strong>Assessoria de Imprensa<br>Fotos: Arquivo PMJ<\/strong><\/p>\n","protected":false},"excerpt":{"rendered":"<p>Quem est\u00e1 se programando para aproveitar o feriado de sexta-feira (1\u00ba), Dia do Trabalhador, em Jundia\u00ed, pode se animar. Segundo a Defesa Civil do Estado de S\u00e3o Paulo, o dia ser\u00e1 de sol e temperatura na casa dos 30\u00baC. Clima ideal para passeios ao ar livre e principalmente para curtir a programa\u00e7\u00e3o especial no Parque [&hellip;]<\/p>\n","protected":false},"author":123,"featured_media":378918,"comment_status":"closed","ping_status":"0","sticky":false,"template":"","format":"standard","meta":{"footnotes":""},"categories":[4620,2],"tags":[5007,3374],"ods":[],"class_list":["post-378917","post","type-post","status-publish","format-standard","has-post-thumbnail","hentry","category-destaques","category-noticias","tag-dia-do-trabalhador","tag-previsao-do-tempo"],"_links":{"self":[{"href":"https:\/\/jundiai.sp.gov.br\/noticias\/wp-json\/wp\/v2\/posts\/378917","targetHints":{"allow":["GET"]}}],"collection":[{"href":"https:\/\/jundiai.sp.gov.br\/noticias\/wp-json\/wp\/v2\/posts"}],"about":[{"href":"https:\/\/jundiai.sp.gov.br\/noticias\/wp-json\/wp\/v2\/types\/post"}],"author":[{"embeddable":true,"href":"https:\/\/jundiai.sp.gov.br\/noticias\/wp-json\/wp\/v2\/users\/123"}],"replies":[{"embeddable":true,"href":"https:\/\/jundiai.sp.gov.br\/noticias\/wp-json\/wp\/v2\/comments?post=378917"}],"version-history":[{"count":4,"href":"https:\/\/jundiai.sp.gov.br\/noticias\/wp-json\/wp\/v2\/posts\/378917\/revisions"}],"predecessor-version":[{"id":378928,"href":"https:\/\/jundiai.sp.gov.br\/noticias\/wp-json\/wp\/v2\/posts\/378917\/revisions\/378928"}],"wp:featuredmedia":[{"embeddable":true,"href":"https:\/\/jundiai.sp.gov.br\/noticias\/wp-json\/wp\/v2\/media\/378918"}],"wp:attachment":[{"href":"https:\/\/jundiai.sp.gov.br\/noticias\/wp-json\/wp\/v2\/media?parent=378917"}],"wp:term":[{"taxonomy":"category","embeddable":true,"href":"https:\/\/jundiai.sp.gov.br\/noticias\/wp-json\/wp\/v2\/categories?post=378917"},{"taxonomy":"post_tag","embeddable":true,"href":"https:\/\/jundiai.sp.gov.br\/noticias\/wp-json\/wp\/v2\/tags?post=378917"},{"taxonomy":"ods","embeddable":true,"href":"https:\/\/jundiai.sp.gov.br\/noticias\/wp-json\/wp\/v2\/ods?post=378917"}],"curies":[{"name":"wp","href":"https:\/\/api.w.org\/{rel}","templated":true}]}}