{"id":378922,"date":"2026-04-30T10:03:00","date_gmt":"2026-04-30T13:03:00","guid":{"rendered":"https:\/\/jundiai.sp.gov.br\/noticias\/?p=378922"},"modified":"2026-04-30T09:02:45","modified_gmt":"2026-04-30T12:02:45","slug":"alunos-da-emeb-hermenegildo-martinelli-participam-de-acao-do-abril-laranja-sobre-bem-estar-e-protecao-animal","status":"publish","type":"post","link":"https:\/\/jundiai.sp.gov.br\/noticias\/2026\/04\/30\/alunos-da-emeb-hermenegildo-martinelli-participam-de-acao-do-abril-laranja-sobre-bem-estar-e-protecao-animal\/","title":{"rendered":"Alunos da EMEB Hermenegildo Martinelli participam de a\u00e7\u00e3o do Abril Laranja sobre bem-estar e prote\u00e7\u00e3o animal"},"content":{"rendered":"\n<p>Conscientizar desde cedo \u00e9 um passo fundamental para construir uma cultura de respeito aos animais. Como parte das atividades de encerramento da programa\u00e7\u00e3o do Abril Laranja, campanha de preven\u00e7\u00e3o aos maus-tratos, alunos da EMEB Comendador Hermenegildo Martinelli participaram de uma a\u00e7\u00e3o educativa que uniu informa\u00e7\u00e3o e pr\u00e1tica.<\/p>\n\n\n\n<p>A iniciativa contou com orienta\u00e7\u00f5es sobre bem-estar animal e uma apresenta\u00e7\u00e3o especial com o c\u00e3o Sirius, do Canil da Guarda Municipal, que despertou o interesse e a intera\u00e7\u00e3o dos estudantes. A atividade refor\u00e7ou, de forma l\u00fadica e educativa, a import\u00e2ncia do cuidado, da responsabilidade e do respeito aos animais no dia a dia.<\/p>\n\n\n\n<p><\/p>\n\n\n\n<figure class=\"wp-block-image size-large\"><img loading=\"lazy\" decoding=\"async\" width=\"1280\" height=\"854\" src=\"https:\/\/jundiai.sp.gov.br\/noticias\/wp-content\/uploads\/sites\/32\/2026\/04\/abril_laranja_palestra_e_apresentacao_canil_gm_d-32-1280x854.jpg\" alt=\"\" class=\"wp-image-378939\" srcset=\"https:\/\/jundiai.sp.gov.br\/noticias\/wp-content\/uploads\/sites\/32\/2026\/04\/abril_laranja_palestra_e_apresentacao_canil_gm_d-32-1280x854.jpg 1280w, https:\/\/jundiai.sp.gov.br\/noticias\/wp-content\/uploads\/sites\/32\/2026\/04\/abril_laranja_palestra_e_apresentacao_canil_gm_d-32-300x200.jpg 300w, https:\/\/jundiai.sp.gov.br\/noticias\/wp-content\/uploads\/sites\/32\/2026\/04\/abril_laranja_palestra_e_apresentacao_canil_gm_d-32-768x512.jpg 768w, https:\/\/jundiai.sp.gov.br\/noticias\/wp-content\/uploads\/sites\/32\/2026\/04\/abril_laranja_palestra_e_apresentacao_canil_gm_d-32-1536x1024.jpg 1536w, https:\/\/jundiai.sp.gov.br\/noticias\/wp-content\/uploads\/sites\/32\/2026\/04\/abril_laranja_palestra_e_apresentacao_canil_gm_d-32-450x300.jpg 450w, https:\/\/jundiai.sp.gov.br\/noticias\/wp-content\/uploads\/sites\/32\/2026\/04\/abril_laranja_palestra_e_apresentacao_canil_gm_d-32.jpg 1900w\" sizes=\"auto, (max-width: 1280px) 100vw, 1280px\" \/><figcaption class=\"wp-element-caption\">A\u00e7\u00e3o do Abril Laranja na EMEB Hermenegildo Martinelli reuniu palestra e apresenta\u00e7\u00e3o pr\u00e1tica para conscientizar alunos<\/figcaption><\/figure>\n\n\n\n<p>Na atividade, as crian\u00e7as tiveram contato com informa\u00e7\u00f5es sobre cuidados b\u00e1sicos com os animais e aprenderam a identificar situa\u00e7\u00f5es de maus-tratos, como neglig\u00eancia com alimenta\u00e7\u00e3o, \u00e1gua, abrigo e sa\u00fade. A proposta foi mostrar, de forma acess\u00edvel, que o respeito aos animais deve fazer parte do cotidiano.<\/p>\n\n\n\n<p>A presen\u00e7a da Guarda Municipal e do c\u00e3o Sirius trouxe um elemento pr\u00e1tico \u00e0 a\u00e7\u00e3o. A demonstra\u00e7\u00e3o de adestramento evidenciou que o treinamento \u00e9 feito com base no respeito e no refor\u00e7o positivo, desmistificando a ideia de que \u00e9 necess\u00e1rio uso de viol\u00eancia. A intera\u00e7\u00e3o com o animal tamb\u00e9m contribuiu para aproximar os estudantes do trabalho realizado pela corpora\u00e7\u00e3o.<\/p>\n\n\n\n<p>A iniciativa refor\u00e7a a import\u00e2ncia de abordar o tema ainda na inf\u00e2ncia. Ao compreenderem desde cedo o que caracteriza o cuidado adequado, os alunos passam a atuar como multiplicadores dessas informa\u00e7\u00f5es, levando o aprendizado para dentro de casa e incentivando mudan\u00e7as de comportamento no ambiente familiar.<\/p>\n\n\n\n<figure class=\"wp-block-image size-large\"><img loading=\"lazy\" decoding=\"async\" width=\"1280\" height=\"854\" src=\"https:\/\/jundiai.sp.gov.br\/noticias\/wp-content\/uploads\/sites\/32\/2026\/04\/abril_laranja_palestra_e_apresentacao_canil_gm_d-61-1280x854.jpg\" alt=\"\" class=\"wp-image-378940\" srcset=\"https:\/\/jundiai.sp.gov.br\/noticias\/wp-content\/uploads\/sites\/32\/2026\/04\/abril_laranja_palestra_e_apresentacao_canil_gm_d-61-1280x854.jpg 1280w, https:\/\/jundiai.sp.gov.br\/noticias\/wp-content\/uploads\/sites\/32\/2026\/04\/abril_laranja_palestra_e_apresentacao_canil_gm_d-61-300x200.jpg 300w, https:\/\/jundiai.sp.gov.br\/noticias\/wp-content\/uploads\/sites\/32\/2026\/04\/abril_laranja_palestra_e_apresentacao_canil_gm_d-61-768x512.jpg 768w, https:\/\/jundiai.sp.gov.br\/noticias\/wp-content\/uploads\/sites\/32\/2026\/04\/abril_laranja_palestra_e_apresentacao_canil_gm_d-61-1536x1024.jpg 1536w, https:\/\/jundiai.sp.gov.br\/noticias\/wp-content\/uploads\/sites\/32\/2026\/04\/abril_laranja_palestra_e_apresentacao_canil_gm_d-61-450x300.jpg 450w, https:\/\/jundiai.sp.gov.br\/noticias\/wp-content\/uploads\/sites\/32\/2026\/04\/abril_laranja_palestra_e_apresentacao_canil_gm_d-61.jpg 1900w\" sizes=\"auto, (max-width: 1280px) 100vw, 1280px\" \/><figcaption class=\"wp-element-caption\">Alunos da EMEB Hermenegildo Martinelli participam de a\u00e7\u00e3o do Abril Laranja, com orienta\u00e7\u00f5es sobre cuidados com os animais <\/figcaption><\/figure>\n\n\n\n<p>Para o diretor da unidade, Cleber Valdeci da Silva, a\u00e7\u00f5es como essa ampliam o processo educativo. Segundo ele, a escola j\u00e1 desenvolve atividades relacionadas ao respeito aos animais, e a viv\u00eancia pr\u00e1tica fortalece esse aprendizado. \u201cAs crian\u00e7as absorvem muito r\u00e1pido e compartilham esse conhecimento com a fam\u00edlia, o que ajuda a ampliar o alcance da conscientiza\u00e7\u00e3o\u201d, destacou.<\/p>\n\n\n\n<p>Entre os alunos, a atividade foi recebida com entusiasmo. Jos\u00e9, de 10 anos, destacou a import\u00e2ncia de cuidar bem dos animais. \u201cA gente precisa dar comida, \u00e1gua, passear e tratar bem. \u00c9 errado maltratar\u201d, comentou. J\u00e1 a aluna Elo\u00e1, de 8 anos, se emocionou ao ver o c\u00e3o Sirius, que a fez lembrar de sua antiga cachorra. Para ela, o contato com o animal refor\u00e7a a import\u00e2ncia do carinho e dos cuidados.&nbsp;<\/p>\n\n\n\n<div class=\"wp-block-columns is-layout-flex wp-container-core-columns-is-layout-9d6595d7 wp-block-columns-is-layout-flex\">\n<div class=\"wp-block-column is-layout-flow wp-block-column-is-layout-flow\">\n<figure class=\"wp-block-image size-large\"><img loading=\"lazy\" decoding=\"async\" width=\"1280\" height=\"854\" src=\"https:\/\/jundiai.sp.gov.br\/noticias\/wp-content\/uploads\/sites\/32\/2026\/04\/abril_laranja_palestra_e_apresentacao_canil_gm_d-56-1280x854.jpg\" alt=\"\" class=\"wp-image-378930\" srcset=\"https:\/\/jundiai.sp.gov.br\/noticias\/wp-content\/uploads\/sites\/32\/2026\/04\/abril_laranja_palestra_e_apresentacao_canil_gm_d-56-1280x854.jpg 1280w, https:\/\/jundiai.sp.gov.br\/noticias\/wp-content\/uploads\/sites\/32\/2026\/04\/abril_laranja_palestra_e_apresentacao_canil_gm_d-56-300x200.jpg 300w, https:\/\/jundiai.sp.gov.br\/noticias\/wp-content\/uploads\/sites\/32\/2026\/04\/abril_laranja_palestra_e_apresentacao_canil_gm_d-56-768x512.jpg 768w, https:\/\/jundiai.sp.gov.br\/noticias\/wp-content\/uploads\/sites\/32\/2026\/04\/abril_laranja_palestra_e_apresentacao_canil_gm_d-56-1536x1024.jpg 1536w, https:\/\/jundiai.sp.gov.br\/noticias\/wp-content\/uploads\/sites\/32\/2026\/04\/abril_laranja_palestra_e_apresentacao_canil_gm_d-56-450x300.jpg 450w, https:\/\/jundiai.sp.gov.br\/noticias\/wp-content\/uploads\/sites\/32\/2026\/04\/abril_laranja_palestra_e_apresentacao_canil_gm_d-56.jpg 1900w\" sizes=\"auto, (max-width: 1280px) 100vw, 1280px\" \/><figcaption class=\"wp-element-caption\">Jos\u00e9 ressaltou o que aprendeu durante a atividade<\/figcaption><\/figure>\n<\/div>\n\n\n\n<div class=\"wp-block-column is-layout-flow wp-block-column-is-layout-flow\">\n<figure class=\"wp-block-image size-large\"><img loading=\"lazy\" decoding=\"async\" width=\"1280\" height=\"854\" src=\"https:\/\/jundiai.sp.gov.br\/noticias\/wp-content\/uploads\/sites\/32\/2026\/04\/abril_laranja_palestra_e_apresentacao_canil_gm_d-71-1280x854.jpg\" alt=\"\" class=\"wp-image-378931\" srcset=\"https:\/\/jundiai.sp.gov.br\/noticias\/wp-content\/uploads\/sites\/32\/2026\/04\/abril_laranja_palestra_e_apresentacao_canil_gm_d-71-1280x854.jpg 1280w, https:\/\/jundiai.sp.gov.br\/noticias\/wp-content\/uploads\/sites\/32\/2026\/04\/abril_laranja_palestra_e_apresentacao_canil_gm_d-71-300x200.jpg 300w, https:\/\/jundiai.sp.gov.br\/noticias\/wp-content\/uploads\/sites\/32\/2026\/04\/abril_laranja_palestra_e_apresentacao_canil_gm_d-71-768x512.jpg 768w, https:\/\/jundiai.sp.gov.br\/noticias\/wp-content\/uploads\/sites\/32\/2026\/04\/abril_laranja_palestra_e_apresentacao_canil_gm_d-71-1536x1024.jpg 1536w, https:\/\/jundiai.sp.gov.br\/noticias\/wp-content\/uploads\/sites\/32\/2026\/04\/abril_laranja_palestra_e_apresentacao_canil_gm_d-71-450x300.jpg 450w, https:\/\/jundiai.sp.gov.br\/noticias\/wp-content\/uploads\/sites\/32\/2026\/04\/abril_laranja_palestra_e_apresentacao_canil_gm_d-71.jpg 1900w\" sizes=\"auto, (max-width: 1280px) 100vw, 1280px\" \/><figcaption class=\"wp-element-caption\">Elo\u00e1 se encantou com a apresenta\u00e7\u00e3o do c\u00e3o Sirius<\/figcaption><\/figure>\n<\/div>\n<\/div>\n\n\n\n<p>A Guarda Municipal ressaltou que o trabalho desenvolvido no canil prioriza o bem-estar dos animais, utilizando m\u00e9todos que valorizam o v\u00ednculo e a confian\u00e7a entre condutor e c\u00e3o. A demonstra\u00e7\u00e3o pr\u00e1tica refor\u00e7ou essa abordagem e contribuiu para ampliar a compreens\u00e3o das crian\u00e7as sobre o tema.<\/p>\n\n\n\n<p><strong>Assessoria de Imprensa<br>Fotos: Fot\u00f3grafos PMJ<\/strong><\/p>\n\n\n\n<p><\/p>\n","protected":false},"excerpt":{"rendered":"<p>Conscientizar desde cedo \u00e9 um passo fundamental para construir uma cultura de respeito aos animais. Como parte das atividades de encerramento da programa\u00e7\u00e3o do Abril Laranja, campanha de preven\u00e7\u00e3o aos maus-tratos, alunos da EMEB Comendador Hermenegildo Martinelli participaram de uma a\u00e7\u00e3o educativa que uniu informa\u00e7\u00e3o e pr\u00e1tica. A iniciativa contou com orienta\u00e7\u00f5es sobre bem-estar animal [&hellip;]<\/p>\n","protected":false},"author":124,"featured_media":378939,"comment_status":"closed","ping_status":"closed","sticky":false,"template":"","format":"standard","meta":{"footnotes":""},"categories":[2],"tags":[6417,1663,2821,4309],"ods":[],"class_list":["post-378922","post","type-post","status-publish","format-standard","has-post-thumbnail","hentry","category-noticias","tag-abril-laranja","tag-bem-estar-animal","tag-canil-da-guarda-municipal","tag-emeb-comendador-hermenegildo-martinelli"],"_links":{"self":[{"href":"https:\/\/jundiai.sp.gov.br\/noticias\/wp-json\/wp\/v2\/posts\/378922","targetHints":{"allow":["GET"]}}],"collection":[{"href":"https:\/\/jundiai.sp.gov.br\/noticias\/wp-json\/wp\/v2\/posts"}],"about":[{"href":"https:\/\/jundiai.sp.gov.br\/noticias\/wp-json\/wp\/v2\/types\/post"}],"author":[{"embeddable":true,"href":"https:\/\/jundiai.sp.gov.br\/noticias\/wp-json\/wp\/v2\/users\/124"}],"replies":[{"embeddable":true,"href":"https:\/\/jundiai.sp.gov.br\/noticias\/wp-json\/wp\/v2\/comments?post=378922"}],"version-history":[{"count":7,"href":"https:\/\/jundiai.sp.gov.br\/noticias\/wp-json\/wp\/v2\/posts\/378922\/revisions"}],"predecessor-version":[{"id":378947,"href":"https:\/\/jundiai.sp.gov.br\/noticias\/wp-json\/wp\/v2\/posts\/378922\/revisions\/378947"}],"wp:featuredmedia":[{"embeddable":true,"href":"https:\/\/jundiai.sp.gov.br\/noticias\/wp-json\/wp\/v2\/media\/378939"}],"wp:attachment":[{"href":"https:\/\/jundiai.sp.gov.br\/noticias\/wp-json\/wp\/v2\/media?parent=378922"}],"wp:term":[{"taxonomy":"category","embeddable":true,"href":"https:\/\/jundiai.sp.gov.br\/noticias\/wp-json\/wp\/v2\/categories?post=378922"},{"taxonomy":"post_tag","embeddable":true,"href":"https:\/\/jundiai.sp.gov.br\/noticias\/wp-json\/wp\/v2\/tags?post=378922"},{"taxonomy":"ods","embeddable":true,"href":"https:\/\/jundiai.sp.gov.br\/noticias\/wp-json\/wp\/v2\/ods?post=378922"}],"curies":[{"name":"wp","href":"https:\/\/api.w.org\/{rel}","templated":true}]}}