{"id":378970,"date":"2026-04-29T17:22:27","date_gmt":"2026-04-29T20:22:27","guid":{"rendered":"https:\/\/jundiai.sp.gov.br\/noticias\/?p=378970"},"modified":"2026-04-29T17:22:27","modified_gmt":"2026-04-29T20:22:27","slug":"jundiai-fortalece-rede-de-seguranca-alimentar-com-articulacao-entre-secretarias-pesquisa-e-acoes-praticas","status":"publish","type":"post","link":"https:\/\/jundiai.sp.gov.br\/noticias\/2026\/04\/29\/jundiai-fortalece-rede-de-seguranca-alimentar-com-articulacao-entre-secretarias-pesquisa-e-acoes-praticas\/","title":{"rendered":"Jundia\u00ed fortalece rede de seguran\u00e7a alimentar com articula\u00e7\u00e3o entre secretarias, pesquisa e a\u00e7\u00f5es pr\u00e1ticas"},"content":{"rendered":"\n<p>Jundia\u00ed avan\u00e7ou no fortalecimento das pol\u00edticas p\u00fablicas de combate \u00e0 fome com a realiza\u00e7\u00e3o do 1\u00ba Semin\u00e1rio de Seguran\u00e7a Alimentar e Nutricional em Rede, promovido pelo Conselho Municipal de Seguran\u00e7a Alimentar e Nutricional (COMSEA). Com o tema \u201cCaminhos para articula\u00e7\u00e3o das pol\u00edticas p\u00fablicas em Jundia\u00ed\u201d, o encontro reuniu secretarias municipais, institui\u00e7\u00f5es parceiras e sociedade civil para alinhar a\u00e7\u00f5es e fortalecer a rede de seguran\u00e7a alimentar no munic\u00edpio.<\/p>\n\n\n\n<p>O semin\u00e1rio teve como foco ampliar a articula\u00e7\u00e3o entre \u00e1reas como assist\u00eancia social, sa\u00fade, educa\u00e7\u00e3o e abastecimento, consolidando uma atua\u00e7\u00e3o integrada no atendimento \u00e0s fam\u00edlias em situa\u00e7\u00e3o de vulnerabilidade. Participaram representantes de diversas secretarias, do Sesc (com apresenta\u00e7\u00e3o do programa Mesa Brasil) e da Faculdade de Medicina de Jundia\u00ed, parceira em pesquisas que ajudam a orientar as pol\u00edticas p\u00fablicas do setor.<\/p>\n\n\n\n<p>Entre os principais eixos apresentados est\u00e1 a Vila de Oportunidades, espa\u00e7o que integra seguran\u00e7a alimentar e inclus\u00e3o produtiva para apoiar fam\u00edlias em vulnerabilidade. A proposta une acesso ao alimento e gera\u00e7\u00e3o de autonomia, com foco em romper o ciclo da pobreza. Outro destaque \u00e9 a atua\u00e7\u00e3o da Divis\u00e3o de Seguran\u00e7a Alimentar e Nutricional (DSAN), respons\u00e1vel por coordenar programas de combate \u00e0 inseguran\u00e7a alimentar, acesso a alimentos de qualidade e promo\u00e7\u00e3o da alimenta\u00e7\u00e3o saud\u00e1vel.<\/p>\n\n\n\n<figure class=\"wp-block-gallery has-nested-images columns-default is-cropped wp-block-gallery-1 is-layout-flex wp-block-gallery-is-layout-flex\">\n<figure class=\"wp-block-image size-large\"><img loading=\"lazy\" decoding=\"async\" width=\"1280\" height=\"853\" data-id=\"378982\" src=\"https:\/\/jundiai.sp.gov.br\/noticias\/wp-content\/uploads\/sites\/32\/2026\/04\/consea_seminario_seguranca_alimentar_e_nutricional_em_rede-31-1280x853.jpg\" alt=\"\" class=\"wp-image-378982\" srcset=\"https:\/\/jundiai.sp.gov.br\/noticias\/wp-content\/uploads\/sites\/32\/2026\/04\/consea_seminario_seguranca_alimentar_e_nutricional_em_rede-31-1280x853.jpg 1280w, https:\/\/jundiai.sp.gov.br\/noticias\/wp-content\/uploads\/sites\/32\/2026\/04\/consea_seminario_seguranca_alimentar_e_nutricional_em_rede-31-300x200.jpg 300w, https:\/\/jundiai.sp.gov.br\/noticias\/wp-content\/uploads\/sites\/32\/2026\/04\/consea_seminario_seguranca_alimentar_e_nutricional_em_rede-31-768x512.jpg 768w, https:\/\/jundiai.sp.gov.br\/noticias\/wp-content\/uploads\/sites\/32\/2026\/04\/consea_seminario_seguranca_alimentar_e_nutricional_em_rede-31-1536x1024.jpg 1536w, https:\/\/jundiai.sp.gov.br\/noticias\/wp-content\/uploads\/sites\/32\/2026\/04\/consea_seminario_seguranca_alimentar_e_nutricional_em_rede-31-450x300.jpg 450w, https:\/\/jundiai.sp.gov.br\/noticias\/wp-content\/uploads\/sites\/32\/2026\/04\/consea_seminario_seguranca_alimentar_e_nutricional_em_rede-31.jpg 1800w\" sizes=\"auto, (max-width: 1280px) 100vw, 1280px\" \/><figcaption class=\"wp-element-caption\">Semin\u00e1rio foi realizado no Audit\u00f3rio do Pa\u00e7o Municipal <\/figcaption><\/figure>\n<\/figure>\n\n\n\n<p>O semin\u00e1rio tamb\u00e9m apresentou avan\u00e7os recentes da pol\u00edtica p\u00fablica no munic\u00edpio, como a retomada da CAISAN, que articula a\u00e7\u00f5es entre secretarias; a ades\u00e3o ao SISAN, que integra Jundia\u00ed \u00e0 pol\u00edtica nacional de seguran\u00e7a alimentar; a reativa\u00e7\u00e3o do PAA, que compra alimentos da agricultura familiar para distribui\u00e7\u00e3o \u00e0 popula\u00e7\u00e3o vulner\u00e1vel; e a consultoria Estrat\u00e9gia Alimenta Cidades, iniciativa federal voltada \u00e0 amplia\u00e7\u00e3o do acesso a alimentos saud\u00e1veis nas \u00e1reas urbanas.<\/p>\n\n\n\n<p>A secret\u00e1ria de Assist\u00eancia e Desenvolvimento Social, Luciane Mosca, refor\u00e7ou que a seguran\u00e7a alimentar exige atua\u00e7\u00e3o conjunta e planejamento com base em dados. \u201cHoje, Jundia\u00ed tem mais de 17 mil fam\u00edlias no Cadastro \u00danico e parte delas em situa\u00e7\u00e3o de pobreza ou extrema pobreza. A inseguran\u00e7a alimentar n\u00e3o \u00e9 uma pauta s\u00f3 da assist\u00eancia. Ela envolve sa\u00fade, educa\u00e7\u00e3o, abastecimento e desenvolvimento social\u201d, afirmou. \u201cSeguran\u00e7a alimentar \u00e9 garantir o direito \u00e0 alimenta\u00e7\u00e3o adequada, com acesso regular a alimentos de qualidade e sem que a fam\u00edlia precise escolher entre comer e pagar outras despesas essenciais\u201d, destacou a presidente do COMSEA, Catarina Vezetiv Manfrinato.<\/p>\n\n\n\n<p><strong>Assessoria de Imprensa <br>Fotos: Fot\u00f3grafos PMJ<\/strong><\/p>\n\n\n\n<p><\/p>\n","protected":false},"excerpt":{"rendered":"<p>Jundia\u00ed avan\u00e7ou no fortalecimento das pol\u00edticas p\u00fablicas de combate \u00e0 fome com a realiza\u00e7\u00e3o do 1\u00ba Semin\u00e1rio de Seguran\u00e7a Alimentar e Nutricional em Rede, promovido pelo Conselho Municipal de Seguran\u00e7a Alimentar e Nutricional (COMSEA). Com o tema \u201cCaminhos para articula\u00e7\u00e3o das pol\u00edticas p\u00fablicas em Jundia\u00ed\u201d, o encontro reuniu secretarias municipais, institui\u00e7\u00f5es parceiras e sociedade civil [&hellip;]<\/p>\n","protected":false},"author":69,"featured_media":378985,"comment_status":"closed","ping_status":"0","sticky":false,"template":"","format":"standard","meta":{"footnotes":""},"categories":[2],"tags":[6515,1336,6516,6341,5519,3216],"ods":[],"class_list":["post-378970","post","type-post","status-publish","format-standard","has-post-thumbnail","hentry","category-noticias","tag-1o-seminario-de-seguranca-alimentar-e-nutricional-em-rede","tag-conselho-municipal-de-seguranca-alimentar-e-nutricional-comsea","tag-divisao-de-seguranca-alimentar-e-nutricional","tag-faculdade-de-medicina-de-jundiai","tag-secretaria-de-assistencia-e-desenvolvimento-social","tag-seguranca-alimentar"],"_links":{"self":[{"href":"https:\/\/jundiai.sp.gov.br\/noticias\/wp-json\/wp\/v2\/posts\/378970","targetHints":{"allow":["GET"]}}],"collection":[{"href":"https:\/\/jundiai.sp.gov.br\/noticias\/wp-json\/wp\/v2\/posts"}],"about":[{"href":"https:\/\/jundiai.sp.gov.br\/noticias\/wp-json\/wp\/v2\/types\/post"}],"author":[{"embeddable":true,"href":"https:\/\/jundiai.sp.gov.br\/noticias\/wp-json\/wp\/v2\/users\/69"}],"replies":[{"embeddable":true,"href":"https:\/\/jundiai.sp.gov.br\/noticias\/wp-json\/wp\/v2\/comments?post=378970"}],"version-history":[{"count":3,"href":"https:\/\/jundiai.sp.gov.br\/noticias\/wp-json\/wp\/v2\/posts\/378970\/revisions"}],"predecessor-version":[{"id":378988,"href":"https:\/\/jundiai.sp.gov.br\/noticias\/wp-json\/wp\/v2\/posts\/378970\/revisions\/378988"}],"wp:featuredmedia":[{"embeddable":true,"href":"https:\/\/jundiai.sp.gov.br\/noticias\/wp-json\/wp\/v2\/media\/378985"}],"wp:attachment":[{"href":"https:\/\/jundiai.sp.gov.br\/noticias\/wp-json\/wp\/v2\/media?parent=378970"}],"wp:term":[{"taxonomy":"category","embeddable":true,"href":"https:\/\/jundiai.sp.gov.br\/noticias\/wp-json\/wp\/v2\/categories?post=378970"},{"taxonomy":"post_tag","embeddable":true,"href":"https:\/\/jundiai.sp.gov.br\/noticias\/wp-json\/wp\/v2\/tags?post=378970"},{"taxonomy":"ods","embeddable":true,"href":"https:\/\/jundiai.sp.gov.br\/noticias\/wp-json\/wp\/v2\/ods?post=378970"}],"curies":[{"name":"wp","href":"https:\/\/api.w.org\/{rel}","templated":true}]}}