{"id":378991,"date":"2026-05-03T10:00:00","date_gmt":"2026-05-03T13:00:00","guid":{"rendered":"https:\/\/jundiai.sp.gov.br\/noticias\/?p=378991"},"modified":"2026-04-30T08:26:30","modified_gmt":"2026-04-30T11:26:30","slug":"orquestra-municipal-de-jundiai-realiza-3a-apresentacao-da-temporada-no-polytheama","status":"publish","type":"post","link":"https:\/\/jundiai.sp.gov.br\/noticias\/2026\/05\/03\/orquestra-municipal-de-jundiai-realiza-3a-apresentacao-da-temporada-no-polytheama\/","title":{"rendered":"Orquestra Municipal de Jundia\u00ed realiza 3\u00aa apresenta\u00e7\u00e3o da temporada no Polytheama"},"content":{"rendered":"\n<p>Uma noite de m\u00fasica para celebrar a tradi\u00e7\u00e3o da cidade. No dia 9 de maio, a Orquestra Municipal de Jundia\u00ed (OMJ) realiza sua terceira apresenta\u00e7\u00e3o da temporada, sob reg\u00eancia de Claudia Feres. O concerto acontece \u00e0s 20h, no Teatro Polytheama, com entrada gratuita, em uma edi\u00e7\u00e3o especial que comemora os 100 anos da marca Cereser &#8211; CRS, tradicional empresa de origem jundiaiense, al\u00e9m de convidados especiais que engrandecem a noite.<\/p>\n\n\n\n<figure class=\"wp-block-image size-large\"><img loading=\"lazy\" decoding=\"async\" width=\"1280\" height=\"854\" src=\"https:\/\/jundiai.sp.gov.br\/noticias\/wp-content\/uploads\/sites\/32\/2026\/04\/dsc06718-1280x854.jpg\" alt=\"\" class=\"wp-image-378992\" srcset=\"https:\/\/jundiai.sp.gov.br\/noticias\/wp-content\/uploads\/sites\/32\/2026\/04\/dsc06718-1280x854.jpg 1280w, https:\/\/jundiai.sp.gov.br\/noticias\/wp-content\/uploads\/sites\/32\/2026\/04\/dsc06718-300x200.jpg 300w, https:\/\/jundiai.sp.gov.br\/noticias\/wp-content\/uploads\/sites\/32\/2026\/04\/dsc06718-768x512.jpg 768w, https:\/\/jundiai.sp.gov.br\/noticias\/wp-content\/uploads\/sites\/32\/2026\/04\/dsc06718-1536x1024.jpg 1536w, https:\/\/jundiai.sp.gov.br\/noticias\/wp-content\/uploads\/sites\/32\/2026\/04\/dsc06718-450x300.jpg 450w, https:\/\/jundiai.sp.gov.br\/noticias\/wp-content\/uploads\/sites\/32\/2026\/04\/dsc06718.jpg 1900w\" sizes=\"auto, (max-width: 1280px) 100vw, 1280px\" \/><\/figure>\n\n\n\n<p>Os ingressos gratuitos ficar\u00e3o dispon\u00edveis na sexta-feira (08), a partir das 10h30, na bilheteria e totens eletr\u00f4nicos no Centro das Artes e atrav\u00e9s da plataforma Sympla, e, a partir das 14h, retirada presencial no Teatro Polytheama.<\/p>\n\n\n\n<p>O concerto explora as ra\u00edzes italianas da cidade com um programa sinf\u00f4nico dedicado \u00e0 m\u00fasica l\u00edrica. Como convidados desta apresenta\u00e7\u00e3o, sobem ao palco a soprano Pollyana Santana, vencedora do Concurso Jovens Solistas da Osesp em 2025, o tenor Anibal Mancini, vencedor do 11\u00ba Concurso Maria Callas (2011), al\u00e9m da participa\u00e7\u00e3o do Coral Municipal de Jundia\u00ed, sob a reg\u00eancia de Vasti Atique, na m\u00fasica de encerramento. Para enriquecer a experi\u00eancia e ampliar a conex\u00e3o com cada obra, a Companhia de Teatro de Jundia\u00ed, sob a dire\u00e7\u00e3o de Hellen Navarro, conduzir\u00e1 a narrativa do contexto das can\u00e7\u00f5es, enquanto a tradu\u00e7\u00e3o simult\u00e2nea das letras ser\u00e1 exibida no tel\u00e3o.<\/p>\n\n\n\n<p>O p\u00fablico tamb\u00e9m pode prestigiar o ensaio aberto do concerto, que acontece na sexta-feira, dia 8 de maio, \u00e0s 14h, no Teatro Polytheama. Uma oportunidade de se aproximar dos bastidores e vivenciar m\u00fasica em sua ess\u00eancia<\/p>\n\n\n\n<p><strong>Programa art\u00edstico da noite:<\/strong><\/p>\n\n\n\n<p>G. Verdi (1813-1901) &#8211; Nabucodonosor Overture<br>Charles Gounod (1818-1893) &#8211; Rom\u00e9o et Juliette \u00abJe veux vivre\u00bb<br>G. Puccini (1858 1924) &#8211; Gianni Schichi \u201cMio Babino Caro\u201d<br>G. Rossini (1792-1868) &#8211; O Barbeiro de Sevilha, \u201cUna voce poco fa\u201d.<br>Pietro Mascagni (1863-1945) &#8211; Cavalaria Rusticana, Intermezzo<br>G. Puccini (1858-1924) &#8211; Tosca, \u201cE lucevan le stelle\u201d<br>F. Cilea (1866-1950) &#8211; L\u2019Arlesiana, \u201cLamento di Federico\u201d<br>G. Verdi (1813-1901) &#8211; Rigoletto, \u201cLa donna \u00e8 mobile\u201d<br>J. Offenbach (1819-1880) &#8211; Contos de Hoffman, Barcarolle\u00a0<br>G. Verdi (1813-1901) &#8211; Traviata, \u201cBrindisi\u201d<\/p>\n\n\n\n<p>Criada em 2011, a Orquestra Municipal de Jundia\u00ed (OMJ) \u00e9 um corpo art\u00edstico vinculado \u00e0 Secretaria Municipal de Cultura (SMCULT). Com concertos gratuitos ao longo do ano, a orquestra atua na democratiza\u00e7\u00e3o do acesso \u00e0 m\u00fasica de concerto e na forma\u00e7\u00e3o de p\u00fablico, fortalecendo a vida cultural do munic\u00edpio.<\/p>\n\n\n\n<p><strong>Servi\u00e7o<\/strong><br>3\u00ba Concerto da OMJ &#8211; Temporada 2026<br>Data: 09 de abril de 2026<br>Local: Teatro Polytheama<br>Hor\u00e1rio:\u00a0das 20h \u00e0s 21h10<\/p>\n\n\n\n<p><em>Ingressos dispon\u00edveis nas bilheterias f\u00edsicas e totens digitais do Polytheama<\/em><\/p>\n\n\n\n<p><strong>Assessoria de Imprensa<br>Fotos: Fot\u00f3grafos PMJ<\/strong><\/p>\n","protected":false},"excerpt":{"rendered":"<p>Uma noite de m\u00fasica para celebrar a tradi\u00e7\u00e3o da cidade. No dia 9 de maio, a Orquestra Municipal de Jundia\u00ed (OMJ) realiza sua terceira apresenta\u00e7\u00e3o da temporada, sob reg\u00eancia de Claudia Feres. O concerto acontece \u00e0s 20h, no Teatro Polytheama, com entrada gratuita, em uma edi\u00e7\u00e3o especial que comemora os 100 anos da marca Cereser [&hellip;]<\/p>\n","protected":false},"author":124,"featured_media":378992,"comment_status":"closed","ping_status":"0","sticky":false,"template":"","format":"standard","meta":{"footnotes":""},"categories":[2],"tags":[275,29,307,5846],"ods":[],"class_list":["post-378991","post","type-post","status-publish","format-standard","has-post-thumbnail","hentry","category-noticias","tag-coral-municipal-de-jundiai","tag-cultura","tag-orquestra-municipal-de-jundiai","tag-secretaria-municipal-de-cultura-smcult"],"_links":{"self":[{"href":"https:\/\/jundiai.sp.gov.br\/noticias\/wp-json\/wp\/v2\/posts\/378991","targetHints":{"allow":["GET"]}}],"collection":[{"href":"https:\/\/jundiai.sp.gov.br\/noticias\/wp-json\/wp\/v2\/posts"}],"about":[{"href":"https:\/\/jundiai.sp.gov.br\/noticias\/wp-json\/wp\/v2\/types\/post"}],"author":[{"embeddable":true,"href":"https:\/\/jundiai.sp.gov.br\/noticias\/wp-json\/wp\/v2\/users\/124"}],"replies":[{"embeddable":true,"href":"https:\/\/jundiai.sp.gov.br\/noticias\/wp-json\/wp\/v2\/comments?post=378991"}],"version-history":[{"count":5,"href":"https:\/\/jundiai.sp.gov.br\/noticias\/wp-json\/wp\/v2\/posts\/378991\/revisions"}],"predecessor-version":[{"id":379020,"href":"https:\/\/jundiai.sp.gov.br\/noticias\/wp-json\/wp\/v2\/posts\/378991\/revisions\/379020"}],"wp:featuredmedia":[{"embeddable":true,"href":"https:\/\/jundiai.sp.gov.br\/noticias\/wp-json\/wp\/v2\/media\/378992"}],"wp:attachment":[{"href":"https:\/\/jundiai.sp.gov.br\/noticias\/wp-json\/wp\/v2\/media?parent=378991"}],"wp:term":[{"taxonomy":"category","embeddable":true,"href":"https:\/\/jundiai.sp.gov.br\/noticias\/wp-json\/wp\/v2\/categories?post=378991"},{"taxonomy":"post_tag","embeddable":true,"href":"https:\/\/jundiai.sp.gov.br\/noticias\/wp-json\/wp\/v2\/tags?post=378991"},{"taxonomy":"ods","embeddable":true,"href":"https:\/\/jundiai.sp.gov.br\/noticias\/wp-json\/wp\/v2\/ods?post=378991"}],"curies":[{"name":"wp","href":"https:\/\/api.w.org\/{rel}","templated":true}]}}