{"id":379015,"date":"2026-04-30T16:40:00","date_gmt":"2026-04-30T19:40:00","guid":{"rendered":"https:\/\/jundiai.sp.gov.br\/noticias\/?p=379015"},"modified":"2026-04-30T12:46:08","modified_gmt":"2026-04-30T15:46:08","slug":"encerramento-do-abril-laranja-reune-profissionais-em-palestra-tecnica-sobre-maus-tratos","status":"publish","type":"post","link":"https:\/\/jundiai.sp.gov.br\/noticias\/2026\/04\/30\/encerramento-do-abril-laranja-reune-profissionais-em-palestra-tecnica-sobre-maus-tratos\/","title":{"rendered":"Encerramento do Abril Laranja re\u00fane profissionais em palestra t\u00e9cnica sobre maus-tratos"},"content":{"rendered":"\n<p>Com audit\u00f3rio cheio e a participa\u00e7\u00e3o de profissionais de diferentes \u00e1reas, a Prefeitura de Jundia\u00ed promoveu, na noite desta quarta-feira (29), no Pa\u00e7o Municipal, uma palestra t\u00e9cnica sobre maus-tratos contra animais. A a\u00e7\u00e3o, que marcou o encerramento do Abril Laranja, reuniu m\u00e9dicos-veterin\u00e1rios, advogados, for\u00e7as de seguran\u00e7a e representantes de ONGs para discutir, de forma pr\u00e1tica, a investiga\u00e7\u00e3o e a responsabiliza\u00e7\u00e3o dos crimes, al\u00e9m de refor\u00e7ar a atua\u00e7\u00e3o integrada no enfrentamento dessas ocorr\u00eancias no munic\u00edpio.<\/p>\n\n\n\n<p>A palestra foi conduzida pela m\u00e9dica-veterin\u00e1ria e perita legal Esther Espejo, que trouxe uma abordagem t\u00e9cnica sobre a medicina veterin\u00e1ria legal e a atua\u00e7\u00e3o profissional diante de casos de maus-tratos. Segundo ela, a demanda por atendimentos e den\u00fancias tem crescido de forma significativa, seja pelo aumento dos casos, seja pela amplia\u00e7\u00e3o dos canais de den\u00fancia e pela maior conscientiza\u00e7\u00e3o da popula\u00e7\u00e3o. \u201cA sociedade cobra respostas cada vez mais r\u00e1pidas e efetivas, e isso exige preparo t\u00e9cnico de todos os envolvidos\u201d, destacou.<\/p>\n\n\n\n<figure class=\"wp-block-gallery has-nested-images columns-default is-cropped wp-block-gallery-1 is-layout-flex wp-block-gallery-is-layout-flex\">\n<figure class=\"wp-block-image size-large\"><img loading=\"lazy\" decoding=\"async\" width=\"1280\" height=\"854\" data-id=\"379071\" src=\"https:\/\/jundiai.sp.gov.br\/noticias\/wp-content\/uploads\/sites\/32\/2026\/04\/palestra_tecnica_contra_maus_tratos_animais-30-1280x854.jpg\" alt=\"\" class=\"wp-image-379071\" srcset=\"https:\/\/jundiai.sp.gov.br\/noticias\/wp-content\/uploads\/sites\/32\/2026\/04\/palestra_tecnica_contra_maus_tratos_animais-30-1280x854.jpg 1280w, https:\/\/jundiai.sp.gov.br\/noticias\/wp-content\/uploads\/sites\/32\/2026\/04\/palestra_tecnica_contra_maus_tratos_animais-30-300x200.jpg 300w, https:\/\/jundiai.sp.gov.br\/noticias\/wp-content\/uploads\/sites\/32\/2026\/04\/palestra_tecnica_contra_maus_tratos_animais-30-768x512.jpg 768w, https:\/\/jundiai.sp.gov.br\/noticias\/wp-content\/uploads\/sites\/32\/2026\/04\/palestra_tecnica_contra_maus_tratos_animais-30-1536x1024.jpg 1536w, https:\/\/jundiai.sp.gov.br\/noticias\/wp-content\/uploads\/sites\/32\/2026\/04\/palestra_tecnica_contra_maus_tratos_animais-30-450x300.jpg 450w, https:\/\/jundiai.sp.gov.br\/noticias\/wp-content\/uploads\/sites\/32\/2026\/04\/palestra_tecnica_contra_maus_tratos_animais-30.jpg 1900w\" sizes=\"auto, (max-width: 1280px) 100vw, 1280px\" \/><figcaption class=\"wp-element-caption\">A palestra foi conduzida pela m\u00e9dica-veterin\u00e1ria e perita legal Esther Espejo<\/figcaption><\/figure>\n\n\n\n<figure class=\"wp-block-image size-large\"><img loading=\"lazy\" decoding=\"async\" width=\"1280\" height=\"854\" data-id=\"379073\" src=\"https:\/\/jundiai.sp.gov.br\/noticias\/wp-content\/uploads\/sites\/32\/2026\/04\/palestra_tecnica_contra_maus_tratos_animais-7-1280x854.jpg\" alt=\"\" class=\"wp-image-379073\" srcset=\"https:\/\/jundiai.sp.gov.br\/noticias\/wp-content\/uploads\/sites\/32\/2026\/04\/palestra_tecnica_contra_maus_tratos_animais-7-1280x854.jpg 1280w, https:\/\/jundiai.sp.gov.br\/noticias\/wp-content\/uploads\/sites\/32\/2026\/04\/palestra_tecnica_contra_maus_tratos_animais-7-300x200.jpg 300w, https:\/\/jundiai.sp.gov.br\/noticias\/wp-content\/uploads\/sites\/32\/2026\/04\/palestra_tecnica_contra_maus_tratos_animais-7-768x512.jpg 768w, https:\/\/jundiai.sp.gov.br\/noticias\/wp-content\/uploads\/sites\/32\/2026\/04\/palestra_tecnica_contra_maus_tratos_animais-7-1536x1024.jpg 1536w, https:\/\/jundiai.sp.gov.br\/noticias\/wp-content\/uploads\/sites\/32\/2026\/04\/palestra_tecnica_contra_maus_tratos_animais-7-450x300.jpg 450w, https:\/\/jundiai.sp.gov.br\/noticias\/wp-content\/uploads\/sites\/32\/2026\/04\/palestra_tecnica_contra_maus_tratos_animais-7.jpg 1900w\" sizes=\"auto, (max-width: 1280px) 100vw, 1280px\" \/><figcaption class=\"wp-element-caption\">Evento re\u00fane profissionais em palestra t\u00e9cnica sobre maus-tratos<\/figcaption><\/figure>\n\n\n\n<figure class=\"wp-block-image size-large\"><img loading=\"lazy\" decoding=\"async\" width=\"1280\" height=\"854\" data-id=\"379072\" src=\"https:\/\/jundiai.sp.gov.br\/noticias\/wp-content\/uploads\/sites\/32\/2026\/04\/palestra_tecnica_contra_maus_tratos_animais-1-1280x854.jpg\" alt=\"\" class=\"wp-image-379072\" srcset=\"https:\/\/jundiai.sp.gov.br\/noticias\/wp-content\/uploads\/sites\/32\/2026\/04\/palestra_tecnica_contra_maus_tratos_animais-1-1280x854.jpg 1280w, https:\/\/jundiai.sp.gov.br\/noticias\/wp-content\/uploads\/sites\/32\/2026\/04\/palestra_tecnica_contra_maus_tratos_animais-1-300x200.jpg 300w, https:\/\/jundiai.sp.gov.br\/noticias\/wp-content\/uploads\/sites\/32\/2026\/04\/palestra_tecnica_contra_maus_tratos_animais-1-768x512.jpg 768w, https:\/\/jundiai.sp.gov.br\/noticias\/wp-content\/uploads\/sites\/32\/2026\/04\/palestra_tecnica_contra_maus_tratos_animais-1-1536x1024.jpg 1536w, https:\/\/jundiai.sp.gov.br\/noticias\/wp-content\/uploads\/sites\/32\/2026\/04\/palestra_tecnica_contra_maus_tratos_animais-1-450x300.jpg 450w, https:\/\/jundiai.sp.gov.br\/noticias\/wp-content\/uploads\/sites\/32\/2026\/04\/palestra_tecnica_contra_maus_tratos_animais-1.jpg 1900w\" sizes=\"auto, (max-width: 1280px) 100vw, 1280px\" \/><figcaption class=\"wp-element-caption\">Abril Laranja refor\u00e7ou a\u00e7\u00f5es a\u00e7\u00f5es de conscientiza\u00e7\u00e3o do bem-estar animal<\/figcaption><\/figure>\n<\/figure>\n\n\n\n<p>A diretora do Departamento de Bem-Estar Animal (DEBEA), Francine Galeotti, durante a abertura, ressaltou a import\u00e2ncia da integra\u00e7\u00e3o entre fiscaliza\u00e7\u00e3o e for\u00e7as de seguran\u00e7a para garantir a responsabiliza\u00e7\u00e3o dos autores. Ela tamb\u00e9m destacou que o DEBEA mant\u00e9m servi\u00e7o ativo de fiscaliza\u00e7\u00e3o de maus-tratos no munic\u00edpio, com atua\u00e7\u00e3o cont\u00ednua. \u201cO combate n\u00e3o tem hora para acontecer. Estamos \u00e0 disposi\u00e7\u00e3o para agir sempre que necess\u00e1rio, inclusive em per\u00edodos noturnos, finais de semana e feriados\u201d, completou.<\/p>\n\n\n\n<p>A organizadora do encontro, Alessandra Prandi, chamou aten\u00e7\u00e3o para a import\u00e2ncia da atua\u00e7\u00e3o articulada entre diferentes \u00e1reas, especialmente na produ\u00e7\u00e3o de provas e no encaminhamento dos casos. Ela tamb\u00e9m destacou desafios enfrentados pelas ONGs e protetores, como a necessidade de apoio jur\u00eddico especializado. \u201cSe um elo dessa cadeia falha, todo o trabalho pode ser comprometido\u201d, disse.<\/p>\n\n\n\n<p>O delegado titular do 2\u00ba Distrito Policial de Jundia\u00ed, Pedro Henrique Craveiro, refor\u00e7ou a relev\u00e2ncia do trabalho conjunto para o avan\u00e7o das investiga\u00e7\u00f5es. Segundo ele, a legisla\u00e7\u00e3o mais recente trouxe puni\u00e7\u00f5es mais severas para crimes de maus-tratos, ampliando as possibilidades de responsabiliza\u00e7\u00e3o. \u201cHoje temos mais instrumentos para responsabilizar os autores, mas isso depende diretamente da qualidade das provas e da integra\u00e7\u00e3o entre os \u00f3rg\u00e3os\u201d, explicou.<\/p>\n\n\n\n<p>Ao final, tamb\u00e9m estiveram presentes o promotor de Justi\u00e7a Dr. Claudemir Batalin e o promotor de Justi\u00e7a Dr. C\u00e1ssio Murilo Schiavo, al\u00e9m da dra. V\u00e2nia Plaza Nunes, diretora t\u00e9cnica do F\u00f3rum Animal, representando as ONGs; da veterin\u00e1ria do Instituto Ampara Animal, Alessandra Benedeti; do vereador Jo\u00e3o Victor e de outros representantes do poder p\u00fablico e da sociedade civil.<\/p>\n\n\n\n<p>As a\u00e7\u00f5es de conscientiza\u00e7\u00e3o e combate aos maus-tratos seguem ao longo do ano no munic\u00edpio, com iniciativas permanentes de fiscaliza\u00e7\u00e3o, educa\u00e7\u00e3o e articula\u00e7\u00e3o entre os \u00f3rg\u00e3os p\u00fablicos e a sociedade civil.<\/p>\n\n\n\n<figure class=\"wp-block-image size-full\"><img loading=\"lazy\" decoding=\"async\" width=\"1280\" height=\"295\" src=\"https:\/\/jundiai.sp.gov.br\/noticias\/wp-content\/uploads\/sites\/32\/2026\/04\/image-8.png\" alt=\"\" class=\"wp-image-379078\" srcset=\"https:\/\/jundiai.sp.gov.br\/noticias\/wp-content\/uploads\/sites\/32\/2026\/04\/image-8.png 1280w, https:\/\/jundiai.sp.gov.br\/noticias\/wp-content\/uploads\/sites\/32\/2026\/04\/image-8-300x69.png 300w, https:\/\/jundiai.sp.gov.br\/noticias\/wp-content\/uploads\/sites\/32\/2026\/04\/image-8-768x177.png 768w\" sizes=\"auto, (max-width: 1280px) 100vw, 1280px\" \/><\/figure>\n\n\n\n<p><strong>Assessoria de Imprensa<br>Fotos: Fot\u00f3grafo PMJ<\/strong><\/p>\n","protected":false},"excerpt":{"rendered":"<p>Com audit\u00f3rio cheio e a participa\u00e7\u00e3o de profissionais de diferentes \u00e1reas, a Prefeitura de Jundia\u00ed promoveu, na noite desta quarta-feira (29), no Pa\u00e7o Municipal, uma palestra t\u00e9cnica sobre maus-tratos contra animais. A a\u00e7\u00e3o, que marcou o encerramento do Abril Laranja, reuniu m\u00e9dicos-veterin\u00e1rios, advogados, for\u00e7as de seguran\u00e7a e representantes de ONGs para discutir, de forma pr\u00e1tica, [&hellip;]<\/p>\n","protected":false},"author":124,"featured_media":379072,"comment_status":"closed","ping_status":"0","sticky":false,"template":"","format":"standard","meta":{"footnotes":""},"categories":[2],"tags":[1663,5733],"ods":[],"class_list":["post-379015","post","type-post","status-publish","format-standard","has-post-thumbnail","hentry","category-noticias","tag-bem-estar-animal","tag-departamento-de-bem-estar-animal-debea"],"_links":{"self":[{"href":"https:\/\/jundiai.sp.gov.br\/noticias\/wp-json\/wp\/v2\/posts\/379015","targetHints":{"allow":["GET"]}}],"collection":[{"href":"https:\/\/jundiai.sp.gov.br\/noticias\/wp-json\/wp\/v2\/posts"}],"about":[{"href":"https:\/\/jundiai.sp.gov.br\/noticias\/wp-json\/wp\/v2\/types\/post"}],"author":[{"embeddable":true,"href":"https:\/\/jundiai.sp.gov.br\/noticias\/wp-json\/wp\/v2\/users\/124"}],"replies":[{"embeddable":true,"href":"https:\/\/jundiai.sp.gov.br\/noticias\/wp-json\/wp\/v2\/comments?post=379015"}],"version-history":[{"count":5,"href":"https:\/\/jundiai.sp.gov.br\/noticias\/wp-json\/wp\/v2\/posts\/379015\/revisions"}],"predecessor-version":[{"id":379079,"href":"https:\/\/jundiai.sp.gov.br\/noticias\/wp-json\/wp\/v2\/posts\/379015\/revisions\/379079"}],"wp:featuredmedia":[{"embeddable":true,"href":"https:\/\/jundiai.sp.gov.br\/noticias\/wp-json\/wp\/v2\/media\/379072"}],"wp:attachment":[{"href":"https:\/\/jundiai.sp.gov.br\/noticias\/wp-json\/wp\/v2\/media?parent=379015"}],"wp:term":[{"taxonomy":"category","embeddable":true,"href":"https:\/\/jundiai.sp.gov.br\/noticias\/wp-json\/wp\/v2\/categories?post=379015"},{"taxonomy":"post_tag","embeddable":true,"href":"https:\/\/jundiai.sp.gov.br\/noticias\/wp-json\/wp\/v2\/tags?post=379015"},{"taxonomy":"ods","embeddable":true,"href":"https:\/\/jundiai.sp.gov.br\/noticias\/wp-json\/wp\/v2\/ods?post=379015"}],"curies":[{"name":"wp","href":"https:\/\/api.w.org\/{rel}","templated":true}]}}